{"id":10131,"date":"2018-12-14T08:55:16","date_gmt":"2018-12-14T07:55:16","guid":{"rendered":"http:\/\/www.ecolesaintvincentdepaul-arles.fr\/?p=10131"},"modified":"2019-01-02T08:13:25","modified_gmt":"2019-01-02T07:13:25","slug":"autour-des-contes-en-ce1","status":"publish","type":"post","link":"https:\/\/www.ecolesaintvincentdepaul-arles.fr\/?p=10131","title":{"rendered":"Autour des contes en CE1."},"content":{"rendered":"\n<p>Les \u00e9l\u00e8ves ont d\u00e9couvert ou red\u00e9couvert quatre contes de Charles Perrault&nbsp;: Riquet \u00e0 la houppe, Barbe-Bleue, Le Chat bott\u00e9 et Peau d\u2019\u00c2ne. Les objectifs vis\u00e9s sont les suivants&nbsp;:<\/p>\n\n\n\n<ul class=\"wp-block-list\"><li><strong>Conserver une\n\tattention soutenue<\/strong> pour comprendre un texte\n\tlu par l\u2019enseignante.\n\t<\/li><li><strong>Travailler\n\tl\u2019expression orale<\/strong> en produisant des\n\t\u00e9nonc\u00e9s clairs pour raconter ou expliquer les contes \u00e9tudi\u00e9s.\t\n\t<\/li><li><strong>Construire une\n\tculture commune des contes patrimoniaux.<\/strong> Les\n\t\u00e9l\u00e8ves ont gard\u00e9 une trace de chaque conte en notant le nom de\n\tl\u2019auteur, le titre et en dessinant un moment du r\u00e9cit ou les\n\tpersonnages principaux.\n<\/li><\/ul>\n\n\n\n<ul class=\"wp-block-gallery columns-2 is-cropped wp-block-gallery-1 is-layout-flex wp-block-gallery-is-layout-flex\"><li class=\"blocks-gallery-item\"><figure><img loading=\"lazy\" decoding=\"async\" width=\"684\" height=\"513\" src=\"http:\/\/www.ecolesaintvincentdepaul-arles.fr\/wp-content\/uploads\/2018\/12\/CE1.jpg\" alt=\"\" data-id=\"10136\" data-link=\"http:\/\/www.ecolesaintvincentdepaul-arles.fr\/?attachment_id=10136\" class=\"wp-image-10136\" srcset=\"https:\/\/www.ecolesaintvincentdepaul-arles.fr\/wp-content\/uploads\/2018\/12\/CE1.jpg 684w, https:\/\/www.ecolesaintvincentdepaul-arles.fr\/wp-content\/uploads\/2018\/12\/CE1-300x225.jpg 300w, https:\/\/www.ecolesaintvincentdepaul-arles.fr\/wp-content\/uploads\/2018\/12\/CE1-600x450.jpg 600w, https:\/\/www.ecolesaintvincentdepaul-arles.fr\/wp-content\/uploads\/2018\/12\/CE1-250x188.jpg 250w\" sizes=\"auto, (max-width: 684px) 100vw, 684px\" \/><\/figure><\/li><li class=\"blocks-gallery-item\"><figure><img loading=\"lazy\" decoding=\"async\" width=\"688\" height=\"516\" src=\"http:\/\/www.ecolesaintvincentdepaul-arles.fr\/wp-content\/uploads\/2018\/12\/CE1A-e1544773916958.jpg\" alt=\"\" data-id=\"10135\" data-link=\"http:\/\/www.ecolesaintvincentdepaul-arles.fr\/?attachment_id=10135\" class=\"wp-image-10135\" srcset=\"https:\/\/www.ecolesaintvincentdepaul-arles.fr\/wp-content\/uploads\/2018\/12\/CE1A-e1544773916958.jpg 688w, https:\/\/www.ecolesaintvincentdepaul-arles.fr\/wp-content\/uploads\/2018\/12\/CE1A-e1544773916958-300x225.jpg 300w, https:\/\/www.ecolesaintvincentdepaul-arles.fr\/wp-content\/uploads\/2018\/12\/CE1A-e1544773916958-250x188.jpg 250w, https:\/\/www.ecolesaintvincentdepaul-arles.fr\/wp-content\/uploads\/2018\/12\/CE1A-e1544773916958-600x450.jpg 600w\" sizes=\"auto, (max-width: 688px) 100vw, 688px\" \/><\/figure><\/li><\/ul>\n\n\n\n<ul class=\"wp-block-gallery columns-2 is-cropped wp-block-gallery-2 is-layout-flex wp-block-gallery-is-layout-flex\"><li class=\"blocks-gallery-item\"><figure><img loading=\"lazy\" decoding=\"async\" width=\"436\" height=\"581\" src=\"http:\/\/www.ecolesaintvincentdepaul-arles.fr\/wp-content\/uploads\/2018\/12\/CE1B-e1544773931926.jpg\" alt=\"\" data-id=\"10134\" data-link=\"http:\/\/www.ecolesaintvincentdepaul-arles.fr\/?attachment_id=10134\" class=\"wp-image-10134\" srcset=\"https:\/\/www.ecolesaintvincentdepaul-arles.fr\/wp-content\/uploads\/2018\/12\/CE1B-e1544773931926.jpg 436w, https:\/\/www.ecolesaintvincentdepaul-arles.fr\/wp-content\/uploads\/2018\/12\/CE1B-e1544773931926-225x300.jpg 225w, https:\/\/www.ecolesaintvincentdepaul-arles.fr\/wp-content\/uploads\/2018\/12\/CE1B-e1544773931926-250x333.jpg 250w\" sizes=\"auto, (max-width: 436px) 100vw, 436px\" \/><\/figure><\/li><li class=\"blocks-gallery-item\"><figure><img loading=\"lazy\" decoding=\"async\" width=\"937\" height=\"579\" src=\"http:\/\/www.ecolesaintvincentdepaul-arles.fr\/wp-content\/uploads\/2018\/12\/CE1C-e1544773961480.jpg\" alt=\"\" data-id=\"10133\" data-link=\"http:\/\/www.ecolesaintvincentdepaul-arles.fr\/?attachment_id=10133\" class=\"wp-image-10133\" srcset=\"https:\/\/www.ecolesaintvincentdepaul-arles.fr\/wp-content\/uploads\/2018\/12\/CE1C-e1544773961480.jpg 937w, https:\/\/www.ecolesaintvincentdepaul-arles.fr\/wp-content\/uploads\/2018\/12\/CE1C-e1544773961480-300x185.jpg 300w, https:\/\/www.ecolesaintvincentdepaul-arles.fr\/wp-content\/uploads\/2018\/12\/CE1C-e1544773961480-250x154.jpg 250w, https:\/\/www.ecolesaintvincentdepaul-arles.fr\/wp-content\/uploads\/2018\/12\/CE1C-e1544773961480-768x475.jpg 768w, https:\/\/www.ecolesaintvincentdepaul-arles.fr\/wp-content\/uploads\/2018\/12\/CE1C-e1544773961480-600x371.jpg 600w\" sizes=\"auto, (max-width: 937px) 100vw, 937px\" \/><\/figure><\/li><\/ul>\n\n\n\n<ul class=\"wp-block-list\"><li><strong>Discuter<\/strong>\n\tpour voir une approche du juste, de l\u2019injuste, du bien, du mal,\n\tdes pr\u00e9jug\u00e9s et des st\u00e9r\u00e9otypes \u00e0 partir des situations\n\timaginaires d\u00e9velopp\u00e9es dans ces contes. \n\t\n<\/li><\/ul>\n","protected":false},"excerpt":{"rendered":"<p>Les \u00e9l\u00e8ves ont d\u00e9couvert ou red\u00e9couvert quatre contes de Charles Perrault&nbsp;: Riquet \u00e0 la houppe, Barbe-Bleue, Le Chat bott\u00e9 et Peau d\u2019\u00c2ne. Les objectifs vis\u00e9s sont les suivants&nbsp;: Conserver une attention soutenue pour comprendre un texte lu par l\u2019enseignante. Travailler &hellip; <a href=\"https:\/\/www.ecolesaintvincentdepaul-arles.fr\/?p=10131\">Continuer la lecture <span class=\"meta-nav\">&rarr;<\/span><\/a><\/p>\n","protected":false},"author":5,"featured_media":0,"comment_status":"closed","ping_status":"closed","sticky":false,"template":"","format":"standard","meta":{"footnotes":""},"categories":[18,63],"tags":[],"class_list":["post-10131","post","type-post","status-publish","format-standard","hentry","category-ce1","category-ecole-elementaire"],"_links":{"self":[{"href":"https:\/\/www.ecolesaintvincentdepaul-arles.fr\/index.php?rest_route=\/wp\/v2\/posts\/10131","targetHints":{"allow":["GET"]}}],"collection":[{"href":"https:\/\/www.ecolesaintvincentdepaul-arles.fr\/index.php?rest_route=\/wp\/v2\/posts"}],"about":[{"href":"https:\/\/www.ecolesaintvincentdepaul-arles.fr\/index.php?rest_route=\/wp\/v2\/types\/post"}],"author":[{"embeddable":true,"href":"https:\/\/www.ecolesaintvincentdepaul-arles.fr\/index.php?rest_route=\/wp\/v2\/users\/5"}],"replies":[{"embeddable":true,"href":"https:\/\/www.ecolesaintvincentdepaul-arles.fr\/index.php?rest_route=%2Fwp%2Fv2%2Fcomments&post=10131"}],"version-history":[{"count":0,"href":"https:\/\/www.ecolesaintvincentdepaul-arles.fr\/index.php?rest_route=\/wp\/v2\/posts\/10131\/revisions"}],"wp:attachment":[{"href":"https:\/\/www.ecolesaintvincentdepaul-arles.fr\/index.php?rest_route=%2Fwp%2Fv2%2Fmedia&parent=10131"}],"wp:term":[{"taxonomy":"category","embeddable":true,"href":"https:\/\/www.ecolesaintvincentdepaul-arles.fr\/index.php?rest_route=%2Fwp%2Fv2%2Fcategories&post=10131"},{"taxonomy":"post_tag","embeddable":true,"href":"https:\/\/www.ecolesaintvincentdepaul-arles.fr\/index.php?rest_route=%2Fwp%2Fv2%2Ftags&post=10131"}],"curies":[{"name":"wp","href":"https:\/\/api.w.org\/{rel}","templated":true}]}}