{"id":10517,"date":"2019-02-01T16:07:10","date_gmt":"2019-02-01T15:07:10","guid":{"rendered":"http:\/\/www.ecolesaintvincentdepaul-arles.fr\/?p=10517"},"modified":"2020-10-30T17:28:07","modified_gmt":"2020-10-30T16:28:07","slug":"periode-3-en-tps-ps","status":"publish","type":"post","link":"https:\/\/www.ecolesaintvincentdepaul-arles.fr\/?p=10517","title":{"rendered":"P\u00e9riode 3 en TPS\/PS."},"content":{"rendered":"\n<figure class=\"wp-block-gallery columns-2 is-cropped wp-block-gallery-1 is-layout-flex wp-block-gallery-is-layout-flex\"><ul class=\"blocks-gallery-grid\"><li class=\"blocks-gallery-item\"><figure><img loading=\"lazy\" decoding=\"async\" width=\"250\" height=\"140\" src=\"http:\/\/www.ecolesaintvincentdepaul-arles.fr\/wp-content\/uploads\/2019\/02\/1-1.jpg\" alt=\"\" data-id=\"10522\" data-link=\"http:\/\/www.ecolesaintvincentdepaul-arles.fr\/?attachment_id=10522\" class=\"wp-image-10522\"\/><\/figure><\/li><li class=\"blocks-gallery-item\"><figure><img loading=\"lazy\" decoding=\"async\" width=\"999\" height=\"749\" src=\"http:\/\/www.ecolesaintvincentdepaul-arles.fr\/wp-content\/uploads\/2019\/02\/2-1.jpg\" alt=\"\" data-id=\"10523\" data-link=\"http:\/\/www.ecolesaintvincentdepaul-arles.fr\/?attachment_id=10523\" class=\"wp-image-10523\" srcset=\"https:\/\/www.ecolesaintvincentdepaul-arles.fr\/wp-content\/uploads\/2019\/02\/2-1.jpg 999w, https:\/\/www.ecolesaintvincentdepaul-arles.fr\/wp-content\/uploads\/2019\/02\/2-1-300x225.jpg 300w, https:\/\/www.ecolesaintvincentdepaul-arles.fr\/wp-content\/uploads\/2019\/02\/2-1-768x576.jpg 768w, https:\/\/www.ecolesaintvincentdepaul-arles.fr\/wp-content\/uploads\/2019\/02\/2-1-600x450.jpg 600w, https:\/\/www.ecolesaintvincentdepaul-arles.fr\/wp-content\/uploads\/2019\/02\/2-1-250x187.jpg 250w\" sizes=\"auto, (max-width: 999px) 100vw, 999px\" \/><\/figure><\/li><\/ul><\/figure>\n\n\n\n<p><strong>Les rituels du matin \u00e0 notre arriv\u00e9e <\/strong>se d\u00e9roulent de mieux en mieux. Dans l\u2019ensemble, nous rangeons de plus en plus vite nos affaires pour vite aller jouer\u2026<\/p>\n\n\n\n<p>D\u00e8s\nla deuxi\u00e8me semaine de janvier, nous avons tous r\u00e9ussi \u00e0 retrouver\nnotre \u00e9tiquette \u00ab&nbsp;pr\u00e9nom&nbsp;\u00bb en la cherchant du c\u00f4t\u00e9\n\u00e9criture (B\u00e2ton)&nbsp;; aussi la ma\u00eetresse nous a rajout\u00e9 sur\nl\u2019\u00e9tiquette, notre pr\u00e9nom dans une nouvelle \u00e9criture (scripte)\nafin de nous familiariser avec cette derni\u00e8re. \n<\/p>\n\n\n\n<p>Apr\u00e8s\nnotre temps de jeux, nous allons nous installer dans la salle dortoir\npour <strong>nos\ndeuxi\u00e8mes rituels du matin<\/strong>&nbsp;:<\/p>\n\n\n\n<p>Avec\nla ma\u00eetresse nous avons poursuivi les m\u00eames rituels qu\u2019\u00e0 la\np\u00e9riode pr\u00e9c\u00e9dente&nbsp;: <strong>l\u2019appel,\nla date <\/strong>(avec\nun ajout&nbsp;: le calendrier mensuel sur lequel un d\u2019entre nous\nbarre d\u2019une croix la case correspondant \u00e0 notre jour de classe),\n<strong>la m\u00e9t\u00e9o,\nle train des mois et des anniversaires, les saisons\u2026 <\/strong>\n<\/p>\n\n\n\n<p>Enfin,\nnous terminons par nos comptines et chansons sur le <strong>th\u00e8me\nde l\u2019hiver<\/strong>,\n<strong>l\u2019\u00e9piphanie<\/strong>&nbsp;:\n\u00ab&nbsp;Petite f\u00e8ve&nbsp;\u00bb, \u00ab&nbsp;Comptine \u00e0 compter pour\ndevenir roi&nbsp;\u00bb et la chanson \u00ab&nbsp;La bonne galette&nbsp;\u00bb\n(chant et d\u00e9couverte d\u2019instruments de musique&nbsp;: le cor, la\nharpe et les claves).<\/p>\n\n\n\n<p>Pendant\nun nouveau passage aux toilettes en demi-groupe avec C\u00e9line et\nMagali, la ma\u00eetresse nous offre la <strong>lecture\nd\u2019un album.<\/strong><\/p>\n\n\n\n<p>Lors de cette p\u00e9riode, elle nous a lu des albums ou documentaires sur des th\u00e8mes vari\u00e9s&nbsp;: <strong>l\u2019hiver, le p\u00f4le Nord, la banquise, les animaux de l\u2019album \u00ab&nbsp;A trois on a moins froid&nbsp;\u00bb et ceux qui vivent sur la banquise&nbsp;!<\/strong><\/p>\n\n\n\n<div class=\"wp-block-image\"><figure class=\"alignleft is-resized\"><img loading=\"lazy\" decoding=\"async\" src=\"http:\/\/www.ecolesaintvincentdepaul-arles.fr\/wp-content\/uploads\/2019\/02\/3-1.jpg\" alt=\"\" class=\"wp-image-10524\" width=\"86\" height=\"94\"\/><\/figure><\/div>\n\n\n\n<p>Histoire\nofferte par la ma\u00eetresse qui parle du froid de l\u2019hiver\u2026 de\nl\u2019amiti\u00e9, de l\u2019entraide\u2026<br><br>\n<\/p>\n\n\n\n<p>Nous continuons notre matin\u00e9e, par le <strong>travail en ATELIERS dirig\u00e9s.<\/strong><\/p>\n\n\n\n<div class=\"wp-block-image\"><figure class=\"alignright is-resized\"><img loading=\"lazy\" decoding=\"async\" src=\"http:\/\/www.ecolesaintvincentdepaul-arles.fr\/wp-content\/uploads\/2019\/02\/4-1-150x150.jpg\" alt=\"\" class=\"wp-image-10525\" width=\"125\" height=\"125\"\/><\/figure><\/div>\n\n\n\n<p><strong>Dans le prolongement de l\u2019album Tout Rond, nous allons travailler sur notre projet de cycle \u00ab&nbsp;Concerto de la banquise \u00e0 la Savane&nbsp;\u00bb, \u00e0 partir de l\u2019album \u00ab&nbsp;SNOW LE PETIT ESQUIMAU&nbsp;\u00bb<\/strong><\/p>\n\n\n\n<p>Nous\navons travaill\u00e9 diff\u00e9rents domaines et comp\u00e9tences&nbsp;: \n<\/p>\n\n\n\n<ul class=\"wp-block-list\"><li><strong>Mobiliser\n\tle langage dans toutes ses dimensions&nbsp;: ORAL et ECRIT<\/strong>\n<\/li><\/ul>\n\n\n\n<p>&#8211;\nEcouter une histoire courte racont\u00e9e par l\u2019enseignant<\/p>\n\n\n\n<p>&#8211;\nComprendre une histoire courte et simple<\/p>\n\n\n\n<p>&#8211;\nDistinguer le livre d\u2019un autre support&nbsp;: rep\u00e9rer le titre et\nl\u2019entourer<\/p>\n\n\n\n<p>&#8211;\nReformuler une histoire avec ou sans support<\/p>\n\n\n\n<ul class=\"wp-block-list\"><li><strong>Agir,\n\ts\u2019exprimer, comprendre, \u00e0 travers des activit\u00e9s artistiques<\/strong>\n<\/li><\/ul>\n\n\n\n<p><strong>Avec nos camarades de MS et GS, nous allons cr\u00e9er une BANQUISE en 3D\u2026 Nous avons choisi de travailler plus particuli\u00e8rement sur les animaux du p\u00f4le Nord. <\/strong>Nous venons de terminer nos pingouins et allons continuer par la r\u00e9alisation d\u2019une queue de baleine, d\u2019ours polaires, de morses et de phoques.<\/p>\n\n\n\n<figure class=\"wp-block-gallery columns-2 is-cropped wp-block-gallery-2 is-layout-flex wp-block-gallery-is-layout-flex\"><ul class=\"blocks-gallery-grid\"><li class=\"blocks-gallery-item\"><figure><img loading=\"lazy\" decoding=\"async\" width=\"1024\" height=\"768\" src=\"http:\/\/www.ecolesaintvincentdepaul-arles.fr\/wp-content\/uploads\/2019\/02\/5-1-1024x768.jpg\" alt=\"\" data-id=\"10526\" data-link=\"http:\/\/www.ecolesaintvincentdepaul-arles.fr\/?attachment_id=10526\" class=\"wp-image-10526\" srcset=\"https:\/\/www.ecolesaintvincentdepaul-arles.fr\/wp-content\/uploads\/2019\/02\/5-1-1024x768.jpg 1024w, https:\/\/www.ecolesaintvincentdepaul-arles.fr\/wp-content\/uploads\/2019\/02\/5-1-300x225.jpg 300w, https:\/\/www.ecolesaintvincentdepaul-arles.fr\/wp-content\/uploads\/2019\/02\/5-1-768x576.jpg 768w, https:\/\/www.ecolesaintvincentdepaul-arles.fr\/wp-content\/uploads\/2019\/02\/5-1-600x450.jpg 600w, https:\/\/www.ecolesaintvincentdepaul-arles.fr\/wp-content\/uploads\/2019\/02\/5-1-250x188.jpg 250w, https:\/\/www.ecolesaintvincentdepaul-arles.fr\/wp-content\/uploads\/2019\/02\/5-1-1320x990.jpg 1320w, https:\/\/www.ecolesaintvincentdepaul-arles.fr\/wp-content\/uploads\/2019\/02\/5-1.jpg 1386w\" sizes=\"auto, (max-width: 1024px) 100vw, 1024px\" \/><\/figure><\/li><li class=\"blocks-gallery-item\"><figure><img loading=\"lazy\" decoding=\"async\" width=\"1024\" height=\"768\" src=\"http:\/\/www.ecolesaintvincentdepaul-arles.fr\/wp-content\/uploads\/2019\/02\/6-1024x768.jpg\" alt=\"\" data-id=\"10527\" data-link=\"http:\/\/www.ecolesaintvincentdepaul-arles.fr\/?attachment_id=10527\" class=\"wp-image-10527\" srcset=\"https:\/\/www.ecolesaintvincentdepaul-arles.fr\/wp-content\/uploads\/2019\/02\/6-1024x768.jpg 1024w, https:\/\/www.ecolesaintvincentdepaul-arles.fr\/wp-content\/uploads\/2019\/02\/6-300x225.jpg 300w, https:\/\/www.ecolesaintvincentdepaul-arles.fr\/wp-content\/uploads\/2019\/02\/6-768x576.jpg 768w, https:\/\/www.ecolesaintvincentdepaul-arles.fr\/wp-content\/uploads\/2019\/02\/6-600x450.jpg 600w, https:\/\/www.ecolesaintvincentdepaul-arles.fr\/wp-content\/uploads\/2019\/02\/6-250x187.jpg 250w, https:\/\/www.ecolesaintvincentdepaul-arles.fr\/wp-content\/uploads\/2019\/02\/6-1320x990.jpg 1320w, https:\/\/www.ecolesaintvincentdepaul-arles.fr\/wp-content\/uploads\/2019\/02\/6.jpg 1386w\" sizes=\"auto, (max-width: 1024px) 100vw, 1024px\" \/><\/figure><\/li><\/ul><\/figure>\n\n\n\n<p><strong>Travail\nsur l\u2019eau et la glace<\/strong><\/p>\n\n\n\n<ul class=\"wp-block-list\"><li><strong>Commencer\n\t\u00e0 prendre sa place dans les \u00e9changes<\/strong>\n\t<\/li><li><strong>S\u2019exprimer\n\tavec des phrases <\/strong>\n\t\n<\/li><\/ul>\n\n\n\n<p>S\u00e9ances de langage&nbsp;: &#8211;  O\u00f9 trouve-t-on de l\u2019eau et \u00e0 quoi sert-elle&nbsp;?<\/p>\n\n\n\n<p> &#8211; La banquise (d\u00e9couverte dans l\u2019album approfondissement \u00e0 partir de                           divers documentaires)<\/p>\n\n\n\n<p>      \n                          &#8211;\nFabrication de gla\u00e7ons<\/p>\n\n\n\n<p><strong>Rencontre\nde Gr\u00e9gory, musicien, pour une premi\u00e8re s\u00e9ance (Projet de cycle)<\/strong><\/p>\n\n\n\n<p>Nous\navons avec lui&nbsp;:<\/p>\n\n\n\n<p>&#8211;\nd\u00e9couvert \u00e0 partir d\u2019un instrument la guitare, qu\u2019il existait\ndes familles d\u2019instruments (\u00e0 corde, \u00e0 vent\u2026) et des actions\n(pincer, souffler, taper\u2026) qui nous permettent de jouer de la\nmusique.<\/p>\n\n\n\n<p>&#8211;\nd\u00e9couvert le m\u00e9tronome&nbsp;: nous avons suivi son rythme en tapant\ndes mains, sur nos genoux\u2026<\/p>\n\n\n\n<p>&#8211; nous avons \u00e9t\u00e9 surpris d\u2019apprendre qu\u2019il \u00e9tait possible de faire de la musique avec un sac en plastique, des couvercles de conserves, des bouteilles en plastique, en tapant sur le banc en bois\u2026<\/p>\n\n\n\n<figure class=\"wp-block-gallery columns-2 is-cropped wp-block-gallery-3 is-layout-flex wp-block-gallery-is-layout-flex\"><ul class=\"blocks-gallery-grid\"><li class=\"blocks-gallery-item\"><figure><img loading=\"lazy\" decoding=\"async\" width=\"969\" height=\"727\" src=\"http:\/\/www.ecolesaintvincentdepaul-arles.fr\/wp-content\/uploads\/2019\/02\/7.jpg\" alt=\"\" data-id=\"10528\" data-link=\"http:\/\/www.ecolesaintvincentdepaul-arles.fr\/?attachment_id=10528\" class=\"wp-image-10528\" srcset=\"https:\/\/www.ecolesaintvincentdepaul-arles.fr\/wp-content\/uploads\/2019\/02\/7.jpg 969w, https:\/\/www.ecolesaintvincentdepaul-arles.fr\/wp-content\/uploads\/2019\/02\/7-300x225.jpg 300w, https:\/\/www.ecolesaintvincentdepaul-arles.fr\/wp-content\/uploads\/2019\/02\/7-768x576.jpg 768w, https:\/\/www.ecolesaintvincentdepaul-arles.fr\/wp-content\/uploads\/2019\/02\/7-600x450.jpg 600w, https:\/\/www.ecolesaintvincentdepaul-arles.fr\/wp-content\/uploads\/2019\/02\/7-250x188.jpg 250w\" sizes=\"auto, (max-width: 969px) 100vw, 969px\" \/><\/figure><\/li><li class=\"blocks-gallery-item\"><figure><img loading=\"lazy\" decoding=\"async\" width=\"953\" height=\"716\" src=\"http:\/\/www.ecolesaintvincentdepaul-arles.fr\/wp-content\/uploads\/2019\/02\/8.jpg\" alt=\"\" data-id=\"10529\" data-link=\"http:\/\/www.ecolesaintvincentdepaul-arles.fr\/?attachment_id=10529\" class=\"wp-image-10529\" srcset=\"https:\/\/www.ecolesaintvincentdepaul-arles.fr\/wp-content\/uploads\/2019\/02\/8.jpg 953w, https:\/\/www.ecolesaintvincentdepaul-arles.fr\/wp-content\/uploads\/2019\/02\/8-300x225.jpg 300w, https:\/\/www.ecolesaintvincentdepaul-arles.fr\/wp-content\/uploads\/2019\/02\/8-768x577.jpg 768w, https:\/\/www.ecolesaintvincentdepaul-arles.fr\/wp-content\/uploads\/2019\/02\/8-600x451.jpg 600w, https:\/\/www.ecolesaintvincentdepaul-arles.fr\/wp-content\/uploads\/2019\/02\/8-250x188.jpg 250w\" sizes=\"auto, (max-width: 953px) 100vw, 953px\" \/><\/figure><\/li><\/ul><\/figure>\n\n\n\n<ul class=\"wp-block-list\"><li><strong>Explorer\n\tle monde&nbsp;: Percevoir la succession des saisons<\/strong>\n<\/li><\/ul>\n\n\n\n<p><strong>&#8211; D\u00e9couvrir une nouvelle saison l\u2019hiver et ses cons\u00e9quences sur la nature<\/strong><\/p>\n\n\n\n<p>Nous\navons reconstitu\u00e9 un bonhomme de neige en deux parties (le corps, la\nt\u00eate). Apr\u00e8s avoir d\u00e9taill\u00e9 les diff\u00e9rentes parties du visage,\nnous lui avons coll\u00e9 deux yeux, un nez et dessin\u00e9 une bouche, puis\ncolori\u00e9 son chapeau.  Les TPS ont colori\u00e9 le chapeau au pav\u00e9 et\nles PS au feutre.<\/p>\n\n\n\n<p><em>(travail rendu pour les TPS \u2013 Cahier du Bonhomme avec toutes les r\u00e9alisations donn\u00e9 en fin d\u2019ann\u00e9e au PS)<\/em><\/p>\n\n\n\n<figure class=\"wp-block-gallery columns-2 is-cropped wp-block-gallery-4 is-layout-flex wp-block-gallery-is-layout-flex\"><ul class=\"blocks-gallery-grid\"><li class=\"blocks-gallery-item\"><figure><img loading=\"lazy\" decoding=\"async\" width=\"1024\" height=\"768\" src=\"http:\/\/www.ecolesaintvincentdepaul-arles.fr\/wp-content\/uploads\/2019\/02\/9-1024x768.jpg\" alt=\"\" data-id=\"10530\" data-link=\"http:\/\/www.ecolesaintvincentdepaul-arles.fr\/?attachment_id=10530\" class=\"wp-image-10530\" srcset=\"https:\/\/www.ecolesaintvincentdepaul-arles.fr\/wp-content\/uploads\/2019\/02\/9-1024x768.jpg 1024w, https:\/\/www.ecolesaintvincentdepaul-arles.fr\/wp-content\/uploads\/2019\/02\/9-300x225.jpg 300w, https:\/\/www.ecolesaintvincentdepaul-arles.fr\/wp-content\/uploads\/2019\/02\/9-768x576.jpg 768w, https:\/\/www.ecolesaintvincentdepaul-arles.fr\/wp-content\/uploads\/2019\/02\/9-600x450.jpg 600w, https:\/\/www.ecolesaintvincentdepaul-arles.fr\/wp-content\/uploads\/2019\/02\/9-250x187.jpg 250w, https:\/\/www.ecolesaintvincentdepaul-arles.fr\/wp-content\/uploads\/2019\/02\/9-1320x990.jpg 1320w, https:\/\/www.ecolesaintvincentdepaul-arles.fr\/wp-content\/uploads\/2019\/02\/9.jpg 1386w\" sizes=\"auto, (max-width: 1024px) 100vw, 1024px\" \/><figcaption class=\"blocks-gallery-item__caption\">R\u00e9alisation des TPS<\/figcaption><\/figure><\/li><li class=\"blocks-gallery-item\"><figure><img loading=\"lazy\" decoding=\"async\" width=\"701\" height=\"526\" src=\"http:\/\/www.ecolesaintvincentdepaul-arles.fr\/wp-content\/uploads\/2019\/02\/10.jpg\" alt=\"\" data-id=\"10531\" data-link=\"http:\/\/www.ecolesaintvincentdepaul-arles.fr\/?attachment_id=10531\" class=\"wp-image-10531\" srcset=\"https:\/\/www.ecolesaintvincentdepaul-arles.fr\/wp-content\/uploads\/2019\/02\/10.jpg 701w, https:\/\/www.ecolesaintvincentdepaul-arles.fr\/wp-content\/uploads\/2019\/02\/10-300x225.jpg 300w, https:\/\/www.ecolesaintvincentdepaul-arles.fr\/wp-content\/uploads\/2019\/02\/10-600x450.jpg 600w, https:\/\/www.ecolesaintvincentdepaul-arles.fr\/wp-content\/uploads\/2019\/02\/10-250x188.jpg 250w\" sizes=\"auto, (max-width: 701px) 100vw, 701px\" \/><figcaption class=\"blocks-gallery-item__caption\">R\u00e9alisation des PS<\/figcaption><\/figure><\/li><\/ul><\/figure>\n\n\n\n<p><strong>L\u2019\u00e9piphanie&nbsp;: Galette des rois (graphisme les lignes droites, quadrillage) et couronnes (laisser une empreinte avec un objet d\u00e9tourn\u00e9&nbsp;: une fourchette)<\/strong><\/p>\n\n\n\n<figure class=\"wp-block-gallery columns-3 is-cropped wp-block-gallery-5 is-layout-flex wp-block-gallery-is-layout-flex\"><ul class=\"blocks-gallery-grid\"><li class=\"blocks-gallery-item\"><figure><img loading=\"lazy\" decoding=\"async\" width=\"837\" height=\"628\" src=\"http:\/\/www.ecolesaintvincentdepaul-arles.fr\/wp-content\/uploads\/2019\/02\/11.jpg\" alt=\"\" data-id=\"10532\" data-link=\"http:\/\/www.ecolesaintvincentdepaul-arles.fr\/?attachment_id=10532\" class=\"wp-image-10532\" srcset=\"https:\/\/www.ecolesaintvincentdepaul-arles.fr\/wp-content\/uploads\/2019\/02\/11.jpg 837w, https:\/\/www.ecolesaintvincentdepaul-arles.fr\/wp-content\/uploads\/2019\/02\/11-300x225.jpg 300w, https:\/\/www.ecolesaintvincentdepaul-arles.fr\/wp-content\/uploads\/2019\/02\/11-768x576.jpg 768w, https:\/\/www.ecolesaintvincentdepaul-arles.fr\/wp-content\/uploads\/2019\/02\/11-600x450.jpg 600w, https:\/\/www.ecolesaintvincentdepaul-arles.fr\/wp-content\/uploads\/2019\/02\/11-250x188.jpg 250w\" sizes=\"auto, (max-width: 837px) 100vw, 837px\" \/><\/figure><\/li><li class=\"blocks-gallery-item\"><figure><img loading=\"lazy\" decoding=\"async\" width=\"255\" height=\"351\" src=\"http:\/\/www.ecolesaintvincentdepaul-arles.fr\/wp-content\/uploads\/2019\/02\/12-e1549031697594.jpg\" alt=\"\" data-id=\"10533\" data-link=\"http:\/\/www.ecolesaintvincentdepaul-arles.fr\/?attachment_id=10533\" class=\"wp-image-10533\" srcset=\"https:\/\/www.ecolesaintvincentdepaul-arles.fr\/wp-content\/uploads\/2019\/02\/12-e1549031697594.jpg 255w, https:\/\/www.ecolesaintvincentdepaul-arles.fr\/wp-content\/uploads\/2019\/02\/12-e1549031697594-218x300.jpg 218w, https:\/\/www.ecolesaintvincentdepaul-arles.fr\/wp-content\/uploads\/2019\/02\/12-e1549031697594-250x344.jpg 250w\" sizes=\"auto, (max-width: 255px) 100vw, 255px\" \/><\/figure><\/li><li class=\"blocks-gallery-item\"><figure><img loading=\"lazy\" decoding=\"async\" width=\"355\" height=\"266\" src=\"http:\/\/www.ecolesaintvincentdepaul-arles.fr\/wp-content\/uploads\/2019\/02\/13.jpg\" alt=\"\" data-id=\"10534\" data-link=\"http:\/\/www.ecolesaintvincentdepaul-arles.fr\/?attachment_id=10534\" class=\"wp-image-10534\" srcset=\"https:\/\/www.ecolesaintvincentdepaul-arles.fr\/wp-content\/uploads\/2019\/02\/13.jpg 355w, https:\/\/www.ecolesaintvincentdepaul-arles.fr\/wp-content\/uploads\/2019\/02\/13-300x225.jpg 300w, https:\/\/www.ecolesaintvincentdepaul-arles.fr\/wp-content\/uploads\/2019\/02\/13-250x187.jpg 250w\" sizes=\"auto, (max-width: 355px) 100vw, 355px\" \/><\/figure><\/li><li class=\"blocks-gallery-item\"><figure><img loading=\"lazy\" decoding=\"async\" width=\"369\" height=\"277\" src=\"http:\/\/www.ecolesaintvincentdepaul-arles.fr\/wp-content\/uploads\/2019\/02\/14.jpg\" alt=\"\" data-id=\"10535\" data-link=\"http:\/\/www.ecolesaintvincentdepaul-arles.fr\/?attachment_id=10535\" class=\"wp-image-10535\" srcset=\"https:\/\/www.ecolesaintvincentdepaul-arles.fr\/wp-content\/uploads\/2019\/02\/14.jpg 369w, https:\/\/www.ecolesaintvincentdepaul-arles.fr\/wp-content\/uploads\/2019\/02\/14-300x225.jpg 300w, https:\/\/www.ecolesaintvincentdepaul-arles.fr\/wp-content\/uploads\/2019\/02\/14-250x188.jpg 250w\" sizes=\"auto, (max-width: 369px) 100vw, 369px\" \/><\/figure><\/li><\/ul><\/figure>\n\n\n\n<p><strong>Utiliser\nun objet technique&nbsp;: les ciseaux<\/strong><\/p>\n\n\n\n<p>Objectifs&nbsp;: travailler la tenue des ciseaux et int\u00e9grer le geste&nbsp;: g\u00e9rer la position de l\u2019objet, g\u00e9rer sa main droite et sa main gauche, avoir un coup de ciseaux efficace<\/p>\n\n\n\n<figure class=\"wp-block-gallery columns-2 is-cropped wp-block-gallery-6 is-layout-flex wp-block-gallery-is-layout-flex\"><ul class=\"blocks-gallery-grid\"><li class=\"blocks-gallery-item\"><figure><img loading=\"lazy\" decoding=\"async\" width=\"573\" height=\"430\" src=\"http:\/\/www.ecolesaintvincentdepaul-arles.fr\/wp-content\/uploads\/2019\/02\/15.jpg\" alt=\"\" data-id=\"10536\" data-link=\"http:\/\/www.ecolesaintvincentdepaul-arles.fr\/?attachment_id=10536\" class=\"wp-image-10536\" srcset=\"https:\/\/www.ecolesaintvincentdepaul-arles.fr\/wp-content\/uploads\/2019\/02\/15.jpg 573w, https:\/\/www.ecolesaintvincentdepaul-arles.fr\/wp-content\/uploads\/2019\/02\/15-300x225.jpg 300w, https:\/\/www.ecolesaintvincentdepaul-arles.fr\/wp-content\/uploads\/2019\/02\/15-250x188.jpg 250w\" sizes=\"auto, (max-width: 573px) 100vw, 573px\" \/><figcaption class=\"blocks-gallery-item__caption\"> <br>D\u00e9couper des bandes de papier cartonn\u00e9  <br><em>D<\/em> <\/figcaption><\/figure><\/li><li class=\"blocks-gallery-item\"><figure><img loading=\"lazy\" decoding=\"async\" width=\"574\" height=\"430\" src=\"http:\/\/www.ecolesaintvincentdepaul-arles.fr\/wp-content\/uploads\/2019\/02\/16.jpg\" alt=\"\" data-id=\"10537\" data-link=\"http:\/\/www.ecolesaintvincentdepaul-arles.fr\/?attachment_id=10537\" class=\"wp-image-10537\" srcset=\"https:\/\/www.ecolesaintvincentdepaul-arles.fr\/wp-content\/uploads\/2019\/02\/16.jpg 574w, https:\/\/www.ecolesaintvincentdepaul-arles.fr\/wp-content\/uploads\/2019\/02\/16-300x225.jpg 300w, https:\/\/www.ecolesaintvincentdepaul-arles.fr\/wp-content\/uploads\/2019\/02\/16-250x187.jpg 250w\" sizes=\"auto, (max-width: 574px) 100vw, 574px\" \/><figcaption class=\"blocks-gallery-item__caption\"> <em>D<\/em>D\u00e9couper des pailles (piquants de KIPIC le h\u00e9risson r\u00e9alis\u00e9 ensuite en p\u00e2te durcissante) <\/figcaption><\/figure><\/li><\/ul><\/figure>\n\n\n\n<p>Toutes les semaines des ATELIERS <strong>en autonomie ou semi autonomie<\/strong> sont propos\u00e9s aux enfants&nbsp;: <\/p>\n\n\n\n<div class=\"wp-block-image\"><figure class=\"alignleft is-resized\"><img loading=\"lazy\" decoding=\"async\" src=\"http:\/\/www.ecolesaintvincentdepaul-arles.fr\/wp-content\/uploads\/2019\/02\/17-150x150.jpg\" alt=\"\" class=\"wp-image-10538\" width=\"108\" height=\"108\"\/><\/figure><\/div>\n\n\n\n<p><strong>P\u00e2te\n\u00e0 modeler<\/strong>&nbsp;:<\/p>\n\n\n\n<p>Objectifs&nbsp;: Aplatir au rouleau les boules de p\u00e2te \u00e0 modeler&nbsp;: galettes des rois  <\/p>\n\n\n\n<ul class=\"wp-block-list\"><li><strong>D\u00e9velopper\n\tsa motricit\u00e9 fine (muscler les doigts utiles pour la pr\u00e9hension\n\td\u2019un feutre, d\u2019une paire de ciseaux\u2026<\/strong>\n<\/li><\/ul>\n\n\n\n<p>Nous\navons aussi  viss\u00e9 et d\u00e9viss\u00e9 de gros boulons, \u00e9clat\u00e9 entre\nnotre pouce et notre index du papier \u00e0 bulles, jou\u00e9 avec le sable,\nr\u00e9alis\u00e9 de belles constructions\u2026<\/p>\n\n\n\n<ul class=\"wp-block-list\"><li><strong>Construire les premiers outils pour structurer sa pens\u00e9e&nbsp;: R\u00e9aliser un algorithme simple avec deux termes (formes, couleurs ou tailles)<\/strong> <\/li><\/ul>\n\n\n\n<figure class=\"wp-block-gallery columns-3 is-cropped wp-block-gallery-7 is-layout-flex wp-block-gallery-is-layout-flex\"><ul class=\"blocks-gallery-grid\"><li class=\"blocks-gallery-item\"><figure><img loading=\"lazy\" decoding=\"async\" width=\"349\" height=\"465\" src=\"http:\/\/www.ecolesaintvincentdepaul-arles.fr\/wp-content\/uploads\/2019\/02\/18-e1549031677510.jpg\" alt=\"\" data-id=\"10539\" data-link=\"http:\/\/www.ecolesaintvincentdepaul-arles.fr\/?attachment_id=10539\" class=\"wp-image-10539\" srcset=\"https:\/\/www.ecolesaintvincentdepaul-arles.fr\/wp-content\/uploads\/2019\/02\/18-e1549031677510.jpg 349w, https:\/\/www.ecolesaintvincentdepaul-arles.fr\/wp-content\/uploads\/2019\/02\/18-e1549031677510-225x300.jpg 225w, https:\/\/www.ecolesaintvincentdepaul-arles.fr\/wp-content\/uploads\/2019\/02\/18-e1549031677510-250x333.jpg 250w\" sizes=\"auto, (max-width: 349px) 100vw, 349px\" \/><\/figure><\/li><li class=\"blocks-gallery-item\"><figure><img loading=\"lazy\" decoding=\"async\" width=\"1024\" height=\"768\" src=\"http:\/\/www.ecolesaintvincentdepaul-arles.fr\/wp-content\/uploads\/2019\/02\/19-1024x768.jpg\" alt=\"\" data-id=\"10540\" data-link=\"http:\/\/www.ecolesaintvincentdepaul-arles.fr\/?attachment_id=10540\" class=\"wp-image-10540\" srcset=\"https:\/\/www.ecolesaintvincentdepaul-arles.fr\/wp-content\/uploads\/2019\/02\/19-1024x768.jpg 1024w, https:\/\/www.ecolesaintvincentdepaul-arles.fr\/wp-content\/uploads\/2019\/02\/19-300x225.jpg 300w, https:\/\/www.ecolesaintvincentdepaul-arles.fr\/wp-content\/uploads\/2019\/02\/19-768x576.jpg 768w, https:\/\/www.ecolesaintvincentdepaul-arles.fr\/wp-content\/uploads\/2019\/02\/19-600x450.jpg 600w, https:\/\/www.ecolesaintvincentdepaul-arles.fr\/wp-content\/uploads\/2019\/02\/19-250x187.jpg 250w, https:\/\/www.ecolesaintvincentdepaul-arles.fr\/wp-content\/uploads\/2019\/02\/19-1320x990.jpg 1320w, https:\/\/www.ecolesaintvincentdepaul-arles.fr\/wp-content\/uploads\/2019\/02\/19.jpg 1386w\" sizes=\"auto, (max-width: 1024px) 100vw, 1024px\" \/><\/figure><\/li><li class=\"blocks-gallery-item\"><figure><img loading=\"lazy\" decoding=\"async\" width=\"348\" height=\"464\" src=\"http:\/\/www.ecolesaintvincentdepaul-arles.fr\/wp-content\/uploads\/2019\/02\/20-e1549031654866.jpg\" alt=\"\" data-id=\"10541\" data-link=\"http:\/\/www.ecolesaintvincentdepaul-arles.fr\/?attachment_id=10541\" class=\"wp-image-10541\" srcset=\"https:\/\/www.ecolesaintvincentdepaul-arles.fr\/wp-content\/uploads\/2019\/02\/20-e1549031654866.jpg 348w, https:\/\/www.ecolesaintvincentdepaul-arles.fr\/wp-content\/uploads\/2019\/02\/20-e1549031654866-225x300.jpg 225w, https:\/\/www.ecolesaintvincentdepaul-arles.fr\/wp-content\/uploads\/2019\/02\/20-e1549031654866-250x333.jpg 250w\" sizes=\"auto, (max-width: 348px) 100vw, 348px\" \/><\/figure><\/li><\/ul><\/figure>\n\n\n\n<p>Et\nla terminons par la <strong>motricit\u00e9<\/strong>\u2026<\/p>\n\n\n\n<ul class=\"wp-block-list\"><li><strong>Agir, s\u2019exprimer et comprendre \u00e0 travers l\u2019activit\u00e9 physique<\/strong> <\/li><\/ul>\n\n\n\n<p>Pour comprendre l\u2019algorithme nous avons saut\u00e9 dans des cerceaux en nommant l\u2019alternance de couleur \u00e0 chaque saut\u2026<\/p>\n\n\n\n<ul class=\"wp-block-list\"><li><strong>Coordonner\n\tses gestes et ses d\u00e9placements avec ceux des autres, lors de rondes\n\tet jeux chant\u00e9s<\/strong>\n<\/li><\/ul>\n\n\n\n<p>Nous\nsommes \u00e9galement en train d\u2019apprendre une danse et sa chanson <strong>:\n\u00ab&nbsp;La danse des pingouins&nbsp;\u00bb<\/strong>,\net divers d\u00e9placements (farandole, grande ronde ou \u00e0 deux, se\nmettre en ligne, avancer, reculer\u2026) qui nous permettront plus tard\nde danser sur <strong>\u00ab&nbsp;la\ndanse des Esquimaux&nbsp;\u00bb.<\/strong><\/p>\n\n\n\n<ul class=\"wp-block-list\"><li><strong>Ma\u00eetriser\n\tses gestes et d\u00e9velopper son imagination&nbsp;:<\/strong>\n\tse d\u00e9placer comme les animaux de la banquise\n\t<\/li><li><strong>Jeux\n\td\u2019opposition&nbsp;: s\u2019opposer individuellement (<\/strong>les\n\tmorses attaquent les pingouins\u2026<strong>)<\/strong>\n\t<\/li><li><strong>Jeux\n\td\u2019attrape <\/strong>\u00ab&nbsp;Monsieur\n\tl\u2019ours&nbsp;\u00bb\n\t\n\t<\/li><li><strong>Situer\n\tun objet par rapport \u00e0 soi (devant, derri\u00e8re, \u00e0 cot\u00e9)<\/strong>\n<\/li><\/ul>\n\n\n\n<ul class=\"wp-block-list\"><li><strong>Notre\n\tPROJET CUISINE&nbsp;: <\/strong>\n\t\n<\/li><\/ul>\n\n\n\n<p>Nous\navons confectionn\u00e9 de d\u00e9licieuses galettes des rois, avec la\nparticipation de Nawal (vocabulaire anglais).<\/p>\n\n\n\n<p>Nous\nles avons d\u00e9gust\u00e9es et nous avons souhait\u00e9 les anniversaires du\nmois de JANVIER.<\/p>\n\n\n\n<ul class=\"wp-block-list\"><li><strong>Anglais\n\t(pour les PS)&nbsp;:<\/strong>\n\tAvec <strong>Nawal<\/strong>\n\tles enfants ont pu travailler \u00e9galement sur l\u2019Album Snow le petit\n\tesquimau.\n\t\n<\/li><\/ul>\n\n\n\n<p><strong>Th\u00e8me&nbsp;: les pays o\u00f9 il fait froid                                                                            <\/strong><\/p>\n\n\n\n<p><strong> <\/strong>(en lien avec le projet de cycle&nbsp;: \u00ab&nbsp;Concerto de la banquise \u00e0 la savane&nbsp;\u00bb.)<\/p>\n\n\n\n<ul class=\"wp-block-list\"><li><strong>Les\n\tanimaux de la banquise.<\/strong>\n\t<\/li><li><strong>Atelier\n\tfabrication d\u2019une banquise.<\/strong>\n\t<\/li><li><strong>Motricit\u00e9&nbsp;:\n\tles esquimaux.<\/strong>\n\t<\/li><li><strong>Contes\n\ttraditionnels Inuits.<\/strong>\n<\/li><\/ul>\n\n\n\n<ul class=\"wp-block-list\"><li><strong>Eveil\n\t\u00e0 la foi&nbsp;(TPS et PS)<\/strong>\n<\/li><\/ul>\n\n\n\n<p><strong>Dom Antoine<\/strong> est venu nous parler des Rois Mages (trace \u00e9crite et coloriage dans le porte-vues).<\/p>\n\n\n\n<p>Nous avons encore bien grandi au cours de cette courte p\u00e9riode. Mais nous devons poursuivre nos efforts en ce qui concerne le partage, l\u2019\u00e9coute surtout en grand groupe, et le respect des r\u00e8gles (de la classe, des coins jeux, de s\u00e9curit\u00e9\u2026).<\/p>\n","protected":false},"excerpt":{"rendered":"<p>Les rituels du matin \u00e0 notre arriv\u00e9e se d\u00e9roulent de mieux en mieux. Dans l\u2019ensemble, nous rangeons de plus en plus vite nos affaires pour vite aller jouer\u2026 D\u00e8s la deuxi\u00e8me semaine de janvier, nous avons tous r\u00e9ussi \u00e0 retrouver &hellip; <a href=\"https:\/\/www.ecolesaintvincentdepaul-arles.fr\/?p=10517\">Continuer la lecture <span class=\"meta-nav\">&rarr;<\/span><\/a><\/p>\n","protected":false},"author":22,"featured_media":0,"comment_status":"closed","ping_status":"closed","sticky":false,"template":"","format":"standard","meta":{"footnotes":""},"categories":[62,3],"tags":[],"class_list":["post-10517","post","type-post","status-publish","format-standard","hentry","category-ecole-maternelle","category-petite_section"],"_links":{"self":[{"href":"https:\/\/www.ecolesaintvincentdepaul-arles.fr\/index.php?rest_route=\/wp\/v2\/posts\/10517","targetHints":{"allow":["GET"]}}],"collection":[{"href":"https:\/\/www.ecolesaintvincentdepaul-arles.fr\/index.php?rest_route=\/wp\/v2\/posts"}],"about":[{"href":"https:\/\/www.ecolesaintvincentdepaul-arles.fr\/index.php?rest_route=\/wp\/v2\/types\/post"}],"author":[{"embeddable":true,"href":"https:\/\/www.ecolesaintvincentdepaul-arles.fr\/index.php?rest_route=\/wp\/v2\/users\/22"}],"replies":[{"embeddable":true,"href":"https:\/\/www.ecolesaintvincentdepaul-arles.fr\/index.php?rest_route=%2Fwp%2Fv2%2Fcomments&post=10517"}],"version-history":[{"count":0,"href":"https:\/\/www.ecolesaintvincentdepaul-arles.fr\/index.php?rest_route=\/wp\/v2\/posts\/10517\/revisions"}],"wp:attachment":[{"href":"https:\/\/www.ecolesaintvincentdepaul-arles.fr\/index.php?rest_route=%2Fwp%2Fv2%2Fmedia&parent=10517"}],"wp:term":[{"taxonomy":"category","embeddable":true,"href":"https:\/\/www.ecolesaintvincentdepaul-arles.fr\/index.php?rest_route=%2Fwp%2Fv2%2Fcategories&post=10517"},{"taxonomy":"post_tag","embeddable":true,"href":"https:\/\/www.ecolesaintvincentdepaul-arles.fr\/index.php?rest_route=%2Fwp%2Fv2%2Ftags&post=10517"}],"curies":[{"name":"wp","href":"https:\/\/api.w.org\/{rel}","templated":true}]}}