{"id":11724,"date":"2019-12-20T14:02:36","date_gmt":"2019-12-20T13:02:36","guid":{"rendered":"https:\/\/www.ecolesaintvincentdepaul-arles.fr\/?p=11724"},"modified":"2019-12-23T16:39:18","modified_gmt":"2019-12-23T15:39:18","slug":"periode-2-en-cm2-b","status":"publish","type":"post","link":"https:\/\/www.ecolesaintvincentdepaul-arles.fr\/?p=11724","title":{"rendered":"P\u00e9riode 2 en CM2 B."},"content":{"rendered":"\n<p><strong>Arts visuels<\/strong><\/p>\n\n\n\n<p>Gr\u00e2ce aux\n\u00e9changes de service, les \u00e9l\u00e8ves ont pu b\u00e9n\u00e9ficier des\ncomp\u00e9tences de l\u2019enseignante de CE1 pour vivre un temps en arts\nvisuels et plastiques centr\u00e9 sur le cubisme et lib\u00e9rer leur\ncr\u00e9ativit\u00e9 dans les productions r\u00e9alis\u00e9es qui s\u2019\u00e9talent\naujourd\u2019hui sur un des murs de la classe. \n<\/p>\n\n\n\n<p><strong>Musique<\/strong><\/p>\n\n\n\n<p>Les \u00e9l\u00e8ves b\u00e9n\u00e9ficient de\nla pr\u00e9sence d\u2019une intervenante du conservatoire chaque jeudi\npendant une heure. Ils y acqui\u00e8rent une meilleure technique vocale\npour la mettre au service du r\u00e9pertoire autour de chants\ntraditionnels napolitains.   \n<\/p>\n\n\n\n<p>Un temps important\ndans ce premier trimestre a \u00e9t\u00e9 celui de l\u2019engagement.\nL\u2019enseignante de la classe de CM1 a rendu compte dans un descriptif\npr\u00e9cis de la d\u00e9marche adopt\u00e9e par l\u2019ensemble des classes dans\nson dernier article sur la pr\u00e9paration des conseils d\u2019\u00e9l\u00e8ves. <br>\nNous avons constat\u00e9 au sein de la classe que la mobilisation des\ncandidats \u00e0 d\u00e9fendre un programme, tenait d\u2019abord au souhait\nd\u2019am\u00e9liorer le vivre-ensemble dans une mise au service de tous les\nautres. \n<\/p>\n\n\n\n<p>De quoi plaire \u00e0\nVincent et Louise. \n<\/p>\n\n\n\n<p>La pr\u00e9paration \u00e0 no\u00ebl fait entrer\naussi d\u2019autres dimensions dans le quotidien. Que l\u2019on soit\ncatholique ou non, cette p\u00e9riode est une invite \u00e0 plus d\u2019attention.\n\u00ab&nbsp;La lapidation de saint Etienne&nbsp;\u00bb relat\u00e9e en cat\u00e9ch\u00e8se\na ainsi donn\u00e9 l\u2019occasion de d\u00e9battre \u00ab&nbsp;en discussion \u00e0\nvis\u00e9e philosophique&nbsp;\u00bb sur le sens de la peine inflig\u00e9e \u00e0\nl\u2019autre. \n<\/p>\n\n\n\n<p>Les apprentissages se sont poursuivis\nen <strong>math\u00e9matiques<\/strong> comme suit&nbsp;: \n<\/p>\n\n\n\n<ul class=\"wp-block-list\"><li> Les nombres fractionnaires ont\n\toccup\u00e9 l\u2019espace en num\u00e9ration. \n\t\n<\/li><\/ul>\n\n\n\n<p><strong>Comp\u00e9tences<\/strong>&nbsp;: nommer et\nrepr\u00e9senter un partage \u00e0 l\u2019aide de fractions&nbsp;; les comparer,\nles encadrer, les placer sur une droite gradu\u00e9e. \n<\/p>\n\n\n\n<p>Parall\u00e8lement, les unit\u00e9s propres aux\nmesures de masse, de longueur de dur\u00e9e sont venues interc\u00e9der avec\nles quantit\u00e9s inf\u00e9rieures ou sup\u00e9rieures \u00e0 l\u2019unit\u00e9 pour servir\nde socle aux r\u00e9solutions de probl\u00e8mes. \n<\/p>\n\n\n\n<p><strong>Comp\u00e9tences&nbsp;<\/strong>: r\u00e9investir\nles notions \u00e9tudi\u00e9es dans les domaines (num\u00e9ration, grandeurs et\nmesures) pour les mobiliser dans des situations de r\u00e9solution de\nprobl\u00e8mes. <br>Expliciter la d\u00e9marche adopt\u00e9e. \n<\/p>\n\n\n\n<p>L\u2019effort sur le descriptif de la\nm\u00e9thode utilis\u00e9e au travers de l\u2019explicitation verbale ou\nsch\u00e9matis\u00e9e a concern\u00e9 diff\u00e9rents temps d\u2019apprentissage sur la\np\u00e9riode.<\/p>\n\n\n\n<p>Les enfants s\u2019essaient \u00e0 calculer\nmentalement de fa\u00e7on journali\u00e8re. <br><strong>Comp\u00e9tences<\/strong>&nbsp;:\nacqu\u00e9rir des automatismes au travers de diff\u00e9rentes modalit\u00e9s de\ncalcul. \n<\/p>\n\n\n\n<p><strong>En fran\u00e7ais<\/strong><\/p>\n\n\n\n<p><strong>Conjugaison <\/strong>\n<\/p>\n\n\n\n<p>Une centration forte de l\u2019activit\u00e9 a\nport\u00e9 sur les m\u00e9canismes d\u2019acquisition des formes verbales \u00e0\nl\u2019indicatif pr\u00e9sent. \n<\/p>\n\n\n\n<p><strong>Comp\u00e9tences<\/strong>&nbsp;: savoir\nconjuguer correctement les verbes des trois groupes et notamment des\nverbes particuliers du 3\u00b0 groupe. \n<\/p>\n\n\n\n<p>Etre en capacit\u00e9 de justifier l\u2019emploi\ndes verbes en fonction du sens recherch\u00e9 en r\u00e9ception et en\nproduction. \n<\/p>\n\n\n\n<p><strong>Grammaire<\/strong><\/p>\n\n\n\n<p>Les \u00e9l\u00e8ves ont questionn\u00e9 \u00e0 partir\nd\u2019extraits de texte le sens donn\u00e9 aux diff\u00e9rentes cat\u00e9gories de\nd\u00e9terminants pour mieux r\u00e9v\u00e9ler les intentions d\u2019un auteur.\n<br><strong>Comp\u00e9tences&nbsp;<\/strong>: justifier le choix des diff\u00e9rentes\ncat\u00e9gories de d\u00e9terminants (articles d\u00e9finis et ind\u00e9finis&nbsp;;\nadjectifs possessifs et d\u00e9monstratifs&nbsp;; adjectifs ind\u00e9finis&nbsp;;\narticles d\u00e9finis contract\u00e9s, partitifs et num\u00e9raux&nbsp;: ordinaux\net cardinaux.  Les employer \u00e0 bon escient dans un texte. \n<\/p>\n\n\n\n<p>Les pronoms ont fait \u00e9galement l\u2019objet\nd\u2019une \u00e9tude \u00e0 partir d\u2019extraits de texte. <br><strong>Comp\u00e9tences&nbsp;<\/strong>:\nchoisir les pronoms adapt\u00e9s au remplacement des groupes de mots, en\ns\u2019appuyant sur la place qu\u2019ils occupent dans la phrase&nbsp;(\ndans le GS, dans le GV). \n<\/p>\n\n\n\n<p>Conna\u00eetre et employer correctement les\ncat\u00e9gories de pronoms suivants (personnel, d\u00e9monstratif,\ninterrogatif). \n<\/p>\n\n\n\n<p><strong>R\u00e9daction&nbsp;<\/strong>: \n<\/p>\n\n\n\n<p>Les \u00e9l\u00e8ves ont \u00e9t\u00e9 amen\u00e9s \u00e0\ns\u2019emparer des nouveaux apprentissages pour \u00e9laborer et enrichir\nleurs \u00e9crits. <br><strong>Comp\u00e9tences<\/strong>&nbsp;: faire un usage raisonn\u00e9\ndes pronoms, des d\u00e9terminants (cat\u00e9gories \u00e9tudi\u00e9es) et r\u00e9diger\ndes \u00e9crits appartenant \u00e0 diff\u00e9rents registres en employant le\npr\u00e9sent de l\u2019indicatif. \n<\/p>\n\n\n\n<p>Pour faciliter le travail des \u00e9l\u00e8ves,\nles \u00e9crits se sont centr\u00e9s prioritairement sur l\u2019outil que\nrepr\u00e9sente la langue. Les id\u00e9es \u00e9taient pr\u00e9lev\u00e9es dans des\ncanevas d\u00e9j\u00e0 pr\u00e9-\u00e9tablis. Un guidage tr\u00e8s serr\u00e9 venait \u00e9clairer\nla formulation des id\u00e9es.<\/p>\n\n\n\n<p><strong>Langue orale<\/strong><\/p>\n\n\n\n<p><strong>Comp\u00e9tences<\/strong>&nbsp;: d\u00e9velopper\nune culture commune et acqu\u00e9rir des techniques verbales et non\nverbales pour prendre la parole devant un public. \n<\/p>\n\n\n\n<p>Aux prises de parole spontan\u00e9es lors\nde la construction des apprentissages viennent se greffer des\nexpressions orales plus formalis\u00e9es. Elles empruntent au format du\ncompte rendu le support de leurs expressions. Deux \u00e9l\u00e8ves viennent\nfaire une pr\u00e9sentation pr\u00e9par\u00e9e d\u2019une \u0153uvre de litt\u00e9rature lue\nen amont. Un temps est consacr\u00e9 \u00e0 le r\u00e9sumer sous forme de\nsynth\u00e8se oralis\u00e9e. Une lecture d\u2019un passage vient en achever la\nprestation. Un temps d\u2019\u00e9change avec les pairs vise \u00e0 mettre en\nquestionnement certains points.  Ensuite, les \u00e9l\u00e8ves selon une\ngrille de crit\u00e8res \u00e9tablie \u00e9mettent un avis constructif sur la\nperformance de leur camarade. L\u2019enseignant viendra donner son point\nde vue \u00e0 l\u2019issue de la s\u00e9ance. \n<\/p>\n\n\n\n<p>Litt\u00e9rature<\/p>\n\n\n\n<p>Etude d\u2019une \u0153uvre longue&nbsp;: \u00ab&nbsp;le\ngrimoire d\u2019Arkandias&nbsp;\u00bb d\u2019Eric Boisset. \n<\/p>\n\n\n\n<p><strong>Comp\u00e9tences<\/strong>&nbsp;: donner une\ninterpr\u00e9tation juste d\u2019une \u0153uvre en s\u2019appuyant sur les \u00e9l\u00e9ments\ndu texte pour r\u00e9v\u00e9ler l\u2019implicite et acc\u00e9der \u00e0 son sens\nsymbolique. D\u00e9fendre son point de vue en l\u2019argumentant.  <br><br>\n<\/p>\n\n\n\n<p>Chaque vendredi, l\u2019apprentissage est\nmen\u00e9 en co-intervention avec la coordinatrice du dispositif Ulis. En\nateliers, le travail s\u2019organise dans un va et vient entre\nquestionnements et prises de paroles. \n<\/p>\n\n\n\n<p>A venir&#8230;&#8230;\nles animations autour du patrimoine, l\u2019environnement, la pr\u00e9vention\nrouti\u00e8re&#8230;<\/p>\n\n\n\n<figure class=\"wp-block-gallery columns-3 is-cropped wp-block-gallery-1 is-layout-flex wp-block-gallery-is-layout-flex\"><ul class=\"blocks-gallery-grid\"><li class=\"blocks-gallery-item\"><figure><img loading=\"lazy\" decoding=\"async\" width=\"1024\" height=\"768\" src=\"https:\/\/www.ecolesaintvincentdepaul-arles.fr\/wp-content\/uploads\/2019\/12\/20191217_134604-1024x768.jpg\" alt=\"\" data-id=\"11727\" data-full-url=\"https:\/\/www.ecolesaintvincentdepaul-arles.fr\/wp-content\/uploads\/2019\/12\/20191217_134604-scaled.jpg\" data-link=\"https:\/\/www.ecolesaintvincentdepaul-arles.fr\/?attachment_id=11727\" class=\"wp-image-11727\" srcset=\"https:\/\/www.ecolesaintvincentdepaul-arles.fr\/wp-content\/uploads\/2019\/12\/20191217_134604-1024x768.jpg 1024w, https:\/\/www.ecolesaintvincentdepaul-arles.fr\/wp-content\/uploads\/2019\/12\/20191217_134604-300x225.jpg 300w, https:\/\/www.ecolesaintvincentdepaul-arles.fr\/wp-content\/uploads\/2019\/12\/20191217_134604-768x576.jpg 768w, https:\/\/www.ecolesaintvincentdepaul-arles.fr\/wp-content\/uploads\/2019\/12\/20191217_134604-600x450.jpg 600w, https:\/\/www.ecolesaintvincentdepaul-arles.fr\/wp-content\/uploads\/2019\/12\/20191217_134604-1536x1152.jpg 1536w, https:\/\/www.ecolesaintvincentdepaul-arles.fr\/wp-content\/uploads\/2019\/12\/20191217_134604-2048x1536.jpg 2048w, https:\/\/www.ecolesaintvincentdepaul-arles.fr\/wp-content\/uploads\/2019\/12\/20191217_134604-250x188.jpg 250w, https:\/\/www.ecolesaintvincentdepaul-arles.fr\/wp-content\/uploads\/2019\/12\/20191217_134604-1320x990.jpg 1320w\" sizes=\"auto, (max-width: 1024px) 100vw, 1024px\" \/><\/figure><\/li><li class=\"blocks-gallery-item\"><figure><img loading=\"lazy\" decoding=\"async\" width=\"1024\" height=\"768\" src=\"https:\/\/www.ecolesaintvincentdepaul-arles.fr\/wp-content\/uploads\/2019\/12\/20191217_134724-1024x768.jpg\" alt=\"\" data-id=\"11728\" data-full-url=\"https:\/\/www.ecolesaintvincentdepaul-arles.fr\/wp-content\/uploads\/2019\/12\/20191217_134724-scaled.jpg\" data-link=\"https:\/\/www.ecolesaintvincentdepaul-arles.fr\/?attachment_id=11728\" class=\"wp-image-11728\" srcset=\"https:\/\/www.ecolesaintvincentdepaul-arles.fr\/wp-content\/uploads\/2019\/12\/20191217_134724-1024x768.jpg 1024w, https:\/\/www.ecolesaintvincentdepaul-arles.fr\/wp-content\/uploads\/2019\/12\/20191217_134724-300x225.jpg 300w, https:\/\/www.ecolesaintvincentdepaul-arles.fr\/wp-content\/uploads\/2019\/12\/20191217_134724-768x576.jpg 768w, https:\/\/www.ecolesaintvincentdepaul-arles.fr\/wp-content\/uploads\/2019\/12\/20191217_134724-600x450.jpg 600w, https:\/\/www.ecolesaintvincentdepaul-arles.fr\/wp-content\/uploads\/2019\/12\/20191217_134724-1536x1152.jpg 1536w, https:\/\/www.ecolesaintvincentdepaul-arles.fr\/wp-content\/uploads\/2019\/12\/20191217_134724-2048x1536.jpg 2048w, https:\/\/www.ecolesaintvincentdepaul-arles.fr\/wp-content\/uploads\/2019\/12\/20191217_134724-250x188.jpg 250w, https:\/\/www.ecolesaintvincentdepaul-arles.fr\/wp-content\/uploads\/2019\/12\/20191217_134724-1320x990.jpg 1320w\" sizes=\"auto, (max-width: 1024px) 100vw, 1024px\" \/><\/figure><\/li><li class=\"blocks-gallery-item\"><figure><img loading=\"lazy\" decoding=\"async\" width=\"1024\" height=\"768\" src=\"https:\/\/www.ecolesaintvincentdepaul-arles.fr\/wp-content\/uploads\/2019\/12\/20191217_134734-1024x768.jpg\" alt=\"\" data-id=\"11729\" data-full-url=\"https:\/\/www.ecolesaintvincentdepaul-arles.fr\/wp-content\/uploads\/2019\/12\/20191217_134734-scaled.jpg\" data-link=\"https:\/\/www.ecolesaintvincentdepaul-arles.fr\/?attachment_id=11729\" class=\"wp-image-11729\" srcset=\"https:\/\/www.ecolesaintvincentdepaul-arles.fr\/wp-content\/uploads\/2019\/12\/20191217_134734-1024x768.jpg 1024w, https:\/\/www.ecolesaintvincentdepaul-arles.fr\/wp-content\/uploads\/2019\/12\/20191217_134734-300x225.jpg 300w, https:\/\/www.ecolesaintvincentdepaul-arles.fr\/wp-content\/uploads\/2019\/12\/20191217_134734-768x576.jpg 768w, https:\/\/www.ecolesaintvincentdepaul-arles.fr\/wp-content\/uploads\/2019\/12\/20191217_134734-600x450.jpg 600w, https:\/\/www.ecolesaintvincentdepaul-arles.fr\/wp-content\/uploads\/2019\/12\/20191217_134734-1536x1152.jpg 1536w, https:\/\/www.ecolesaintvincentdepaul-arles.fr\/wp-content\/uploads\/2019\/12\/20191217_134734-2048x1536.jpg 2048w, https:\/\/www.ecolesaintvincentdepaul-arles.fr\/wp-content\/uploads\/2019\/12\/20191217_134734-250x188.jpg 250w, https:\/\/www.ecolesaintvincentdepaul-arles.fr\/wp-content\/uploads\/2019\/12\/20191217_134734-1320x990.jpg 1320w\" sizes=\"auto, (max-width: 1024px) 100vw, 1024px\" \/><\/figure><\/li><li class=\"blocks-gallery-item\"><figure><img loading=\"lazy\" decoding=\"async\" width=\"1024\" height=\"768\" src=\"https:\/\/www.ecolesaintvincentdepaul-arles.fr\/wp-content\/uploads\/2019\/12\/20191217_170443-1024x768.jpg\" alt=\"\" data-id=\"11730\" data-full-url=\"https:\/\/www.ecolesaintvincentdepaul-arles.fr\/wp-content\/uploads\/2019\/12\/20191217_170443-scaled.jpg\" data-link=\"https:\/\/www.ecolesaintvincentdepaul-arles.fr\/?attachment_id=11730\" class=\"wp-image-11730\" srcset=\"https:\/\/www.ecolesaintvincentdepaul-arles.fr\/wp-content\/uploads\/2019\/12\/20191217_170443-1024x768.jpg 1024w, https:\/\/www.ecolesaintvincentdepaul-arles.fr\/wp-content\/uploads\/2019\/12\/20191217_170443-300x225.jpg 300w, https:\/\/www.ecolesaintvincentdepaul-arles.fr\/wp-content\/uploads\/2019\/12\/20191217_170443-768x576.jpg 768w, https:\/\/www.ecolesaintvincentdepaul-arles.fr\/wp-content\/uploads\/2019\/12\/20191217_170443-600x450.jpg 600w, https:\/\/www.ecolesaintvincentdepaul-arles.fr\/wp-content\/uploads\/2019\/12\/20191217_170443-1536x1152.jpg 1536w, https:\/\/www.ecolesaintvincentdepaul-arles.fr\/wp-content\/uploads\/2019\/12\/20191217_170443-2048x1537.jpg 2048w, https:\/\/www.ecolesaintvincentdepaul-arles.fr\/wp-content\/uploads\/2019\/12\/20191217_170443-250x188.jpg 250w, https:\/\/www.ecolesaintvincentdepaul-arles.fr\/wp-content\/uploads\/2019\/12\/20191217_170443-1320x990.jpg 1320w\" sizes=\"auto, (max-width: 1024px) 100vw, 1024px\" \/><\/figure><\/li><\/ul><\/figure>\n\n\n\n<figure class=\"wp-block-gallery columns-1 is-cropped wp-block-gallery-2 is-layout-flex wp-block-gallery-is-layout-flex\"><ul class=\"blocks-gallery-grid\"><li class=\"blocks-gallery-item\"><figure><img loading=\"lazy\" decoding=\"async\" width=\"1024\" height=\"768\" src=\"https:\/\/www.ecolesaintvincentdepaul-arles.fr\/wp-content\/uploads\/2019\/12\/IMG_0900-1024x768.jpg\" alt=\"\" data-id=\"11736\" data-full-url=\"https:\/\/www.ecolesaintvincentdepaul-arles.fr\/wp-content\/uploads\/2019\/12\/IMG_0900-scaled.jpg\" data-link=\"https:\/\/www.ecolesaintvincentdepaul-arles.fr\/?attachment_id=11736\" class=\"wp-image-11736\" srcset=\"https:\/\/www.ecolesaintvincentdepaul-arles.fr\/wp-content\/uploads\/2019\/12\/IMG_0900-1024x768.jpg 1024w, https:\/\/www.ecolesaintvincentdepaul-arles.fr\/wp-content\/uploads\/2019\/12\/IMG_0900-300x225.jpg 300w, https:\/\/www.ecolesaintvincentdepaul-arles.fr\/wp-content\/uploads\/2019\/12\/IMG_0900-768x576.jpg 768w, https:\/\/www.ecolesaintvincentdepaul-arles.fr\/wp-content\/uploads\/2019\/12\/IMG_0900-600x450.jpg 600w, https:\/\/www.ecolesaintvincentdepaul-arles.fr\/wp-content\/uploads\/2019\/12\/IMG_0900-1536x1152.jpg 1536w, https:\/\/www.ecolesaintvincentdepaul-arles.fr\/wp-content\/uploads\/2019\/12\/IMG_0900-2048x1536.jpg 2048w, https:\/\/www.ecolesaintvincentdepaul-arles.fr\/wp-content\/uploads\/2019\/12\/IMG_0900-250x188.jpg 250w, https:\/\/www.ecolesaintvincentdepaul-arles.fr\/wp-content\/uploads\/2019\/12\/IMG_0900-1320x990.jpg 1320w\" sizes=\"auto, (max-width: 1024px) 100vw, 1024px\" \/><\/figure><\/li><\/ul><\/figure>\n","protected":false},"excerpt":{"rendered":"<p>Arts visuels Gr\u00e2ce aux \u00e9changes de service, les \u00e9l\u00e8ves ont pu b\u00e9n\u00e9ficier des comp\u00e9tences de l\u2019enseignante de CE1 pour vivre un temps en arts visuels et plastiques centr\u00e9 sur le cubisme et lib\u00e9rer leur cr\u00e9ativit\u00e9 dans les productions r\u00e9alis\u00e9es qui &hellip; <a href=\"https:\/\/www.ecolesaintvincentdepaul-arles.fr\/?p=11724\">Continuer la lecture <span class=\"meta-nav\">&rarr;<\/span><\/a><\/p>\n","protected":false},"author":13,"featured_media":0,"comment_status":"closed","ping_status":"open","sticky":false,"template":"","format":"standard","meta":{"footnotes":""},"categories":[23,63,1],"tags":[],"class_list":["post-11724","post","type-post","status-publish","format-standard","hentry","category-cm2","category-ecole-elementaire","category-non-classe"],"_links":{"self":[{"href":"https:\/\/www.ecolesaintvincentdepaul-arles.fr\/index.php?rest_route=\/wp\/v2\/posts\/11724","targetHints":{"allow":["GET"]}}],"collection":[{"href":"https:\/\/www.ecolesaintvincentdepaul-arles.fr\/index.php?rest_route=\/wp\/v2\/posts"}],"about":[{"href":"https:\/\/www.ecolesaintvincentdepaul-arles.fr\/index.php?rest_route=\/wp\/v2\/types\/post"}],"author":[{"embeddable":true,"href":"https:\/\/www.ecolesaintvincentdepaul-arles.fr\/index.php?rest_route=\/wp\/v2\/users\/13"}],"replies":[{"embeddable":true,"href":"https:\/\/www.ecolesaintvincentdepaul-arles.fr\/index.php?rest_route=%2Fwp%2Fv2%2Fcomments&post=11724"}],"version-history":[{"count":0,"href":"https:\/\/www.ecolesaintvincentdepaul-arles.fr\/index.php?rest_route=\/wp\/v2\/posts\/11724\/revisions"}],"wp:attachment":[{"href":"https:\/\/www.ecolesaintvincentdepaul-arles.fr\/index.php?rest_route=%2Fwp%2Fv2%2Fmedia&parent=11724"}],"wp:term":[{"taxonomy":"category","embeddable":true,"href":"https:\/\/www.ecolesaintvincentdepaul-arles.fr\/index.php?rest_route=%2Fwp%2Fv2%2Fcategories&post=11724"},{"taxonomy":"post_tag","embeddable":true,"href":"https:\/\/www.ecolesaintvincentdepaul-arles.fr\/index.php?rest_route=%2Fwp%2Fv2%2Ftags&post=11724"}],"curies":[{"name":"wp","href":"https:\/\/api.w.org\/{rel}","templated":true}]}}