{"id":11947,"date":"2020-02-24T18:03:38","date_gmt":"2020-02-24T17:03:38","guid":{"rendered":"https:\/\/www.ecolesaintvincentdepaul-arles.fr\/?p=11947"},"modified":"2020-02-26T09:21:07","modified_gmt":"2020-02-26T08:21:07","slug":"en-cp-troisieme-periode","status":"publish","type":"post","link":"https:\/\/www.ecolesaintvincentdepaul-arles.fr\/?p=11947","title":{"rendered":"En CP (troisi\u00e8me p\u00e9riode)."},"content":{"rendered":"\n<p>\n<strong>Math\u00e9matiques<\/strong><\/p>\n\n\n\n<p>\n<strong>Mesures<\/strong><\/p>\n\n\n\n<ul class=\"wp-block-list\"><li><em>Comparer\n\tdes masses avec ou sans unit\u00e9 \u00e9talon.<\/em>\n<\/li><\/ul>\n\n\n\n<p> Nous avons effectu\u00e9 des pes\u00e9es avec la balance de Roberval qui nous ont permis de d\u00e9couvrir que sur le plateau du bas se trouvait l\u2019objet le plus lourd. Nous avons pes\u00e9 des objets que l\u2019on a trouv\u00e9s  dans notre classe&nbsp;: crayons, bo\u00eete de mouchoirs \u2026etc  pour comprendre le fonctionnement de la balance.<\/p>\n\n\n\n<p>\n L\u2019aiguille\nindique toujours l\u2019objet le plus lourd.<\/p>\n\n\n\n<p>\nPar la\nsuite, nous avons d\u00fb ranger trois objets&nbsp;n\u2019ayant pas la m\u00eame\ncontenance du plus l\u00e9ger au plus lourd: \n<\/p>\n\n\n\n<ul class=\"wp-block-list\"><li>\n\tBouteille\n\tA vide\n\t<\/li><li>\n\tBouteille\n\tB pleine\n\t<\/li><li>\n\tBouteille\n\tC \u00e0 moiti\u00e9 pleine \n\t\n<\/li><\/ul>\n\n\n\n<p>\nPour\ncela, nous les avons compar\u00e9s en effectuant 3 pes\u00e9es pour\nd\u00e9terminer les masses.<\/p>\n\n\n\n<p>\nEn fin\nde semaine, nous avons utilis\u00e9 des \u00e9talons (morceaux de sucre) pour\ncomparer ses masses. Nous avions \u00e0 notre disposition 3 petits sacs\nde sable qu\u2019il fallait peser. La masse la plus importante \u00e9tait\ncelle du sac pour lequel nous avions mis le plus de sucre dans le\nplateau.<\/p>\n\n\n\n<figure class=\"wp-block-gallery columns-3 is-cropped wp-block-gallery-1 is-layout-flex wp-block-gallery-is-layout-flex\"><ul class=\"blocks-gallery-grid\"><li class=\"blocks-gallery-item\"><figure><img loading=\"lazy\" decoding=\"async\" width=\"467\" height=\"351\" src=\"https:\/\/www.ecolesaintvincentdepaul-arles.fr\/wp-content\/uploads\/2020\/02\/1-3.jpg\" alt=\"\" data-id=\"11949\" data-full-url=\"https:\/\/www.ecolesaintvincentdepaul-arles.fr\/wp-content\/uploads\/2020\/02\/1-3.jpg\" data-link=\"https:\/\/www.ecolesaintvincentdepaul-arles.fr\/?attachment_id=11949\" class=\"wp-image-11949\" srcset=\"https:\/\/www.ecolesaintvincentdepaul-arles.fr\/wp-content\/uploads\/2020\/02\/1-3.jpg 467w, https:\/\/www.ecolesaintvincentdepaul-arles.fr\/wp-content\/uploads\/2020\/02\/1-3-300x225.jpg 300w, https:\/\/www.ecolesaintvincentdepaul-arles.fr\/wp-content\/uploads\/2020\/02\/1-3-250x188.jpg 250w, https:\/\/www.ecolesaintvincentdepaul-arles.fr\/wp-content\/uploads\/2020\/02\/1-3-400x301.jpg 400w\" sizes=\"auto, (max-width: 467px) 100vw, 467px\" \/><\/figure><\/li><li class=\"blocks-gallery-item\"><figure><img loading=\"lazy\" decoding=\"async\" width=\"465\" height=\"348\" src=\"https:\/\/www.ecolesaintvincentdepaul-arles.fr\/wp-content\/uploads\/2020\/02\/2-3.jpg\" alt=\"\" data-id=\"11950\" data-full-url=\"https:\/\/www.ecolesaintvincentdepaul-arles.fr\/wp-content\/uploads\/2020\/02\/2-3.jpg\" data-link=\"https:\/\/www.ecolesaintvincentdepaul-arles.fr\/?attachment_id=11950\" class=\"wp-image-11950\" srcset=\"https:\/\/www.ecolesaintvincentdepaul-arles.fr\/wp-content\/uploads\/2020\/02\/2-3.jpg 465w, https:\/\/www.ecolesaintvincentdepaul-arles.fr\/wp-content\/uploads\/2020\/02\/2-3-300x225.jpg 300w, https:\/\/www.ecolesaintvincentdepaul-arles.fr\/wp-content\/uploads\/2020\/02\/2-3-250x187.jpg 250w, https:\/\/www.ecolesaintvincentdepaul-arles.fr\/wp-content\/uploads\/2020\/02\/2-3-400x299.jpg 400w\" sizes=\"auto, (max-width: 465px) 100vw, 465px\" \/><\/figure><\/li><li class=\"blocks-gallery-item\"><figure><img loading=\"lazy\" decoding=\"async\" width=\"532\" height=\"399\" src=\"https:\/\/www.ecolesaintvincentdepaul-arles.fr\/wp-content\/uploads\/2020\/02\/3-3.jpg\" alt=\"\" data-id=\"11951\" data-full-url=\"https:\/\/www.ecolesaintvincentdepaul-arles.fr\/wp-content\/uploads\/2020\/02\/3-3.jpg\" data-link=\"https:\/\/www.ecolesaintvincentdepaul-arles.fr\/?attachment_id=11951\" class=\"wp-image-11951\" srcset=\"https:\/\/www.ecolesaintvincentdepaul-arles.fr\/wp-content\/uploads\/2020\/02\/3-3.jpg 532w, https:\/\/www.ecolesaintvincentdepaul-arles.fr\/wp-content\/uploads\/2020\/02\/3-3-300x225.jpg 300w, https:\/\/www.ecolesaintvincentdepaul-arles.fr\/wp-content\/uploads\/2020\/02\/3-3-250x188.jpg 250w, https:\/\/www.ecolesaintvincentdepaul-arles.fr\/wp-content\/uploads\/2020\/02\/3-3-400x300.jpg 400w\" sizes=\"auto, (max-width: 532px) 100vw, 532px\" \/><\/figure><\/li><li class=\"blocks-gallery-item\"><figure><img loading=\"lazy\" decoding=\"async\" width=\"483\" height=\"362\" src=\"https:\/\/www.ecolesaintvincentdepaul-arles.fr\/wp-content\/uploads\/2020\/02\/4-2.jpg\" alt=\"\" data-id=\"11952\" data-full-url=\"https:\/\/www.ecolesaintvincentdepaul-arles.fr\/wp-content\/uploads\/2020\/02\/4-2.jpg\" data-link=\"https:\/\/www.ecolesaintvincentdepaul-arles.fr\/?attachment_id=11952\" class=\"wp-image-11952\" srcset=\"https:\/\/www.ecolesaintvincentdepaul-arles.fr\/wp-content\/uploads\/2020\/02\/4-2.jpg 483w, https:\/\/www.ecolesaintvincentdepaul-arles.fr\/wp-content\/uploads\/2020\/02\/4-2-300x225.jpg 300w, https:\/\/www.ecolesaintvincentdepaul-arles.fr\/wp-content\/uploads\/2020\/02\/4-2-250x187.jpg 250w, https:\/\/www.ecolesaintvincentdepaul-arles.fr\/wp-content\/uploads\/2020\/02\/4-2-400x300.jpg 400w\" sizes=\"auto, (max-width: 483px) 100vw, 483px\" \/><\/figure><\/li><li class=\"blocks-gallery-item\"><figure><img loading=\"lazy\" decoding=\"async\" width=\"581\" height=\"435\" src=\"https:\/\/www.ecolesaintvincentdepaul-arles.fr\/wp-content\/uploads\/2020\/02\/5-2.jpg\" alt=\"\" data-id=\"11953\" data-full-url=\"https:\/\/www.ecolesaintvincentdepaul-arles.fr\/wp-content\/uploads\/2020\/02\/5-2.jpg\" data-link=\"https:\/\/www.ecolesaintvincentdepaul-arles.fr\/?attachment_id=11953\" class=\"wp-image-11953\" srcset=\"https:\/\/www.ecolesaintvincentdepaul-arles.fr\/wp-content\/uploads\/2020\/02\/5-2.jpg 581w, https:\/\/www.ecolesaintvincentdepaul-arles.fr\/wp-content\/uploads\/2020\/02\/5-2-300x225.jpg 300w, https:\/\/www.ecolesaintvincentdepaul-arles.fr\/wp-content\/uploads\/2020\/02\/5-2-250x187.jpg 250w, https:\/\/www.ecolesaintvincentdepaul-arles.fr\/wp-content\/uploads\/2020\/02\/5-2-400x299.jpg 400w\" sizes=\"auto, (max-width: 581px) 100vw, 581px\" \/><\/figure><\/li><li class=\"blocks-gallery-item\"><figure><img loading=\"lazy\" decoding=\"async\" width=\"549\" height=\"412\" src=\"https:\/\/www.ecolesaintvincentdepaul-arles.fr\/wp-content\/uploads\/2020\/02\/6-1-e1581674770999.jpg\" alt=\"\" data-id=\"11954\" data-full-url=\"https:\/\/www.ecolesaintvincentdepaul-arles.fr\/wp-content\/uploads\/2020\/02\/6-1-e1581674770999.jpg\" data-link=\"https:\/\/www.ecolesaintvincentdepaul-arles.fr\/?attachment_id=11954\" class=\"wp-image-11954\" srcset=\"https:\/\/www.ecolesaintvincentdepaul-arles.fr\/wp-content\/uploads\/2020\/02\/6-1-e1581674770999.jpg 549w, https:\/\/www.ecolesaintvincentdepaul-arles.fr\/wp-content\/uploads\/2020\/02\/6-1-e1581674770999-300x225.jpg 300w, https:\/\/www.ecolesaintvincentdepaul-arles.fr\/wp-content\/uploads\/2020\/02\/6-1-e1581674770999-250x188.jpg 250w, https:\/\/www.ecolesaintvincentdepaul-arles.fr\/wp-content\/uploads\/2020\/02\/6-1-e1581674770999-400x300.jpg 400w\" sizes=\"auto, (max-width: 549px) 100vw, 549px\" \/><\/figure><\/li><\/ul><\/figure>\n\n\n\n<p>\n<strong>G\u00e9om\u00e9trie<\/strong><\/p>\n\n\n\n<ul class=\"wp-block-list\"><li><em>Coder\n\tet d\u00e9coder pour repr\u00e9senter un d\u00e9placement sur les lignes d\u2019un\n\tquadrillage.<\/em>\n<\/li><\/ul>\n\n\n\n<p>\nNous\navons d\u00e9but\u00e9 cette nouvelle notion en d\u00e9finissant les notions de\nlignes, n\u0153uds et quadrillage.<\/p>\n\n\n\n<p>\nPar\n2 nous avons appris \u00e0 nous d\u00e9placer sur un quadrillage en faisant\nun jeu&nbsp;: \n<\/p>\n\n\n\n<ul class=\"wp-block-list\"><li>\n\tA\n\tl\u2019aide d\u2019un d\u00e9 il fallait atteindre un tr\u00e9sor le plus\n\trapidement possible en respectant le d\u00e9placement impos\u00e9.\n<\/li><\/ul>\n\n\n\n<figure class=\"wp-block-gallery columns-3 is-cropped wp-block-gallery-2 is-layout-flex wp-block-gallery-is-layout-flex\"><ul class=\"blocks-gallery-grid\"><li class=\"blocks-gallery-item\"><figure><img loading=\"lazy\" decoding=\"async\" width=\"559\" height=\"419\" src=\"https:\/\/www.ecolesaintvincentdepaul-arles.fr\/wp-content\/uploads\/2020\/02\/7-1-e1581674749713.jpg\" alt=\"\" data-id=\"11955\" data-full-url=\"https:\/\/www.ecolesaintvincentdepaul-arles.fr\/wp-content\/uploads\/2020\/02\/7-1-e1581674749713.jpg\" data-link=\"https:\/\/www.ecolesaintvincentdepaul-arles.fr\/?attachment_id=11955\" class=\"wp-image-11955\" srcset=\"https:\/\/www.ecolesaintvincentdepaul-arles.fr\/wp-content\/uploads\/2020\/02\/7-1-e1581674749713.jpg 559w, https:\/\/www.ecolesaintvincentdepaul-arles.fr\/wp-content\/uploads\/2020\/02\/7-1-e1581674749713-300x225.jpg 300w, https:\/\/www.ecolesaintvincentdepaul-arles.fr\/wp-content\/uploads\/2020\/02\/7-1-e1581674749713-250x187.jpg 250w, https:\/\/www.ecolesaintvincentdepaul-arles.fr\/wp-content\/uploads\/2020\/02\/7-1-e1581674749713-400x300.jpg 400w\" sizes=\"auto, (max-width: 559px) 100vw, 559px\" \/><\/figure><\/li><li class=\"blocks-gallery-item\"><figure><img loading=\"lazy\" decoding=\"async\" width=\"563\" height=\"423\" src=\"https:\/\/www.ecolesaintvincentdepaul-arles.fr\/wp-content\/uploads\/2020\/02\/8-1-e1581674726796.jpg\" alt=\"\" data-id=\"11956\" data-full-url=\"https:\/\/www.ecolesaintvincentdepaul-arles.fr\/wp-content\/uploads\/2020\/02\/8-1-e1581674726796.jpg\" data-link=\"https:\/\/www.ecolesaintvincentdepaul-arles.fr\/?attachment_id=11956\" class=\"wp-image-11956\" srcset=\"https:\/\/www.ecolesaintvincentdepaul-arles.fr\/wp-content\/uploads\/2020\/02\/8-1-e1581674726796.jpg 563w, https:\/\/www.ecolesaintvincentdepaul-arles.fr\/wp-content\/uploads\/2020\/02\/8-1-e1581674726796-300x225.jpg 300w, https:\/\/www.ecolesaintvincentdepaul-arles.fr\/wp-content\/uploads\/2020\/02\/8-1-e1581674726796-250x188.jpg 250w, https:\/\/www.ecolesaintvincentdepaul-arles.fr\/wp-content\/uploads\/2020\/02\/8-1-e1581674726796-400x301.jpg 400w\" sizes=\"auto, (max-width: 563px) 100vw, 563px\" \/><\/figure><\/li><li class=\"blocks-gallery-item\"><figure><img loading=\"lazy\" decoding=\"async\" width=\"553\" height=\"415\" src=\"https:\/\/www.ecolesaintvincentdepaul-arles.fr\/wp-content\/uploads\/2020\/02\/9-1-e1581674705776.jpg\" alt=\"\" data-id=\"11957\" data-full-url=\"https:\/\/www.ecolesaintvincentdepaul-arles.fr\/wp-content\/uploads\/2020\/02\/9-1-e1581674705776.jpg\" data-link=\"https:\/\/www.ecolesaintvincentdepaul-arles.fr\/?attachment_id=11957\" class=\"wp-image-11957\" srcset=\"https:\/\/www.ecolesaintvincentdepaul-arles.fr\/wp-content\/uploads\/2020\/02\/9-1-e1581674705776.jpg 553w, https:\/\/www.ecolesaintvincentdepaul-arles.fr\/wp-content\/uploads\/2020\/02\/9-1-e1581674705776-300x225.jpg 300w, https:\/\/www.ecolesaintvincentdepaul-arles.fr\/wp-content\/uploads\/2020\/02\/9-1-e1581674705776-250x188.jpg 250w, https:\/\/www.ecolesaintvincentdepaul-arles.fr\/wp-content\/uploads\/2020\/02\/9-1-e1581674705776-400x300.jpg 400w\" sizes=\"auto, (max-width: 553px) 100vw, 553px\" \/><\/figure><\/li><li class=\"blocks-gallery-item\"><figure><img loading=\"lazy\" decoding=\"async\" width=\"556\" height=\"417\" src=\"https:\/\/www.ecolesaintvincentdepaul-arles.fr\/wp-content\/uploads\/2020\/02\/10-1-e1581674683172.jpg\" alt=\"\" data-id=\"11958\" data-full-url=\"https:\/\/www.ecolesaintvincentdepaul-arles.fr\/wp-content\/uploads\/2020\/02\/10-1-e1581674683172.jpg\" data-link=\"https:\/\/www.ecolesaintvincentdepaul-arles.fr\/?attachment_id=11958\" class=\"wp-image-11958\" srcset=\"https:\/\/www.ecolesaintvincentdepaul-arles.fr\/wp-content\/uploads\/2020\/02\/10-1-e1581674683172.jpg 556w, https:\/\/www.ecolesaintvincentdepaul-arles.fr\/wp-content\/uploads\/2020\/02\/10-1-e1581674683172-300x225.jpg 300w, https:\/\/www.ecolesaintvincentdepaul-arles.fr\/wp-content\/uploads\/2020\/02\/10-1-e1581674683172-250x188.jpg 250w, https:\/\/www.ecolesaintvincentdepaul-arles.fr\/wp-content\/uploads\/2020\/02\/10-1-e1581674683172-400x300.jpg 400w\" sizes=\"auto, (max-width: 556px) 100vw, 556px\" \/><\/figure><\/li><li class=\"blocks-gallery-item\"><figure><img loading=\"lazy\" decoding=\"async\" width=\"550\" height=\"412\" src=\"https:\/\/www.ecolesaintvincentdepaul-arles.fr\/wp-content\/uploads\/2020\/02\/11-1-e1581674660756.jpg\" alt=\"\" data-id=\"11959\" data-full-url=\"https:\/\/www.ecolesaintvincentdepaul-arles.fr\/wp-content\/uploads\/2020\/02\/11-1-e1581674660756.jpg\" data-link=\"https:\/\/www.ecolesaintvincentdepaul-arles.fr\/?attachment_id=11959\" class=\"wp-image-11959\" srcset=\"https:\/\/www.ecolesaintvincentdepaul-arles.fr\/wp-content\/uploads\/2020\/02\/11-1-e1581674660756.jpg 550w, https:\/\/www.ecolesaintvincentdepaul-arles.fr\/wp-content\/uploads\/2020\/02\/11-1-e1581674660756-300x225.jpg 300w, https:\/\/www.ecolesaintvincentdepaul-arles.fr\/wp-content\/uploads\/2020\/02\/11-1-e1581674660756-250x187.jpg 250w, https:\/\/www.ecolesaintvincentdepaul-arles.fr\/wp-content\/uploads\/2020\/02\/11-1-e1581674660756-400x300.jpg 400w\" sizes=\"auto, (max-width: 550px) 100vw, 550px\" \/><\/figure><\/li><li class=\"blocks-gallery-item\"><figure><img loading=\"lazy\" decoding=\"async\" width=\"521\" height=\"391\" src=\"https:\/\/www.ecolesaintvincentdepaul-arles.fr\/wp-content\/uploads\/2020\/02\/12-e1581674634245.jpg\" alt=\"\" data-id=\"11960\" data-full-url=\"https:\/\/www.ecolesaintvincentdepaul-arles.fr\/wp-content\/uploads\/2020\/02\/12-e1581674634245.jpg\" data-link=\"https:\/\/www.ecolesaintvincentdepaul-arles.fr\/?attachment_id=11960\" class=\"wp-image-11960\" srcset=\"https:\/\/www.ecolesaintvincentdepaul-arles.fr\/wp-content\/uploads\/2020\/02\/12-e1581674634245.jpg 521w, https:\/\/www.ecolesaintvincentdepaul-arles.fr\/wp-content\/uploads\/2020\/02\/12-e1581674634245-300x225.jpg 300w, https:\/\/www.ecolesaintvincentdepaul-arles.fr\/wp-content\/uploads\/2020\/02\/12-e1581674634245-250x188.jpg 250w, https:\/\/www.ecolesaintvincentdepaul-arles.fr\/wp-content\/uploads\/2020\/02\/12-e1581674634245-400x300.jpg 400w\" sizes=\"auto, (max-width: 521px) 100vw, 521px\" \/><\/figure><\/li><li class=\"blocks-gallery-item\"><figure><img loading=\"lazy\" decoding=\"async\" width=\"524\" height=\"393\" src=\"https:\/\/www.ecolesaintvincentdepaul-arles.fr\/wp-content\/uploads\/2020\/02\/13-e1581674614694.jpg\" alt=\"\" data-id=\"11961\" data-full-url=\"https:\/\/www.ecolesaintvincentdepaul-arles.fr\/wp-content\/uploads\/2020\/02\/13-e1581674614694.jpg\" data-link=\"https:\/\/www.ecolesaintvincentdepaul-arles.fr\/?attachment_id=11961\" class=\"wp-image-11961\" srcset=\"https:\/\/www.ecolesaintvincentdepaul-arles.fr\/wp-content\/uploads\/2020\/02\/13-e1581674614694.jpg 524w, https:\/\/www.ecolesaintvincentdepaul-arles.fr\/wp-content\/uploads\/2020\/02\/13-e1581674614694-300x225.jpg 300w, https:\/\/www.ecolesaintvincentdepaul-arles.fr\/wp-content\/uploads\/2020\/02\/13-e1581674614694-250x188.jpg 250w, https:\/\/www.ecolesaintvincentdepaul-arles.fr\/wp-content\/uploads\/2020\/02\/13-e1581674614694-400x300.jpg 400w\" sizes=\"auto, (max-width: 524px) 100vw, 524px\" \/><\/figure><\/li><\/ul><\/figure>\n\n\n\n<div class=\"wp-block-image\"><figure class=\"alignright size-thumbnail\"><img loading=\"lazy\" decoding=\"async\" width=\"150\" height=\"150\" src=\"https:\/\/www.ecolesaintvincentdepaul-arles.fr\/wp-content\/uploads\/2020\/02\/A-150x150.png\" alt=\"\" class=\"wp-image-11941\" srcset=\"https:\/\/www.ecolesaintvincentdepaul-arles.fr\/wp-content\/uploads\/2020\/02\/A-150x150.png 150w, https:\/\/www.ecolesaintvincentdepaul-arles.fr\/wp-content\/uploads\/2020\/02\/A.png 197w\" sizes=\"auto, (max-width: 150px) 100vw, 150px\" \/><\/figure><\/div>\n\n\n\n<p><strong>Atelier\nphilosophique <\/strong>\n<\/p>\n\n\n\n<p><em>Fonder\net d\u00e9fendre ses jugements en s\u2019appuyant sur sa r\u00e9flexion et sur\nsa ma\u00eetrise de l\u2019argumentation.<\/em><\/p>\n\n\n\n<p><em>Apprendre\n\u00e0 justifier  ses choix et \u00e0 confronter ses propres jugements avec\nceux des autres.<\/em><\/p>\n\n\n\n<p><em>Savoir\nremettre en causes ses jugements initiaux apr\u00e8s un d\u00e9bat argument\u00e9.<\/em><\/p>\n\n\n\n<p><strong>Faut-il\ntoujours dire la v\u00e9rit\u00e9 ?<\/strong><\/p>\n\n\n\n<ul class=\"wp-block-list\"><li>\n\tLa\n\ts\u00e9ance a d\u00e9but\u00e9 par une discussion autour de la question\n\t:&nbsp;<em>\u00ab&nbsp;Faut-il\n\ttoujours dire la v\u00e9rit\u00e9 ?<\/em>\u00ab&nbsp;\n<\/li><\/ul>\n\n\n\n<p>\nEmergences\ndes premi\u00e8res id\u00e9es&nbsp;:<\/p>\n\n\n\n<p>\n<strong>Pourquoi est-ce qu&rsquo;on\npeut mentir ?<\/strong><\/p>\n\n\n\n<p>\n<br>&#8211; pour ne pas se faire\ngronder<br>&#8211; parce qu&rsquo;on ne sait pas, parce qu&rsquo;on ne conna\u00eet pas\nquelque chose \n<\/p>\n\n\n\n<p>\n&#8211; pour r\u00e9ussir quelque\nchose \n<\/p>\n\n\n\n<p>\n&#8211; pour se prot\u00e9ger \n<\/p>\n\n\n\n<p>\n&#8211; pour essayer d&rsquo;avoir\nraison<\/p>\n\n\n\n<p>\n&#8211; pour ne pas rendre triste\nune personne, pour ne pas lui faire mal au c\u0153ur<br>&#8211; pour faire son\nint\u00e9ressant;<\/p>\n\n\n\n<p>\n&#8211; pour respecter les adultes<\/p>\n\n\n\n<p>\n&#8211; pour ne pas aggraver les\nsituations<\/p>\n\n\n\n<p>\n&#8211; pour ne pas perdre la\nconfiance des amis<br><br>\n<\/p>\n\n\n\n<p>\n<strong>De quelle fa\u00e7on peut-on\nmentir ?<br><\/strong>&#8211;\nen exag\u00e9rant<br>&#8211; en ne disant pas la v\u00e9rit\u00e9<br>&#8211; en promettant\nquelque chose qu&rsquo;on ne fera pas<br>&#8211; en racontant des choses qui\nn&rsquo;existent pas<br>&#8211; en cachant des choses<br><br><strong>Est-ce\nqu&rsquo;il y a des mensonges qui sont moins graves que d&rsquo;autres ?<br><\/strong>&#8211;\nquand ce sont de petites b\u00eatises<br>&#8211; quand c&rsquo;est quelque chose de\npas important<br>&#8211; quand ce n&rsquo;est pas juste<br>&#8211; quand \u00e7a ne fait\nmal \u00e0 personne<br>&#8211; quand ce n&rsquo;est pas dangereux<br><br><br><strong>Alors,\nfaut-il toujours dire la v\u00e9rit\u00e9 ?<br><\/strong>Oui\nle plus souvent mais parfois on est oblig\u00e9 de mentir et parfois, il\ny a de petits mensonges qui ne font de mal \u00e0 personne.<\/p>\n\n\n\n<ul class=\"wp-block-list\"><li>\n\tLors de la deuxi\u00e8me s\u00e9ance\n\tnous avons \u00e9cout\u00e9 deux histoires sur ce th\u00e8me&nbsp;:\n<\/li><\/ul>\n\n\n\n<p>\nLe bracelet disparu ,  Le\ng\u00e2teau au chocolat.<\/p>\n\n\n\n<p>\nApr\u00e8s\nla lecture des histoires, on a discut\u00e9 sur ces situations et les 3\nfins envisageables. \n<\/p>\n\n\n\n<p>\nDes\ninteractions riches et constructives ont agr\u00e9ment\u00e9 notre d\u00e9bat.<\/p>\n\n\n\n<ul class=\"wp-block-list\"><li>\n\tLa troisi\u00e8me s\u2019est\n\tengag\u00e9e autour de l\u2019album \u00ab&nbsp;Le grand championnat de\n\tmensonges&nbsp;\u00bb\n<\/li><\/ul>\n\n\n\n<p>\nCet\nalbum est tr\u00e8s riche car il superpose deux formes de d\u00e9tournement\nde la v\u00e9rit\u00e9&nbsp;: l\u2019imaginaire et le mensonge.<\/p>\n\n\n\n<p>\nVoici\nles diff\u00e9rentes situations de l\u2019histoire illustr\u00e9e par les\n\u00e9l\u00e8ves&nbsp;:<\/p>\n\n\n\n<figure class=\"wp-block-gallery columns-2 is-cropped wp-block-gallery-3 is-layout-flex wp-block-gallery-is-layout-flex\"><ul class=\"blocks-gallery-grid\"><li class=\"blocks-gallery-item\"><figure><img loading=\"lazy\" decoding=\"async\" width=\"461\" height=\"328\" src=\"https:\/\/www.ecolesaintvincentdepaul-arles.fr\/wp-content\/uploads\/2020\/02\/1-4.jpg\" alt=\"\" data-id=\"11990\" data-full-url=\"https:\/\/www.ecolesaintvincentdepaul-arles.fr\/wp-content\/uploads\/2020\/02\/1-4.jpg\" data-link=\"https:\/\/www.ecolesaintvincentdepaul-arles.fr\/?attachment_id=11990\" class=\"wp-image-11990\" srcset=\"https:\/\/www.ecolesaintvincentdepaul-arles.fr\/wp-content\/uploads\/2020\/02\/1-4.jpg 461w, https:\/\/www.ecolesaintvincentdepaul-arles.fr\/wp-content\/uploads\/2020\/02\/1-4-300x213.jpg 300w, https:\/\/www.ecolesaintvincentdepaul-arles.fr\/wp-content\/uploads\/2020\/02\/1-4-250x178.jpg 250w, https:\/\/www.ecolesaintvincentdepaul-arles.fr\/wp-content\/uploads\/2020\/02\/1-4-400x285.jpg 400w\" sizes=\"auto, (max-width: 461px) 100vw, 461px\" \/><\/figure><\/li><li class=\"blocks-gallery-item\"><figure><img loading=\"lazy\" decoding=\"async\" width=\"556\" height=\"417\" src=\"https:\/\/www.ecolesaintvincentdepaul-arles.fr\/wp-content\/uploads\/2020\/02\/2-4.jpg\" alt=\"\" data-id=\"11991\" data-full-url=\"https:\/\/www.ecolesaintvincentdepaul-arles.fr\/wp-content\/uploads\/2020\/02\/2-4.jpg\" data-link=\"https:\/\/www.ecolesaintvincentdepaul-arles.fr\/?attachment_id=11991\" class=\"wp-image-11991\" srcset=\"https:\/\/www.ecolesaintvincentdepaul-arles.fr\/wp-content\/uploads\/2020\/02\/2-4.jpg 556w, https:\/\/www.ecolesaintvincentdepaul-arles.fr\/wp-content\/uploads\/2020\/02\/2-4-300x225.jpg 300w, https:\/\/www.ecolesaintvincentdepaul-arles.fr\/wp-content\/uploads\/2020\/02\/2-4-250x188.jpg 250w, https:\/\/www.ecolesaintvincentdepaul-arles.fr\/wp-content\/uploads\/2020\/02\/2-4-400x300.jpg 400w\" sizes=\"auto, (max-width: 556px) 100vw, 556px\" \/><\/figure><\/li><\/ul><\/figure>\n\n\n\n<p>\nCet\nalbum a permis de parler du plaisir procur\u00e9 par l\u2019imaginaire mais\n\u00e9galement d\u2019apercevoir le danger quand on n\u2019arrive plus \u00e0 le\ndistinguer de la v\u00e9rit\u00e9.<\/p>\n\n\n\n<p>\nCet\natelier philosophique a \u00e9t\u00e9 particuli\u00e8rement int\u00e9ressant, il a\nsuscit\u00e9 de vrais d\u00e9bats.<\/p>\n\n\n\n<p>\nIls\nsont \u00e9chang\u00e9s, expliqu\u00e9s leur choix en argumentant.<\/p>\n","protected":false},"excerpt":{"rendered":"<p>Math\u00e9matiques Mesures Comparer des masses avec ou sans unit\u00e9 \u00e9talon. Nous avons effectu\u00e9 des pes\u00e9es avec la balance de Roberval qui nous ont permis de d\u00e9couvrir que sur le plateau du bas se trouvait l\u2019objet le plus lourd. Nous avons &hellip; <a href=\"https:\/\/www.ecolesaintvincentdepaul-arles.fr\/?p=11947\">Continuer la lecture <span class=\"meta-nav\">&rarr;<\/span><\/a><\/p>\n","protected":false},"author":7,"featured_media":0,"comment_status":"closed","ping_status":"closed","sticky":false,"template":"","format":"standard","meta":{"footnotes":""},"categories":[17,63],"tags":[],"class_list":["post-11947","post","type-post","status-publish","format-standard","hentry","category-gs_cp","category-ecole-elementaire"],"_links":{"self":[{"href":"https:\/\/www.ecolesaintvincentdepaul-arles.fr\/index.php?rest_route=\/wp\/v2\/posts\/11947","targetHints":{"allow":["GET"]}}],"collection":[{"href":"https:\/\/www.ecolesaintvincentdepaul-arles.fr\/index.php?rest_route=\/wp\/v2\/posts"}],"about":[{"href":"https:\/\/www.ecolesaintvincentdepaul-arles.fr\/index.php?rest_route=\/wp\/v2\/types\/post"}],"author":[{"embeddable":true,"href":"https:\/\/www.ecolesaintvincentdepaul-arles.fr\/index.php?rest_route=\/wp\/v2\/users\/7"}],"replies":[{"embeddable":true,"href":"https:\/\/www.ecolesaintvincentdepaul-arles.fr\/index.php?rest_route=%2Fwp%2Fv2%2Fcomments&post=11947"}],"version-history":[{"count":0,"href":"https:\/\/www.ecolesaintvincentdepaul-arles.fr\/index.php?rest_route=\/wp\/v2\/posts\/11947\/revisions"}],"wp:attachment":[{"href":"https:\/\/www.ecolesaintvincentdepaul-arles.fr\/index.php?rest_route=%2Fwp%2Fv2%2Fmedia&parent=11947"}],"wp:term":[{"taxonomy":"category","embeddable":true,"href":"https:\/\/www.ecolesaintvincentdepaul-arles.fr\/index.php?rest_route=%2Fwp%2Fv2%2Fcategories&post=11947"},{"taxonomy":"post_tag","embeddable":true,"href":"https:\/\/www.ecolesaintvincentdepaul-arles.fr\/index.php?rest_route=%2Fwp%2Fv2%2Ftags&post=11947"}],"curies":[{"name":"wp","href":"https:\/\/api.w.org\/{rel}","templated":true}]}}