{"id":12558,"date":"2020-10-21T09:03:56","date_gmt":"2020-10-21T07:03:56","guid":{"rendered":"https:\/\/www.ecolesaintvincentdepaul-arles.fr\/?p=12558"},"modified":"2020-10-29T13:42:03","modified_gmt":"2020-10-29T12:42:03","slug":"rentree-en-douceur-pour-les-tps-ps","status":"publish","type":"post","link":"https:\/\/www.ecolesaintvincentdepaul-arles.fr\/?p=12558","title":{"rendered":"Rentr\u00e9e en douceur pour les TPS-PS."},"content":{"rendered":"\n<p>Les \u00e9l\u00e8ves de toute petite et petite section ont d\u00e9but\u00e9 l\u2019ann\u00e9e guid\u00e9s par les parapluies-origami et les bulles de savon de C\u00e9line, notre Asem. De quoi les rassurer et apaiser leur crainte d\u2019une premi\u00e8re rentr\u00e9e particuli\u00e8re.<\/p>\n\n\n\n<p>Ces quelques semaines ont \u00e9t\u00e9 l\u2019occasion de d\u00e9couvrir ses camarades et de commencer \u00e0 b\u00e2tir un collectif. Cette notion, primordiale pour la socialisation, a \u00e9t\u00e9 plac\u00e9e au c\u0153ur des apprentissages, tant lors des ateliers que des r\u00e9cr\u00e9ations ou autres temps collectifs.<\/p>\n\n\n\n<figure class=\"wp-block-gallery columns-2 is-cropped wp-block-gallery-1 is-layout-flex wp-block-gallery-is-layout-flex\"><ul class=\"blocks-gallery-grid\"><li class=\"blocks-gallery-item\"><figure><img loading=\"lazy\" decoding=\"async\" width=\"1024\" height=\"768\" src=\"https:\/\/www.ecolesaintvincentdepaul-arles.fr\/wp-content\/uploads\/2020\/10\/1-7-1024x768.jpg\" alt=\"\" data-id=\"12560\" class=\"wp-image-12560\" srcset=\"https:\/\/www.ecolesaintvincentdepaul-arles.fr\/wp-content\/uploads\/2020\/10\/1-7-1024x768.jpg 1024w, https:\/\/www.ecolesaintvincentdepaul-arles.fr\/wp-content\/uploads\/2020\/10\/1-7-300x225.jpg 300w, https:\/\/www.ecolesaintvincentdepaul-arles.fr\/wp-content\/uploads\/2020\/10\/1-7-768x576.jpg 768w, https:\/\/www.ecolesaintvincentdepaul-arles.fr\/wp-content\/uploads\/2020\/10\/1-7-600x450.jpg 600w, https:\/\/www.ecolesaintvincentdepaul-arles.fr\/wp-content\/uploads\/2020\/10\/1-7-250x188.jpg 250w, https:\/\/www.ecolesaintvincentdepaul-arles.fr\/wp-content\/uploads\/2020\/10\/1-7-400x300.jpg 400w, https:\/\/www.ecolesaintvincentdepaul-arles.fr\/wp-content\/uploads\/2020\/10\/1-7.jpg 1385w\" sizes=\"auto, (max-width: 1024px) 100vw, 1024px\" \/><\/figure><\/li><li class=\"blocks-gallery-item\"><figure><img loading=\"lazy\" decoding=\"async\" width=\"1024\" height=\"768\" src=\"https:\/\/www.ecolesaintvincentdepaul-arles.fr\/wp-content\/uploads\/2020\/10\/2-6-1024x768.jpg\" alt=\"\" data-id=\"12561\" data-full-url=\"https:\/\/www.ecolesaintvincentdepaul-arles.fr\/wp-content\/uploads\/2020\/10\/2-6.jpg\" data-link=\"https:\/\/www.ecolesaintvincentdepaul-arles.fr\/?attachment_id=12561\" class=\"wp-image-12561\" srcset=\"https:\/\/www.ecolesaintvincentdepaul-arles.fr\/wp-content\/uploads\/2020\/10\/2-6-1024x768.jpg 1024w, https:\/\/www.ecolesaintvincentdepaul-arles.fr\/wp-content\/uploads\/2020\/10\/2-6-300x225.jpg 300w, https:\/\/www.ecolesaintvincentdepaul-arles.fr\/wp-content\/uploads\/2020\/10\/2-6-768x576.jpg 768w, https:\/\/www.ecolesaintvincentdepaul-arles.fr\/wp-content\/uploads\/2020\/10\/2-6-600x450.jpg 600w, https:\/\/www.ecolesaintvincentdepaul-arles.fr\/wp-content\/uploads\/2020\/10\/2-6-250x188.jpg 250w, https:\/\/www.ecolesaintvincentdepaul-arles.fr\/wp-content\/uploads\/2020\/10\/2-6-400x300.jpg 400w, https:\/\/www.ecolesaintvincentdepaul-arles.fr\/wp-content\/uploads\/2020\/10\/2-6.jpg 1386w\" sizes=\"auto, (max-width: 1024px) 100vw, 1024px\" \/><\/figure><\/li><\/ul><\/figure>\n\n\n\n<p>Apr\u00e8s avoir abord\u00e9 le th\u00e8me de la rentr\u00e9e avec l\u2019album <em>P\u2019tit loup rentre \u00e0 l\u2019\u00e9cole<\/em>, place \u00e0 l\u2019automne. Nous nous sommes d\u00e9plac\u00e9s dans la cour de r\u00e9cr\u00e9ation des \u00ab&nbsp;grands&nbsp;\u00bb pour observer les manifestations de cette saison&nbsp;: feuilles qui tombent, froid\u2026 Nous en avons profit\u00e9 pour collecter quelques feuilles d\u2019arbres, qui nous ont servi lors des ateliers. Tous les \u00e9l\u00e8ves font preuve d\u2019une cr\u00e9ativit\u00e9 d\u00e9bordante, qui transpara\u00eet dans leurs diff\u00e9rentes r\u00e9alisations.<\/p>\n\n\n\n<figure class=\"wp-block-image size-large\"><img loading=\"lazy\" decoding=\"async\" width=\"1024\" height=\"768\" src=\"https:\/\/www.ecolesaintvincentdepaul-arles.fr\/wp-content\/uploads\/2020\/10\/3-6-1024x768.jpg\" alt=\"\" class=\"wp-image-12563\" srcset=\"https:\/\/www.ecolesaintvincentdepaul-arles.fr\/wp-content\/uploads\/2020\/10\/3-6-1024x768.jpg 1024w, https:\/\/www.ecolesaintvincentdepaul-arles.fr\/wp-content\/uploads\/2020\/10\/3-6-300x225.jpg 300w, https:\/\/www.ecolesaintvincentdepaul-arles.fr\/wp-content\/uploads\/2020\/10\/3-6-768x576.jpg 768w, https:\/\/www.ecolesaintvincentdepaul-arles.fr\/wp-content\/uploads\/2020\/10\/3-6-600x450.jpg 600w, https:\/\/www.ecolesaintvincentdepaul-arles.fr\/wp-content\/uploads\/2020\/10\/3-6-250x188.jpg 250w, https:\/\/www.ecolesaintvincentdepaul-arles.fr\/wp-content\/uploads\/2020\/10\/3-6-400x300.jpg 400w, https:\/\/www.ecolesaintvincentdepaul-arles.fr\/wp-content\/uploads\/2020\/10\/3-6.jpg 1386w\" sizes=\"auto, (max-width: 1024px) 100vw, 1024px\" \/><\/figure>\n\n\n\n<p>En motricit\u00e9, outre la r\u00e9alisation de diff\u00e9rents parcours mobilisant notre habilet\u00e9 et notre sens de l\u2019\u00e9quilibre, nous avons d\u00e9couvert les multiples utilisations des balles et ballons, et avons appris \u00e0 danser en ronde.<\/p>\n\n\n\n<figure class=\"wp-block-image size-large\"><img loading=\"lazy\" decoding=\"async\" width=\"1024\" height=\"768\" src=\"https:\/\/www.ecolesaintvincentdepaul-arles.fr\/wp-content\/uploads\/2020\/10\/4-6-1024x768.jpg\" alt=\"\" class=\"wp-image-12562\" srcset=\"https:\/\/www.ecolesaintvincentdepaul-arles.fr\/wp-content\/uploads\/2020\/10\/4-6-1024x768.jpg 1024w, https:\/\/www.ecolesaintvincentdepaul-arles.fr\/wp-content\/uploads\/2020\/10\/4-6-300x225.jpg 300w, https:\/\/www.ecolesaintvincentdepaul-arles.fr\/wp-content\/uploads\/2020\/10\/4-6-768x576.jpg 768w, https:\/\/www.ecolesaintvincentdepaul-arles.fr\/wp-content\/uploads\/2020\/10\/4-6-600x450.jpg 600w, https:\/\/www.ecolesaintvincentdepaul-arles.fr\/wp-content\/uploads\/2020\/10\/4-6-250x188.jpg 250w, https:\/\/www.ecolesaintvincentdepaul-arles.fr\/wp-content\/uploads\/2020\/10\/4-6-400x300.jpg 400w, https:\/\/www.ecolesaintvincentdepaul-arles.fr\/wp-content\/uploads\/2020\/10\/4-6.jpg 1386w\" sizes=\"auto, (max-width: 1024px) 100vw, 1024px\" \/><\/figure>\n\n\n\n<p>Les comptines (et leurs gestes) sont particuli\u00e8rement appr\u00e9ci\u00e9es. Ainsi, nous prenons plaisir \u00e0 chanter <em>Tourne, tourne petit moulin<\/em>, <em>Pomme de reinette et pomme d\u2019api<\/em>, <em>Les crocodiles<\/em>, <em>Dans sa maison un grand cerf<\/em> ou encore <em>Promenons nous dans les bois<\/em>. Nous commen\u00e7ons \u00e9galement \u00e0 acqu\u00e9rir la notion de rythme gr\u00e2ce aux sons produits par le cajon.<\/p>\n\n\n\n<p>Un tableau interactif, arriv\u00e9 il y a peu, nous permet de r\u00e9investir nos premiers apprentissages au travers de jeux \u00e9ducatifs, mais aussi de travailler la chor\u00e9graphie de <em>Head, shoulders, knees and toes<\/em>, chanson que nous apprenons en anglais.<\/p>\n\n\n\n<p>En plus d\u2019occuper une place primordiale lors des ateliers, le langage et les math\u00e9matiques sont plac\u00e9s au c\u0153ur de nos rituels quotidiens, au travers d\u2019activit\u00e9s ludiques&nbsp;: appel, compr\u00e9hension d\u2019histoires&#8230;<\/p>\n\n\n\n<p>Avant les vacances, nous allons avoir la chance de b\u00e9n\u00e9ficier de la premi\u00e8re intervention de notre projet chant choral autour du jazz, qui r\u00e9unit les classes de TPS-PS au CE1.<\/p>\n","protected":false},"excerpt":{"rendered":"<p>Les \u00e9l\u00e8ves de toute petite et petite section ont d\u00e9but\u00e9 l\u2019ann\u00e9e guid\u00e9s par les parapluies-origami et les bulles de savon de C\u00e9line, notre Asem. De quoi les rassurer et apaiser leur crainte d\u2019une premi\u00e8re rentr\u00e9e particuli\u00e8re. Ces quelques semaines ont &hellip; <a href=\"https:\/\/www.ecolesaintvincentdepaul-arles.fr\/?p=12558\">Continuer la lecture <span class=\"meta-nav\">&rarr;<\/span><\/a><\/p>\n","protected":false},"author":22,"featured_media":0,"comment_status":"closed","ping_status":"closed","sticky":false,"template":"","format":"standard","meta":{"footnotes":""},"categories":[62,3],"tags":[],"class_list":["post-12558","post","type-post","status-publish","format-standard","hentry","category-ecole-maternelle","category-petite_section"],"_links":{"self":[{"href":"https:\/\/www.ecolesaintvincentdepaul-arles.fr\/index.php?rest_route=\/wp\/v2\/posts\/12558","targetHints":{"allow":["GET"]}}],"collection":[{"href":"https:\/\/www.ecolesaintvincentdepaul-arles.fr\/index.php?rest_route=\/wp\/v2\/posts"}],"about":[{"href":"https:\/\/www.ecolesaintvincentdepaul-arles.fr\/index.php?rest_route=\/wp\/v2\/types\/post"}],"author":[{"embeddable":true,"href":"https:\/\/www.ecolesaintvincentdepaul-arles.fr\/index.php?rest_route=\/wp\/v2\/users\/22"}],"replies":[{"embeddable":true,"href":"https:\/\/www.ecolesaintvincentdepaul-arles.fr\/index.php?rest_route=%2Fwp%2Fv2%2Fcomments&post=12558"}],"version-history":[{"count":0,"href":"https:\/\/www.ecolesaintvincentdepaul-arles.fr\/index.php?rest_route=\/wp\/v2\/posts\/12558\/revisions"}],"wp:attachment":[{"href":"https:\/\/www.ecolesaintvincentdepaul-arles.fr\/index.php?rest_route=%2Fwp%2Fv2%2Fmedia&parent=12558"}],"wp:term":[{"taxonomy":"category","embeddable":true,"href":"https:\/\/www.ecolesaintvincentdepaul-arles.fr\/index.php?rest_route=%2Fwp%2Fv2%2Fcategories&post=12558"},{"taxonomy":"post_tag","embeddable":true,"href":"https:\/\/www.ecolesaintvincentdepaul-arles.fr\/index.php?rest_route=%2Fwp%2Fv2%2Ftags&post=12558"}],"curies":[{"name":"wp","href":"https:\/\/api.w.org\/{rel}","templated":true}]}}