{"id":12640,"date":"2020-10-19T07:36:36","date_gmt":"2020-10-19T05:36:36","guid":{"rendered":"https:\/\/www.ecolesaintvincentdepaul-arles.fr\/?p=12640"},"modified":"2020-11-26T08:06:10","modified_gmt":"2020-11-26T07:06:10","slug":"premiere-periode-en-cm1-cm2","status":"publish","type":"post","link":"https:\/\/www.ecolesaintvincentdepaul-arles.fr\/?p=12640","title":{"rendered":"Premi\u00e8re p\u00e9riode en CM1\/CM2."},"content":{"rendered":"\n<p>Pour la rentr\u00e9e, la ma\u00eetresse nous a r\u00e9serv\u00e9 une surprise.<\/p>\n\n\n\n<p>Elle a \u00e9crit au tableau, en lettres capitales&nbsp;: \u00ab&nbsp;L&rsquo;ECOLE NE SERT A RIEN&nbsp;\u00bb<\/p>\n\n\n\n<p>Incroyable non&nbsp;?<\/p>\n\n\n\n<p>Elle a demand\u00e9 \u00e0 un \u00e9l\u00e8ve de lire cette phrase, ce qu&rsquo;il a fait sans difficult\u00e9s, et a sembl\u00e9 satisfaite du r\u00e9sultat.<\/p>\n\n\n\n<p>Devant notre \u00e9tonnement, elle a continu\u00e9 en \u00e9crivant cette addition au tableau<\/p>\n\n\n\n<p>2+5+9 = 14<\/p>\n\n\n\n<p>On a presque tous lev\u00e9 le doigt pour lui dire qu&rsquo;elle s&rsquo;\u00e9tait tromp\u00e9e et que 2+5+9 \u00e7a faisait 16. Elle a corrig\u00e9 et semblait toujours aussi contente.<\/p>\n\n\n\n<p>On \u00e9tait de plus en plus surpris.<\/p>\n\n\n\n<p>Alors elle a d\u00e9clar\u00e9 que tout le monde dans cette classe avait l&rsquo;air de savoir lire \u00e9crire et compter et que donc, si l&rsquo;\u00e9cole servait seulement \u00e0 apprendre \u00e0 lire, \u00e9crire et compter, elle se demandait bien ce qu&rsquo;on allait faire toute l&rsquo;ann\u00e9e.<\/p>\n\n\n\n<p>Alors, on a r\u00e9fl\u00e9chi bien vite \u00e0 ce probl\u00e8me et on a trouv\u00e9 que l&rsquo;\u00e9cole \u00e7a servait aussi \u00e0 s&rsquo;\u00e9tonner, \u00e0 assouvir et d\u00e9velopper sa curiosit\u00e9, \u00e0 comprendre le monde, \u00e0 \u00eatre ensemble, \u00e0 se tromper pour apprendre de ses erreurs et ne plus les refaire, et bien s\u00fbr \u00e0 apprendre \u00e0 lire, \u00e9crire, compter pour devenir expert dans ces domaines.<\/p>\n\n\n\n<p>Si on ne va pas \u00e0 l&rsquo;\u00e9cole, notre cerveau s&rsquo;\u00e9tiole c&rsquo;est pour \u00e7a qu&rsquo;elle est obligatoire.<\/p>\n\n\n\n<figure class=\"wp-block-gallery columns-2 is-cropped wp-block-gallery-1 is-layout-flex wp-block-gallery-is-layout-flex\"><ul class=\"blocks-gallery-grid\"><li class=\"blocks-gallery-item\"><figure><img loading=\"lazy\" decoding=\"async\" width=\"1024\" height=\"768\" src=\"https:\/\/www.ecolesaintvincentdepaul-arles.fr\/wp-content\/uploads\/2020\/10\/photo_1-1024x768.jpg\" alt=\"\" data-id=\"12643\" data-full-url=\"https:\/\/www.ecolesaintvincentdepaul-arles.fr\/wp-content\/uploads\/2020\/10\/photo_1-scaled.jpg\" data-link=\"https:\/\/www.ecolesaintvincentdepaul-arles.fr\/?attachment_id=12643\" class=\"wp-image-12643\" srcset=\"https:\/\/www.ecolesaintvincentdepaul-arles.fr\/wp-content\/uploads\/2020\/10\/photo_1-1024x768.jpg 1024w, https:\/\/www.ecolesaintvincentdepaul-arles.fr\/wp-content\/uploads\/2020\/10\/photo_1-300x225.jpg 300w, https:\/\/www.ecolesaintvincentdepaul-arles.fr\/wp-content\/uploads\/2020\/10\/photo_1-768x576.jpg 768w, https:\/\/www.ecolesaintvincentdepaul-arles.fr\/wp-content\/uploads\/2020\/10\/photo_1-600x450.jpg 600w, https:\/\/www.ecolesaintvincentdepaul-arles.fr\/wp-content\/uploads\/2020\/10\/photo_1-1536x1152.jpg 1536w, https:\/\/www.ecolesaintvincentdepaul-arles.fr\/wp-content\/uploads\/2020\/10\/photo_1-2048x1536.jpg 2048w, https:\/\/www.ecolesaintvincentdepaul-arles.fr\/wp-content\/uploads\/2020\/10\/photo_1-250x188.jpg 250w, https:\/\/www.ecolesaintvincentdepaul-arles.fr\/wp-content\/uploads\/2020\/10\/photo_1-400x300.jpg 400w\" sizes=\"auto, (max-width: 1024px) 100vw, 1024px\" \/><\/figure><\/li><li class=\"blocks-gallery-item\"><figure><img loading=\"lazy\" decoding=\"async\" width=\"210\" height=\"316\" src=\"https:\/\/www.ecolesaintvincentdepaul-arles.fr\/wp-content\/uploads\/2020\/10\/Photo2.jpg\" alt=\"\" data-id=\"12645\" data-full-url=\"https:\/\/www.ecolesaintvincentdepaul-arles.fr\/wp-content\/uploads\/2020\/10\/Photo2.jpg\" data-link=\"https:\/\/www.ecolesaintvincentdepaul-arles.fr\/?attachment_id=12645\" class=\"wp-image-12645\" srcset=\"https:\/\/www.ecolesaintvincentdepaul-arles.fr\/wp-content\/uploads\/2020\/10\/Photo2.jpg 210w, https:\/\/www.ecolesaintvincentdepaul-arles.fr\/wp-content\/uploads\/2020\/10\/Photo2-199x300.jpg 199w\" sizes=\"auto, (max-width: 210px) 100vw, 210px\" \/><\/figure><\/li><\/ul><\/figure>\n\n\n\n<p>Pendant cette p\u00e9riode nous \u00e9tudions le roman de Fran\u00e7ois Braud&nbsp;: l&rsquo;Ecole \u00e7a sert \u00e0 rien.&nbsp;\u00bb<\/p>\n\n\n\n<p>La ma\u00eetresse nous a avou\u00e9 que c&rsquo;est l\u00e0 dedans qu&rsquo;elle avait pris son id\u00e9e originale pour la rentr\u00e9e.<\/p>\n\n\n\n<p>Ce roman nous int\u00e9resse beaucoup, il nous fait r\u00e9fl\u00e9chir.<\/p>\n\n\n\n<p>Le h\u00e9ros, Vincent, qui est en CM1, rencontre un enfant du m\u00eame \u00e2ge que lui, qui n&rsquo;a pas de pr\u00e9nom. On l&rsquo;appelle le \u00ab&nbsp;P&rsquo;tit&nbsp;\u00bb. Il vit chez ses grands parents et ne sait ni lire ni \u00e9crire car il ne va pas \u00e0 l&rsquo;\u00e9cole.<\/p>\n\n\n\n<p>Cela nous semble impossible car lors de notre naissance on nous a d\u00e9clar\u00e9 \u00e0 la mairie, nos parents nous ont donn\u00e9 un pr\u00e9nom.<\/p>\n\n\n\n<p>Ainsi nous avons re\u00e7u une identit\u00e9, unique et une existence l\u00e9gale.<\/p>\n\n\n\n<p>Cette situation tr\u00e8s \u00e9trange du \u00ab&nbsp;Ptit&nbsp;\u00bb doit cacher un terrible secret, nous avons h\u00e2te de le d\u00e9couvrir.<\/p>\n\n\n\n<p>On a fait quelques hypoth\u00e8ses qu&rsquo;on a \u00e9crit et qu&rsquo;on comparera avec l&rsquo;explication du romancier.<\/p>\n\n\n\n<p>Peut \u00eatre que ses grands-parents pr\u00e9f\u00e8rent le garder avec eux parce qu&rsquo;il est malade, ou alors parce qu&rsquo;ils pensent que c&rsquo;est plus utile pour lui de travailler avec eux \u00e0 la ferme\u00a0?<\/p>\n\n\n\n<p>Mais, s&rsquo;il ne va pas \u00e0 l&rsquo;\u00e9cole comment pourra-t-il choisir un m\u00e9tier qui l\u2019int\u00e9resse\u00a0?<\/p>\n\n\n\n<p>S&rsquo;il ne sait ni lire, ni \u00e9crire sa vie quotidienne \u2013 remplir les papiers, faire les courses, conduire&#8230; &#8211; sera tr\u00e8s compliqu\u00e9e.<\/p>\n\n\n\n<p>On a h\u00e2te de savoir comment tout cela se terminera.<\/p>\n\n\n\n<p>Toute ces r\u00e9flexions sur notre identit\u00e9 unique nous ont donn\u00e9 envie de travailler en Arts Visuels sur l&rsquo;autoportrait.<\/p>\n\n\n\n<p>La ma\u00eetresse nous a propos\u00e9 de r\u00e9aliser notre autoportrait dans un cadre repr\u00e9sentant un \u00e9cran de t\u00e9l\u00e9phone portable.<\/p>\n\n\n\n<p>Elle nous a dit que \u00ab&nbsp;selfie&nbsp;\u00bb en Fran\u00e7ais se disait maintenant, \u00ab&nbsp;egoportrait&nbsp;\u00bb, du latin \u00ab&nbsp;ego&nbsp;\u00bb qui veut dire moi-m\u00eame.<\/p>\n\n\n\n<p>On a trouv\u00e9 cette activit\u00e9 amusante, surtout que dans une bulle on devait \u00e9crire pourquoi on pensait \u00eatre des bons \u00e9coliers.<\/p>\n\n\n\n<p>Voici donc nos \u00ab&nbsp;egoportraits&nbsp;\u00bb<\/p>\n\n\n\n<figure class=\"wp-block-gallery columns-2 is-cropped wp-block-gallery-2 is-layout-flex wp-block-gallery-is-layout-flex\"><ul class=\"blocks-gallery-grid\"><li class=\"blocks-gallery-item\"><figure><img loading=\"lazy\" decoding=\"async\" width=\"482\" height=\"1024\" src=\"https:\/\/www.ecolesaintvincentdepaul-arles.fr\/wp-content\/uploads\/2020\/10\/photo_3-482x1024.jpg\" alt=\"\" data-id=\"12644\" data-full-url=\"https:\/\/www.ecolesaintvincentdepaul-arles.fr\/wp-content\/uploads\/2020\/10\/photo_3-scaled.jpg\" data-link=\"https:\/\/www.ecolesaintvincentdepaul-arles.fr\/?attachment_id=12644\" class=\"wp-image-12644\" srcset=\"https:\/\/www.ecolesaintvincentdepaul-arles.fr\/wp-content\/uploads\/2020\/10\/photo_3-482x1024.jpg 482w, https:\/\/www.ecolesaintvincentdepaul-arles.fr\/wp-content\/uploads\/2020\/10\/photo_3-141x300.jpg 141w, https:\/\/www.ecolesaintvincentdepaul-arles.fr\/wp-content\/uploads\/2020\/10\/photo_3-768x1631.jpg 768w, https:\/\/www.ecolesaintvincentdepaul-arles.fr\/wp-content\/uploads\/2020\/10\/photo_3-600x1274.jpg 600w, https:\/\/www.ecolesaintvincentdepaul-arles.fr\/wp-content\/uploads\/2020\/10\/photo_3-723x1536.jpg 723w, https:\/\/www.ecolesaintvincentdepaul-arles.fr\/wp-content\/uploads\/2020\/10\/photo_3-964x2048.jpg 964w, https:\/\/www.ecolesaintvincentdepaul-arles.fr\/wp-content\/uploads\/2020\/10\/photo_3-250x531.jpg 250w, https:\/\/www.ecolesaintvincentdepaul-arles.fr\/wp-content\/uploads\/2020\/10\/photo_3-283x600.jpg 283w, https:\/\/www.ecolesaintvincentdepaul-arles.fr\/wp-content\/uploads\/2020\/10\/photo_3-scaled.jpg 1206w\" sizes=\"auto, (max-width: 482px) 100vw, 482px\" \/><\/figure><\/li><li class=\"blocks-gallery-item\"><figure><img loading=\"lazy\" decoding=\"async\" width=\"634\" height=\"1024\" src=\"https:\/\/www.ecolesaintvincentdepaul-arles.fr\/wp-content\/uploads\/2020\/10\/PHOTO4-634x1024.jpg\" alt=\"\" data-id=\"12646\" data-full-url=\"https:\/\/www.ecolesaintvincentdepaul-arles.fr\/wp-content\/uploads\/2020\/10\/PHOTO4-scaled.jpg\" data-link=\"https:\/\/www.ecolesaintvincentdepaul-arles.fr\/?attachment_id=12646\" class=\"wp-image-12646\" srcset=\"https:\/\/www.ecolesaintvincentdepaul-arles.fr\/wp-content\/uploads\/2020\/10\/PHOTO4-634x1024.jpg 634w, https:\/\/www.ecolesaintvincentdepaul-arles.fr\/wp-content\/uploads\/2020\/10\/PHOTO4-186x300.jpg 186w, https:\/\/www.ecolesaintvincentdepaul-arles.fr\/wp-content\/uploads\/2020\/10\/PHOTO4-768x1241.jpg 768w, https:\/\/www.ecolesaintvincentdepaul-arles.fr\/wp-content\/uploads\/2020\/10\/PHOTO4-600x970.jpg 600w, https:\/\/www.ecolesaintvincentdepaul-arles.fr\/wp-content\/uploads\/2020\/10\/PHOTO4-951x1536.jpg 951w, https:\/\/www.ecolesaintvincentdepaul-arles.fr\/wp-content\/uploads\/2020\/10\/PHOTO4-1267x2048.jpg 1267w, https:\/\/www.ecolesaintvincentdepaul-arles.fr\/wp-content\/uploads\/2020\/10\/PHOTO4-250x404.jpg 250w, https:\/\/www.ecolesaintvincentdepaul-arles.fr\/wp-content\/uploads\/2020\/10\/PHOTO4-371x600.jpg 371w, https:\/\/www.ecolesaintvincentdepaul-arles.fr\/wp-content\/uploads\/2020\/10\/PHOTO4-scaled.jpg 1584w\" sizes=\"auto, (max-width: 634px) 100vw, 634px\" \/><\/figure><\/li><\/ul><\/figure>\n","protected":false},"excerpt":{"rendered":"<p>Pour la rentr\u00e9e, la ma\u00eetresse nous a r\u00e9serv\u00e9 une surprise. Elle a \u00e9crit au tableau, en lettres capitales&nbsp;: \u00ab&nbsp;L&rsquo;ECOLE NE SERT A RIEN&nbsp;\u00bb Incroyable non&nbsp;? Elle a demand\u00e9 \u00e0 un \u00e9l\u00e8ve de lire cette phrase, ce qu&rsquo;il a fait sans &hellip; <a href=\"https:\/\/www.ecolesaintvincentdepaul-arles.fr\/?p=12640\">Continuer la lecture <span class=\"meta-nav\">&rarr;<\/span><\/a><\/p>\n","protected":false},"author":4,"featured_media":0,"comment_status":"closed","ping_status":"closed","sticky":false,"template":"","format":"standard","meta":{"footnotes":""},"categories":[22,63,1],"tags":[],"class_list":["post-12640","post","type-post","status-publish","format-standard","hentry","category-cm1_cm2","category-ecole-elementaire","category-non-classe"],"_links":{"self":[{"href":"https:\/\/www.ecolesaintvincentdepaul-arles.fr\/index.php?rest_route=\/wp\/v2\/posts\/12640","targetHints":{"allow":["GET"]}}],"collection":[{"href":"https:\/\/www.ecolesaintvincentdepaul-arles.fr\/index.php?rest_route=\/wp\/v2\/posts"}],"about":[{"href":"https:\/\/www.ecolesaintvincentdepaul-arles.fr\/index.php?rest_route=\/wp\/v2\/types\/post"}],"author":[{"embeddable":true,"href":"https:\/\/www.ecolesaintvincentdepaul-arles.fr\/index.php?rest_route=\/wp\/v2\/users\/4"}],"replies":[{"embeddable":true,"href":"https:\/\/www.ecolesaintvincentdepaul-arles.fr\/index.php?rest_route=%2Fwp%2Fv2%2Fcomments&post=12640"}],"version-history":[{"count":0,"href":"https:\/\/www.ecolesaintvincentdepaul-arles.fr\/index.php?rest_route=\/wp\/v2\/posts\/12640\/revisions"}],"wp:attachment":[{"href":"https:\/\/www.ecolesaintvincentdepaul-arles.fr\/index.php?rest_route=%2Fwp%2Fv2%2Fmedia&parent=12640"}],"wp:term":[{"taxonomy":"category","embeddable":true,"href":"https:\/\/www.ecolesaintvincentdepaul-arles.fr\/index.php?rest_route=%2Fwp%2Fv2%2Fcategories&post=12640"},{"taxonomy":"post_tag","embeddable":true,"href":"https:\/\/www.ecolesaintvincentdepaul-arles.fr\/index.php?rest_route=%2Fwp%2Fv2%2Ftags&post=12640"}],"curies":[{"name":"wp","href":"https:\/\/api.w.org\/{rel}","templated":true}]}}