{"id":13092,"date":"2021-02-20T09:20:42","date_gmt":"2021-02-20T08:20:42","guid":{"rendered":"https:\/\/www.ecolesaintvincentdepaul-arles.fr\/?p=13092"},"modified":"2021-03-05T14:07:01","modified_gmt":"2021-03-05T13:07:01","slug":"en-cm2-periode-3","status":"publish","type":"post","link":"https:\/\/www.ecolesaintvincentdepaul-arles.fr\/?p=13092","title":{"rendered":"En CM2 (p\u00e9riode 3)."},"content":{"rendered":"\n<p><strong>MHM<\/strong><\/p>\n\n\n\n<p>Apr\u00e8s leurs camarades de CE2\/CM1 entr\u00e9s dans l&rsquo;exp\u00e9rimentation l&rsquo;ann\u00e9e pr\u00e9c\u00e9dente, les \u00e9l\u00e8ves de  CP, CP\/CE1 et  cm2 ont cette ann\u00e9e investi l&rsquo;apprentissage de la discipline au travers une d\u00e9marche \u00ab\u00a0heuristique\u00a0\u00bb \u00e9labor\u00e9e par deux math\u00e9maticiens appartenant au champ d&rsquo;\u00e9tude actuel. <br>Verbalisation, distanciation,  manipulation, r\u00e9troaction des apprentissages, coop\u00e9ration en sont les matrices qui d\u00e9veloppent chez l&rsquo;enfant outre des habilet\u00e9s, un acc\u00e8s \u00e0 la culture math\u00e9matique.  <br>L&rsquo;objectif est d&rsquo;amener les \u00e9l\u00e8ves \u00e0 donner du sens  en \u00e9tablissant des passerelles entre les contenus math\u00e9matiques et leur transposition en contexte.  <\/p>\n\n\n\n<p>Cette p\u00e9riode,  les \u00e9l\u00e8ves ont ainsi appr\u00e9hend\u00e9 la notion de quantit\u00e9 partag\u00e9e. Les s\u00e9ances d&rsquo;enseignement\/apprentissage sur les  fractions ont eu pour vis\u00e9e de d\u00e9velopper  dans une posture collaborative, ax\u00e9e sur la manipulation,  l&rsquo;acquisition des notions.  Les fractions d\u00e9cimales ont ainsi \u00e9t\u00e9 appr\u00e9hend\u00e9es dans le lien  entretenu avec la num\u00e9ration d\u00e9cimale.<\/p>\n\n\n\n<p>Les diff\u00e9rents outils constitutifs d&rsquo;un dossier \u00e0 destination des \u00e9l\u00e8ves servent de pr\u00e9texte au d\u00e9veloppement des activit\u00e9s de g\u00e9om\u00e9trie. Inviter les enfants \u00e0 d\u00e9nicher des tr\u00e9sors est certes plus motivant que leur ass\u00e9ner des trac\u00e9s g\u00e9om\u00e9triques dans un format classique. L&rsquo;occasion d&rsquo;\u00e9prouver le vocabulaire sp\u00e9cifique \u00e0 la discipline et d&rsquo;exercer leur capacit\u00e9 \u00e0 utiliser les outils de fa\u00e7on appropri\u00e9e. <\/p>\n\n\n\n<p><strong>Arts visuels<\/strong><\/p>\n\n\n\n<p>Le 2 f\u00e9vrier, jour de la pr\u00e9sentation de J\u00e9sus au temple a ouvert la session d&rsquo;apprentissage en arts visuels et plastiques. <\/p>\n\n\n\n<p> Apr\u00e8s un retour au calendrier liturgique (cendres, car\u00eame\u2026)  la signification, les origines des f\u00eates de carnaval et enfin les  fonctions du masque ont \u00e9t\u00e9 \u00e9tudi\u00e9es.<\/p>\n\n\n\n<p>La question de la fonction donn\u00e9e aux  masques africains a \u00e9galement \u00e9t\u00e9 trait\u00e9e. <br><br>la convocation d&rsquo;oeuvres sur la th\u00e9matique  est venue achever cette premi\u00e8re approche. <\/p>\n\n\n\n<figure class=\"wp-block-gallery columns-3 is-cropped wp-block-gallery-1 is-layout-flex wp-block-gallery-is-layout-flex\"><ul class=\"blocks-gallery-grid\"><li class=\"blocks-gallery-item\"><figure><a href=\"https:\/\/www.ecolesaintvincentdepaul-arles.fr\/wp-content\/uploads\/2021\/03\/IMG_8193-rotated.jpg\"><img loading=\"lazy\" decoding=\"async\" width=\"480\" height=\"640\" src=\"https:\/\/www.ecolesaintvincentdepaul-arles.fr\/wp-content\/uploads\/2021\/03\/IMG_8193-rotated.jpg\" alt=\"\" data-id=\"13307\" data-full-url=\"https:\/\/www.ecolesaintvincentdepaul-arles.fr\/wp-content\/uploads\/2021\/03\/IMG_8193-rotated.jpg\" data-link=\"https:\/\/www.ecolesaintvincentdepaul-arles.fr\/?attachment_id=13307\" class=\"wp-image-13307\" srcset=\"https:\/\/www.ecolesaintvincentdepaul-arles.fr\/wp-content\/uploads\/2021\/03\/IMG_8193-rotated.jpg 480w, https:\/\/www.ecolesaintvincentdepaul-arles.fr\/wp-content\/uploads\/2021\/03\/IMG_8193-225x300.jpg 225w, https:\/\/www.ecolesaintvincentdepaul-arles.fr\/wp-content\/uploads\/2021\/03\/IMG_8193-250x333.jpg 250w, https:\/\/www.ecolesaintvincentdepaul-arles.fr\/wp-content\/uploads\/2021\/03\/IMG_8193-400x533.jpg 400w\" sizes=\"auto, (max-width: 480px) 100vw, 480px\" \/><\/a><\/figure><\/li><li class=\"blocks-gallery-item\"><figure><a href=\"https:\/\/www.ecolesaintvincentdepaul-arles.fr\/wp-content\/uploads\/2021\/03\/IMG_8195-rotated.jpg\"><img loading=\"lazy\" decoding=\"async\" width=\"480\" height=\"640\" src=\"https:\/\/www.ecolesaintvincentdepaul-arles.fr\/wp-content\/uploads\/2021\/03\/IMG_8195-rotated.jpg\" alt=\"\" data-id=\"13308\" data-full-url=\"https:\/\/www.ecolesaintvincentdepaul-arles.fr\/wp-content\/uploads\/2021\/03\/IMG_8195-rotated.jpg\" data-link=\"https:\/\/www.ecolesaintvincentdepaul-arles.fr\/?attachment_id=13308\" class=\"wp-image-13308\" srcset=\"https:\/\/www.ecolesaintvincentdepaul-arles.fr\/wp-content\/uploads\/2021\/03\/IMG_8195-rotated.jpg 480w, https:\/\/www.ecolesaintvincentdepaul-arles.fr\/wp-content\/uploads\/2021\/03\/IMG_8195-225x300.jpg 225w, https:\/\/www.ecolesaintvincentdepaul-arles.fr\/wp-content\/uploads\/2021\/03\/IMG_8195-250x333.jpg 250w, https:\/\/www.ecolesaintvincentdepaul-arles.fr\/wp-content\/uploads\/2021\/03\/IMG_8195-400x533.jpg 400w\" sizes=\"auto, (max-width: 480px) 100vw, 480px\" \/><\/a><\/figure><\/li><li class=\"blocks-gallery-item\"><figure><a href=\"https:\/\/www.ecolesaintvincentdepaul-arles.fr\/wp-content\/uploads\/2021\/03\/IMG_8198-rotated.jpg\"><img loading=\"lazy\" decoding=\"async\" width=\"480\" height=\"640\" src=\"https:\/\/www.ecolesaintvincentdepaul-arles.fr\/wp-content\/uploads\/2021\/03\/IMG_8198-rotated.jpg\" alt=\"\" data-id=\"13309\" data-full-url=\"https:\/\/www.ecolesaintvincentdepaul-arles.fr\/wp-content\/uploads\/2021\/03\/IMG_8198-rotated.jpg\" data-link=\"https:\/\/www.ecolesaintvincentdepaul-arles.fr\/?attachment_id=13309\" class=\"wp-image-13309\" srcset=\"https:\/\/www.ecolesaintvincentdepaul-arles.fr\/wp-content\/uploads\/2021\/03\/IMG_8198-rotated.jpg 480w, https:\/\/www.ecolesaintvincentdepaul-arles.fr\/wp-content\/uploads\/2021\/03\/IMG_8198-225x300.jpg 225w, https:\/\/www.ecolesaintvincentdepaul-arles.fr\/wp-content\/uploads\/2021\/03\/IMG_8198-250x333.jpg 250w, https:\/\/www.ecolesaintvincentdepaul-arles.fr\/wp-content\/uploads\/2021\/03\/IMG_8198-400x533.jpg 400w\" sizes=\"auto, (max-width: 480px) 100vw, 480px\" \/><\/a><\/figure><\/li><\/ul><\/figure>\n\n\n\n<p><strong>Danse \u00e0 l&rsquo;\u00e9cole<\/strong><\/p>\n\n\n\n<p>Contraints \u00e0 circonscrire nos activit\u00e9s physiques en ext\u00e9rieur, il nous a fallu r\u00e9orienter l&rsquo;activit\u00e9. Un cycle danse contemporaine a d\u00e9but\u00e9. <br>D\u00e9ploy\u00e9es autour de trois temps : \u00e9chauffement, cr\u00e9ativit\u00e9 et relaxation, les s\u00e9ances invitent les \u00e9l\u00e8ves \u00e0 explorer le mat\u00e9riau corporel comme moyen de d\u00e9velopper une \u00e9criture diff\u00e9rente de celle usit\u00e9 dans la classe, celle du phras\u00e9 en solo ou en duo. <br>En lib\u00e9rant leur cr\u00e9ativit\u00e9, les \u00e9l\u00e8ves d\u00e9couvrent les valeurs de confiance, respect quand participer \u00e0 une production commune c&rsquo;est s&rsquo;engager \u00e0 garantir un r\u00e9sultat si et seulement si chacun sait respecter la danse de l&rsquo;autre. <\/p>\n\n\n\n<p>Enfin l&rsquo;exercice du  l\u00e2cher prise participe  d&rsquo;une volont\u00e9 de les aider  \u00e0 avancer dans la connaissance de leurs modes de fonctionnement.    <\/p>\n\n\n\n<figure class=\"wp-block-gallery columns-2 is-cropped wp-block-gallery-2 is-layout-flex wp-block-gallery-is-layout-flex\"><ul class=\"blocks-gallery-grid\"><li class=\"blocks-gallery-item\"><figure><a href=\"https:\/\/www.ecolesaintvincentdepaul-arles.fr\/wp-content\/uploads\/2021\/02\/IMG_2161-scaled.jpg\"><img loading=\"lazy\" decoding=\"async\" width=\"1024\" height=\"768\" src=\"https:\/\/www.ecolesaintvincentdepaul-arles.fr\/wp-content\/uploads\/2021\/02\/IMG_2161-1024x768.jpg\" alt=\"\" data-id=\"13259\" data-full-url=\"https:\/\/www.ecolesaintvincentdepaul-arles.fr\/wp-content\/uploads\/2021\/02\/IMG_2161-scaled.jpg\" data-link=\"https:\/\/www.ecolesaintvincentdepaul-arles.fr\/?attachment_id=13259\" class=\"wp-image-13259\" srcset=\"https:\/\/www.ecolesaintvincentdepaul-arles.fr\/wp-content\/uploads\/2021\/02\/IMG_2161-1024x768.jpg 1024w, https:\/\/www.ecolesaintvincentdepaul-arles.fr\/wp-content\/uploads\/2021\/02\/IMG_2161-300x225.jpg 300w, https:\/\/www.ecolesaintvincentdepaul-arles.fr\/wp-content\/uploads\/2021\/02\/IMG_2161-768x576.jpg 768w, https:\/\/www.ecolesaintvincentdepaul-arles.fr\/wp-content\/uploads\/2021\/02\/IMG_2161-600x450.jpg 600w, https:\/\/www.ecolesaintvincentdepaul-arles.fr\/wp-content\/uploads\/2021\/02\/IMG_2161-1536x1152.jpg 1536w, https:\/\/www.ecolesaintvincentdepaul-arles.fr\/wp-content\/uploads\/2021\/02\/IMG_2161-2048x1536.jpg 2048w, https:\/\/www.ecolesaintvincentdepaul-arles.fr\/wp-content\/uploads\/2021\/02\/IMG_2161-250x188.jpg 250w, https:\/\/www.ecolesaintvincentdepaul-arles.fr\/wp-content\/uploads\/2021\/02\/IMG_2161-400x300.jpg 400w\" sizes=\"auto, (max-width: 1024px) 100vw, 1024px\" \/><\/a><\/figure><\/li><li class=\"blocks-gallery-item\"><figure><a href=\"https:\/\/www.ecolesaintvincentdepaul-arles.fr\/wp-content\/uploads\/2021\/02\/IMG_2162-scaled.jpg\"><img loading=\"lazy\" decoding=\"async\" width=\"1024\" height=\"768\" src=\"https:\/\/www.ecolesaintvincentdepaul-arles.fr\/wp-content\/uploads\/2021\/02\/IMG_2162-1024x768.jpg\" alt=\"\" data-id=\"13260\" data-full-url=\"https:\/\/www.ecolesaintvincentdepaul-arles.fr\/wp-content\/uploads\/2021\/02\/IMG_2162-scaled.jpg\" data-link=\"https:\/\/www.ecolesaintvincentdepaul-arles.fr\/?attachment_id=13260\" class=\"wp-image-13260\" srcset=\"https:\/\/www.ecolesaintvincentdepaul-arles.fr\/wp-content\/uploads\/2021\/02\/IMG_2162-1024x768.jpg 1024w, https:\/\/www.ecolesaintvincentdepaul-arles.fr\/wp-content\/uploads\/2021\/02\/IMG_2162-300x225.jpg 300w, https:\/\/www.ecolesaintvincentdepaul-arles.fr\/wp-content\/uploads\/2021\/02\/IMG_2162-768x576.jpg 768w, https:\/\/www.ecolesaintvincentdepaul-arles.fr\/wp-content\/uploads\/2021\/02\/IMG_2162-600x450.jpg 600w, https:\/\/www.ecolesaintvincentdepaul-arles.fr\/wp-content\/uploads\/2021\/02\/IMG_2162-1536x1152.jpg 1536w, https:\/\/www.ecolesaintvincentdepaul-arles.fr\/wp-content\/uploads\/2021\/02\/IMG_2162-2048x1536.jpg 2048w, https:\/\/www.ecolesaintvincentdepaul-arles.fr\/wp-content\/uploads\/2021\/02\/IMG_2162-250x188.jpg 250w, https:\/\/www.ecolesaintvincentdepaul-arles.fr\/wp-content\/uploads\/2021\/02\/IMG_2162-400x300.jpg 400w\" sizes=\"auto, (max-width: 1024px) 100vw, 1024px\" \/><\/a><\/figure><\/li><li class=\"blocks-gallery-item\"><figure><a href=\"https:\/\/www.ecolesaintvincentdepaul-arles.fr\/wp-content\/uploads\/2021\/02\/IMG_2163-scaled.jpg\"><img loading=\"lazy\" decoding=\"async\" width=\"1024\" height=\"768\" src=\"https:\/\/www.ecolesaintvincentdepaul-arles.fr\/wp-content\/uploads\/2021\/02\/IMG_2163-1024x768.jpg\" alt=\"\" data-id=\"13261\" data-full-url=\"https:\/\/www.ecolesaintvincentdepaul-arles.fr\/wp-content\/uploads\/2021\/02\/IMG_2163-scaled.jpg\" data-link=\"https:\/\/www.ecolesaintvincentdepaul-arles.fr\/?attachment_id=13261\" class=\"wp-image-13261\" srcset=\"https:\/\/www.ecolesaintvincentdepaul-arles.fr\/wp-content\/uploads\/2021\/02\/IMG_2163-1024x768.jpg 1024w, https:\/\/www.ecolesaintvincentdepaul-arles.fr\/wp-content\/uploads\/2021\/02\/IMG_2163-300x225.jpg 300w, https:\/\/www.ecolesaintvincentdepaul-arles.fr\/wp-content\/uploads\/2021\/02\/IMG_2163-768x576.jpg 768w, https:\/\/www.ecolesaintvincentdepaul-arles.fr\/wp-content\/uploads\/2021\/02\/IMG_2163-600x450.jpg 600w, https:\/\/www.ecolesaintvincentdepaul-arles.fr\/wp-content\/uploads\/2021\/02\/IMG_2163-1536x1152.jpg 1536w, https:\/\/www.ecolesaintvincentdepaul-arles.fr\/wp-content\/uploads\/2021\/02\/IMG_2163-2048x1536.jpg 2048w, https:\/\/www.ecolesaintvincentdepaul-arles.fr\/wp-content\/uploads\/2021\/02\/IMG_2163-250x188.jpg 250w, https:\/\/www.ecolesaintvincentdepaul-arles.fr\/wp-content\/uploads\/2021\/02\/IMG_2163-400x300.jpg 400w\" sizes=\"auto, (max-width: 1024px) 100vw, 1024px\" \/><\/a><\/figure><\/li><li class=\"blocks-gallery-item\"><figure><a href=\"https:\/\/www.ecolesaintvincentdepaul-arles.fr\/wp-content\/uploads\/2021\/02\/IMG_2166-scaled.jpg\"><img loading=\"lazy\" decoding=\"async\" width=\"1024\" height=\"768\" src=\"https:\/\/www.ecolesaintvincentdepaul-arles.fr\/wp-content\/uploads\/2021\/02\/IMG_2166-1024x768.jpg\" alt=\"\" data-id=\"13263\" data-full-url=\"https:\/\/www.ecolesaintvincentdepaul-arles.fr\/wp-content\/uploads\/2021\/02\/IMG_2166-scaled.jpg\" data-link=\"https:\/\/www.ecolesaintvincentdepaul-arles.fr\/?attachment_id=13263\" class=\"wp-image-13263\" srcset=\"https:\/\/www.ecolesaintvincentdepaul-arles.fr\/wp-content\/uploads\/2021\/02\/IMG_2166-1024x768.jpg 1024w, https:\/\/www.ecolesaintvincentdepaul-arles.fr\/wp-content\/uploads\/2021\/02\/IMG_2166-300x225.jpg 300w, https:\/\/www.ecolesaintvincentdepaul-arles.fr\/wp-content\/uploads\/2021\/02\/IMG_2166-768x576.jpg 768w, https:\/\/www.ecolesaintvincentdepaul-arles.fr\/wp-content\/uploads\/2021\/02\/IMG_2166-600x450.jpg 600w, https:\/\/www.ecolesaintvincentdepaul-arles.fr\/wp-content\/uploads\/2021\/02\/IMG_2166-1536x1152.jpg 1536w, https:\/\/www.ecolesaintvincentdepaul-arles.fr\/wp-content\/uploads\/2021\/02\/IMG_2166-2048x1536.jpg 2048w, https:\/\/www.ecolesaintvincentdepaul-arles.fr\/wp-content\/uploads\/2021\/02\/IMG_2166-250x188.jpg 250w, https:\/\/www.ecolesaintvincentdepaul-arles.fr\/wp-content\/uploads\/2021\/02\/IMG_2166-400x300.jpg 400w\" sizes=\"auto, (max-width: 1024px) 100vw, 1024px\" \/><\/a><\/figure><\/li><li class=\"blocks-gallery-item\"><figure><a href=\"https:\/\/www.ecolesaintvincentdepaul-arles.fr\/wp-content\/uploads\/2021\/02\/IMG_2168-scaled.jpg\"><img loading=\"lazy\" decoding=\"async\" width=\"1024\" height=\"768\" src=\"https:\/\/www.ecolesaintvincentdepaul-arles.fr\/wp-content\/uploads\/2021\/02\/IMG_2168-1024x768.jpg\" alt=\"\" data-id=\"13264\" data-full-url=\"https:\/\/www.ecolesaintvincentdepaul-arles.fr\/wp-content\/uploads\/2021\/02\/IMG_2168-scaled.jpg\" data-link=\"https:\/\/www.ecolesaintvincentdepaul-arles.fr\/?attachment_id=13264\" class=\"wp-image-13264\" srcset=\"https:\/\/www.ecolesaintvincentdepaul-arles.fr\/wp-content\/uploads\/2021\/02\/IMG_2168-1024x768.jpg 1024w, https:\/\/www.ecolesaintvincentdepaul-arles.fr\/wp-content\/uploads\/2021\/02\/IMG_2168-300x225.jpg 300w, https:\/\/www.ecolesaintvincentdepaul-arles.fr\/wp-content\/uploads\/2021\/02\/IMG_2168-768x576.jpg 768w, https:\/\/www.ecolesaintvincentdepaul-arles.fr\/wp-content\/uploads\/2021\/02\/IMG_2168-600x450.jpg 600w, https:\/\/www.ecolesaintvincentdepaul-arles.fr\/wp-content\/uploads\/2021\/02\/IMG_2168-1536x1152.jpg 1536w, https:\/\/www.ecolesaintvincentdepaul-arles.fr\/wp-content\/uploads\/2021\/02\/IMG_2168-2048x1536.jpg 2048w, https:\/\/www.ecolesaintvincentdepaul-arles.fr\/wp-content\/uploads\/2021\/02\/IMG_2168-250x188.jpg 250w, https:\/\/www.ecolesaintvincentdepaul-arles.fr\/wp-content\/uploads\/2021\/02\/IMG_2168-400x300.jpg 400w\" sizes=\"auto, (max-width: 1024px) 100vw, 1024px\" \/><\/a><\/figure><\/li><li class=\"blocks-gallery-item\"><figure><a href=\"https:\/\/www.ecolesaintvincentdepaul-arles.fr\/wp-content\/uploads\/2021\/02\/IMG_2172-scaled.jpg\"><img loading=\"lazy\" decoding=\"async\" width=\"1024\" height=\"768\" src=\"https:\/\/www.ecolesaintvincentdepaul-arles.fr\/wp-content\/uploads\/2021\/02\/IMG_2172-1024x768.jpg\" alt=\"\" data-id=\"13266\" data-full-url=\"https:\/\/www.ecolesaintvincentdepaul-arles.fr\/wp-content\/uploads\/2021\/02\/IMG_2172-scaled.jpg\" data-link=\"https:\/\/www.ecolesaintvincentdepaul-arles.fr\/?attachment_id=13266\" class=\"wp-image-13266\" srcset=\"https:\/\/www.ecolesaintvincentdepaul-arles.fr\/wp-content\/uploads\/2021\/02\/IMG_2172-1024x768.jpg 1024w, https:\/\/www.ecolesaintvincentdepaul-arles.fr\/wp-content\/uploads\/2021\/02\/IMG_2172-300x225.jpg 300w, https:\/\/www.ecolesaintvincentdepaul-arles.fr\/wp-content\/uploads\/2021\/02\/IMG_2172-768x576.jpg 768w, https:\/\/www.ecolesaintvincentdepaul-arles.fr\/wp-content\/uploads\/2021\/02\/IMG_2172-600x450.jpg 600w, https:\/\/www.ecolesaintvincentdepaul-arles.fr\/wp-content\/uploads\/2021\/02\/IMG_2172-1536x1152.jpg 1536w, https:\/\/www.ecolesaintvincentdepaul-arles.fr\/wp-content\/uploads\/2021\/02\/IMG_2172-2048x1536.jpg 2048w, https:\/\/www.ecolesaintvincentdepaul-arles.fr\/wp-content\/uploads\/2021\/02\/IMG_2172-250x188.jpg 250w, https:\/\/www.ecolesaintvincentdepaul-arles.fr\/wp-content\/uploads\/2021\/02\/IMG_2172-400x300.jpg 400w\" sizes=\"auto, (max-width: 1024px) 100vw, 1024px\" \/><\/a><\/figure><\/li><li class=\"blocks-gallery-item\"><figure><a href=\"https:\/\/www.ecolesaintvincentdepaul-arles.fr\/wp-content\/uploads\/2021\/02\/IMG_2173-scaled.jpg\"><img loading=\"lazy\" decoding=\"async\" width=\"1024\" height=\"768\" src=\"https:\/\/www.ecolesaintvincentdepaul-arles.fr\/wp-content\/uploads\/2021\/02\/IMG_2173-1024x768.jpg\" alt=\"\" data-id=\"13267\" data-full-url=\"https:\/\/www.ecolesaintvincentdepaul-arles.fr\/wp-content\/uploads\/2021\/02\/IMG_2173-scaled.jpg\" data-link=\"https:\/\/www.ecolesaintvincentdepaul-arles.fr\/?attachment_id=13267\" class=\"wp-image-13267\" srcset=\"https:\/\/www.ecolesaintvincentdepaul-arles.fr\/wp-content\/uploads\/2021\/02\/IMG_2173-1024x768.jpg 1024w, https:\/\/www.ecolesaintvincentdepaul-arles.fr\/wp-content\/uploads\/2021\/02\/IMG_2173-300x225.jpg 300w, https:\/\/www.ecolesaintvincentdepaul-arles.fr\/wp-content\/uploads\/2021\/02\/IMG_2173-768x576.jpg 768w, https:\/\/www.ecolesaintvincentdepaul-arles.fr\/wp-content\/uploads\/2021\/02\/IMG_2173-600x450.jpg 600w, https:\/\/www.ecolesaintvincentdepaul-arles.fr\/wp-content\/uploads\/2021\/02\/IMG_2173-1536x1152.jpg 1536w, https:\/\/www.ecolesaintvincentdepaul-arles.fr\/wp-content\/uploads\/2021\/02\/IMG_2173-2048x1536.jpg 2048w, https:\/\/www.ecolesaintvincentdepaul-arles.fr\/wp-content\/uploads\/2021\/02\/IMG_2173-250x188.jpg 250w, https:\/\/www.ecolesaintvincentdepaul-arles.fr\/wp-content\/uploads\/2021\/02\/IMG_2173-400x300.jpg 400w\" sizes=\"auto, (max-width: 1024px) 100vw, 1024px\" \/><\/a><\/figure><\/li><li class=\"blocks-gallery-item\"><figure><a href=\"https:\/\/www.ecolesaintvincentdepaul-arles.fr\/wp-content\/uploads\/2021\/02\/IMG_2174-scaled.jpg\"><img loading=\"lazy\" decoding=\"async\" width=\"1024\" height=\"768\" src=\"https:\/\/www.ecolesaintvincentdepaul-arles.fr\/wp-content\/uploads\/2021\/02\/IMG_2174-1024x768.jpg\" alt=\"\" data-id=\"13268\" data-full-url=\"https:\/\/www.ecolesaintvincentdepaul-arles.fr\/wp-content\/uploads\/2021\/02\/IMG_2174-scaled.jpg\" data-link=\"https:\/\/www.ecolesaintvincentdepaul-arles.fr\/?attachment_id=13268\" class=\"wp-image-13268\" srcset=\"https:\/\/www.ecolesaintvincentdepaul-arles.fr\/wp-content\/uploads\/2021\/02\/IMG_2174-1024x768.jpg 1024w, https:\/\/www.ecolesaintvincentdepaul-arles.fr\/wp-content\/uploads\/2021\/02\/IMG_2174-300x225.jpg 300w, https:\/\/www.ecolesaintvincentdepaul-arles.fr\/wp-content\/uploads\/2021\/02\/IMG_2174-768x576.jpg 768w, https:\/\/www.ecolesaintvincentdepaul-arles.fr\/wp-content\/uploads\/2021\/02\/IMG_2174-600x450.jpg 600w, https:\/\/www.ecolesaintvincentdepaul-arles.fr\/wp-content\/uploads\/2021\/02\/IMG_2174-1536x1152.jpg 1536w, https:\/\/www.ecolesaintvincentdepaul-arles.fr\/wp-content\/uploads\/2021\/02\/IMG_2174-2048x1536.jpg 2048w, https:\/\/www.ecolesaintvincentdepaul-arles.fr\/wp-content\/uploads\/2021\/02\/IMG_2174-250x188.jpg 250w, https:\/\/www.ecolesaintvincentdepaul-arles.fr\/wp-content\/uploads\/2021\/02\/IMG_2174-400x300.jpg 400w\" sizes=\"auto, (max-width: 1024px) 100vw, 1024px\" \/><\/a><\/figure><\/li><li class=\"blocks-gallery-item\"><figure><a href=\"https:\/\/www.ecolesaintvincentdepaul-arles.fr\/wp-content\/uploads\/2021\/02\/IMG_2176-scaled.jpg\"><img loading=\"lazy\" decoding=\"async\" width=\"1024\" height=\"768\" src=\"https:\/\/www.ecolesaintvincentdepaul-arles.fr\/wp-content\/uploads\/2021\/02\/IMG_2176-1024x768.jpg\" alt=\"\" data-id=\"13269\" data-full-url=\"https:\/\/www.ecolesaintvincentdepaul-arles.fr\/wp-content\/uploads\/2021\/02\/IMG_2176-scaled.jpg\" data-link=\"https:\/\/www.ecolesaintvincentdepaul-arles.fr\/?attachment_id=13269\" class=\"wp-image-13269\" srcset=\"https:\/\/www.ecolesaintvincentdepaul-arles.fr\/wp-content\/uploads\/2021\/02\/IMG_2176-1024x768.jpg 1024w, https:\/\/www.ecolesaintvincentdepaul-arles.fr\/wp-content\/uploads\/2021\/02\/IMG_2176-300x225.jpg 300w, https:\/\/www.ecolesaintvincentdepaul-arles.fr\/wp-content\/uploads\/2021\/02\/IMG_2176-768x576.jpg 768w, https:\/\/www.ecolesaintvincentdepaul-arles.fr\/wp-content\/uploads\/2021\/02\/IMG_2176-600x450.jpg 600w, https:\/\/www.ecolesaintvincentdepaul-arles.fr\/wp-content\/uploads\/2021\/02\/IMG_2176-1536x1152.jpg 1536w, https:\/\/www.ecolesaintvincentdepaul-arles.fr\/wp-content\/uploads\/2021\/02\/IMG_2176-2048x1536.jpg 2048w, https:\/\/www.ecolesaintvincentdepaul-arles.fr\/wp-content\/uploads\/2021\/02\/IMG_2176-250x188.jpg 250w, https:\/\/www.ecolesaintvincentdepaul-arles.fr\/wp-content\/uploads\/2021\/02\/IMG_2176-400x300.jpg 400w\" sizes=\"auto, (max-width: 1024px) 100vw, 1024px\" \/><\/a><\/figure><\/li><li class=\"blocks-gallery-item\"><figure><a href=\"https:\/\/www.ecolesaintvincentdepaul-arles.fr\/wp-content\/uploads\/2021\/02\/IMG_2164.jpg\"><img loading=\"lazy\" decoding=\"async\" width=\"600\" height=\"450\" src=\"https:\/\/www.ecolesaintvincentdepaul-arles.fr\/wp-content\/uploads\/2021\/02\/IMG_2164.jpg\" alt=\"\" data-id=\"13278\" data-full-url=\"https:\/\/www.ecolesaintvincentdepaul-arles.fr\/wp-content\/uploads\/2021\/02\/IMG_2164.jpg\" data-link=\"https:\/\/www.ecolesaintvincentdepaul-arles.fr\/?attachment_id=13278\" class=\"wp-image-13278\" srcset=\"https:\/\/www.ecolesaintvincentdepaul-arles.fr\/wp-content\/uploads\/2021\/02\/IMG_2164.jpg 600w, https:\/\/www.ecolesaintvincentdepaul-arles.fr\/wp-content\/uploads\/2021\/02\/IMG_2164-300x225.jpg 300w, https:\/\/www.ecolesaintvincentdepaul-arles.fr\/wp-content\/uploads\/2021\/02\/IMG_2164-250x188.jpg 250w, https:\/\/www.ecolesaintvincentdepaul-arles.fr\/wp-content\/uploads\/2021\/02\/IMG_2164-400x300.jpg 400w\" sizes=\"auto, (max-width: 600px) 100vw, 600px\" \/><\/a><\/figure><\/li><li class=\"blocks-gallery-item\"><figure><a href=\"https:\/\/www.ecolesaintvincentdepaul-arles.fr\/wp-content\/uploads\/2021\/02\/IMG_2160.jpg\"><img loading=\"lazy\" decoding=\"async\" width=\"600\" height=\"450\" src=\"https:\/\/www.ecolesaintvincentdepaul-arles.fr\/wp-content\/uploads\/2021\/02\/IMG_2160.jpg\" alt=\"\" data-id=\"13280\" data-full-url=\"https:\/\/www.ecolesaintvincentdepaul-arles.fr\/wp-content\/uploads\/2021\/02\/IMG_2160.jpg\" data-link=\"https:\/\/www.ecolesaintvincentdepaul-arles.fr\/?attachment_id=13280\" class=\"wp-image-13280\" srcset=\"https:\/\/www.ecolesaintvincentdepaul-arles.fr\/wp-content\/uploads\/2021\/02\/IMG_2160.jpg 600w, https:\/\/www.ecolesaintvincentdepaul-arles.fr\/wp-content\/uploads\/2021\/02\/IMG_2160-300x225.jpg 300w, https:\/\/www.ecolesaintvincentdepaul-arles.fr\/wp-content\/uploads\/2021\/02\/IMG_2160-250x188.jpg 250w, https:\/\/www.ecolesaintvincentdepaul-arles.fr\/wp-content\/uploads\/2021\/02\/IMG_2160-400x300.jpg 400w\" sizes=\"auto, (max-width: 600px) 100vw, 600px\" \/><\/a><\/figure><\/li><li class=\"blocks-gallery-item\"><figure><a href=\"https:\/\/www.ecolesaintvincentdepaul-arles.fr\/wp-content\/uploads\/2021\/02\/IMG_2167.jpg\"><img loading=\"lazy\" decoding=\"async\" width=\"600\" height=\"450\" src=\"https:\/\/www.ecolesaintvincentdepaul-arles.fr\/wp-content\/uploads\/2021\/02\/IMG_2167.jpg\" alt=\"\" data-id=\"13282\" data-full-url=\"https:\/\/www.ecolesaintvincentdepaul-arles.fr\/wp-content\/uploads\/2021\/02\/IMG_2167.jpg\" data-link=\"https:\/\/www.ecolesaintvincentdepaul-arles.fr\/?attachment_id=13282\" class=\"wp-image-13282\" srcset=\"https:\/\/www.ecolesaintvincentdepaul-arles.fr\/wp-content\/uploads\/2021\/02\/IMG_2167.jpg 600w, https:\/\/www.ecolesaintvincentdepaul-arles.fr\/wp-content\/uploads\/2021\/02\/IMG_2167-300x225.jpg 300w, https:\/\/www.ecolesaintvincentdepaul-arles.fr\/wp-content\/uploads\/2021\/02\/IMG_2167-250x188.jpg 250w, https:\/\/www.ecolesaintvincentdepaul-arles.fr\/wp-content\/uploads\/2021\/02\/IMG_2167-400x300.jpg 400w\" sizes=\"auto, (max-width: 600px) 100vw, 600px\" \/><\/a><\/figure><\/li><li class=\"blocks-gallery-item\"><figure><a href=\"https:\/\/www.ecolesaintvincentdepaul-arles.fr\/wp-content\/uploads\/2021\/02\/IMG_2171.jpg\"><img loading=\"lazy\" decoding=\"async\" width=\"600\" height=\"450\" src=\"https:\/\/www.ecolesaintvincentdepaul-arles.fr\/wp-content\/uploads\/2021\/02\/IMG_2171.jpg\" alt=\"\" data-id=\"13283\" data-full-url=\"https:\/\/www.ecolesaintvincentdepaul-arles.fr\/wp-content\/uploads\/2021\/02\/IMG_2171.jpg\" data-link=\"https:\/\/www.ecolesaintvincentdepaul-arles.fr\/?attachment_id=13283\" class=\"wp-image-13283\" srcset=\"https:\/\/www.ecolesaintvincentdepaul-arles.fr\/wp-content\/uploads\/2021\/02\/IMG_2171.jpg 600w, https:\/\/www.ecolesaintvincentdepaul-arles.fr\/wp-content\/uploads\/2021\/02\/IMG_2171-300x225.jpg 300w, https:\/\/www.ecolesaintvincentdepaul-arles.fr\/wp-content\/uploads\/2021\/02\/IMG_2171-250x188.jpg 250w, https:\/\/www.ecolesaintvincentdepaul-arles.fr\/wp-content\/uploads\/2021\/02\/IMG_2171-400x300.jpg 400w\" sizes=\"auto, (max-width: 600px) 100vw, 600px\" \/><\/a><\/figure><\/li><li class=\"blocks-gallery-item\"><figure><a href=\"https:\/\/www.ecolesaintvincentdepaul-arles.fr\/wp-content\/uploads\/2021\/02\/IMG_2175.jpg\"><img loading=\"lazy\" decoding=\"async\" width=\"600\" height=\"450\" src=\"https:\/\/www.ecolesaintvincentdepaul-arles.fr\/wp-content\/uploads\/2021\/02\/IMG_2175.jpg\" alt=\"\" data-id=\"13284\" data-full-url=\"https:\/\/www.ecolesaintvincentdepaul-arles.fr\/wp-content\/uploads\/2021\/02\/IMG_2175.jpg\" data-link=\"https:\/\/www.ecolesaintvincentdepaul-arles.fr\/?attachment_id=13284\" class=\"wp-image-13284\" srcset=\"https:\/\/www.ecolesaintvincentdepaul-arles.fr\/wp-content\/uploads\/2021\/02\/IMG_2175.jpg 600w, https:\/\/www.ecolesaintvincentdepaul-arles.fr\/wp-content\/uploads\/2021\/02\/IMG_2175-300x225.jpg 300w, https:\/\/www.ecolesaintvincentdepaul-arles.fr\/wp-content\/uploads\/2021\/02\/IMG_2175-250x188.jpg 250w, https:\/\/www.ecolesaintvincentdepaul-arles.fr\/wp-content\/uploads\/2021\/02\/IMG_2175-400x300.jpg 400w\" sizes=\"auto, (max-width: 600px) 100vw, 600px\" \/><\/a><\/figure><\/li><\/ul><\/figure>\n\n\n\n<p><strong>D\u00e9velopper sa personnalit\u00e9 \u00e0 l&rsquo;aune des valeurs chr\u00e9tiennes et vincentiennes. <\/strong><br><br>L&rsquo;annonce explicite de l&rsquo;\u00e9vangile permet chaque semaine \u00e0 l&rsquo;ensemble des enfants de l&rsquo;\u00e9cole d&rsquo;aborder,  au travers des \u00e9tapes fondatrices marquantes de l&rsquo;ann\u00e9e liturgique, la vie des hommes et des femmes qui ont fond\u00e9 le syst\u00e8me de valeurs qui sous-tend notre projet. <br>Un jeune pr\u00eatre appartenant \u00e0 la communaut\u00e9 de St Martin accompagne ainsi plusieurs classes de notre \u00e9cole de fa\u00e7on hebdomadaire. Un jeune s\u00e9minariste et un diacre partagent  aussi ce temps spirituel avec nous tous.<\/p>\n\n\n\n<p> Rituel qui ponctue nos semaines, ces rendez vous sont aussi l&rsquo;occasion pour les enfants de questionner,  au travers la vie de quelques exemples les comportements humains pour \u00e9prouver ce qu&rsquo;est l&rsquo;engagement, la confiance, l&rsquo;esp\u00e9rance \u00e0 l&rsquo;image du message d\u00e9livr\u00e9 par le christ. Une fa\u00e7on aussi en CM2 de mettre en r\u00e9sonance la vie, les enseignements de J\u00e9sus et le message des philosophes pr\u00e9socratiques. <br>Une invitation aussi pour  chacun, engag\u00e9 ou non dans la foi,  \u00e0 s&rsquo;affranchir de l&rsquo;affairisme auquel astreint parfois l&rsquo;encha\u00eenement des activit\u00e9s pour prendre le temps n\u00e9cessaire \u00e0 l&rsquo;int\u00e9riorit\u00e9. <\/p>\n\n\n\n<figure class=\"wp-block-gallery columns-2 is-cropped wp-block-gallery-3 is-layout-flex wp-block-gallery-is-layout-flex\"><ul class=\"blocks-gallery-grid\"><li class=\"blocks-gallery-item\"><figure><a href=\"https:\/\/www.ecolesaintvincentdepaul-arles.fr\/wp-content\/uploads\/2021\/02\/IMG_2181.jpg\"><img loading=\"lazy\" decoding=\"async\" width=\"600\" height=\"450\" src=\"https:\/\/www.ecolesaintvincentdepaul-arles.fr\/wp-content\/uploads\/2021\/02\/IMG_2181.jpg\" alt=\"\" data-id=\"13285\" data-full-url=\"https:\/\/www.ecolesaintvincentdepaul-arles.fr\/wp-content\/uploads\/2021\/02\/IMG_2181.jpg\" data-link=\"https:\/\/www.ecolesaintvincentdepaul-arles.fr\/?attachment_id=13285\" class=\"wp-image-13285\" srcset=\"https:\/\/www.ecolesaintvincentdepaul-arles.fr\/wp-content\/uploads\/2021\/02\/IMG_2181.jpg 600w, https:\/\/www.ecolesaintvincentdepaul-arles.fr\/wp-content\/uploads\/2021\/02\/IMG_2181-300x225.jpg 300w, https:\/\/www.ecolesaintvincentdepaul-arles.fr\/wp-content\/uploads\/2021\/02\/IMG_2181-250x188.jpg 250w, https:\/\/www.ecolesaintvincentdepaul-arles.fr\/wp-content\/uploads\/2021\/02\/IMG_2181-400x300.jpg 400w\" sizes=\"auto, (max-width: 600px) 100vw, 600px\" \/><\/a><\/figure><\/li><li class=\"blocks-gallery-item\"><figure><a href=\"https:\/\/www.ecolesaintvincentdepaul-arles.fr\/wp-content\/uploads\/2021\/02\/IMG_2182.jpg\"><img loading=\"lazy\" decoding=\"async\" width=\"600\" height=\"450\" src=\"https:\/\/www.ecolesaintvincentdepaul-arles.fr\/wp-content\/uploads\/2021\/02\/IMG_2182.jpg\" alt=\"\" data-id=\"13286\" data-full-url=\"https:\/\/www.ecolesaintvincentdepaul-arles.fr\/wp-content\/uploads\/2021\/02\/IMG_2182.jpg\" data-link=\"https:\/\/www.ecolesaintvincentdepaul-arles.fr\/?attachment_id=13286\" class=\"wp-image-13286\" srcset=\"https:\/\/www.ecolesaintvincentdepaul-arles.fr\/wp-content\/uploads\/2021\/02\/IMG_2182.jpg 600w, https:\/\/www.ecolesaintvincentdepaul-arles.fr\/wp-content\/uploads\/2021\/02\/IMG_2182-300x225.jpg 300w, https:\/\/www.ecolesaintvincentdepaul-arles.fr\/wp-content\/uploads\/2021\/02\/IMG_2182-250x188.jpg 250w, https:\/\/www.ecolesaintvincentdepaul-arles.fr\/wp-content\/uploads\/2021\/02\/IMG_2182-400x300.jpg 400w\" sizes=\"auto, (max-width: 600px) 100vw, 600px\" \/><\/a><\/figure><\/li><\/ul><\/figure>\n\n\n\n<p><br><strong>La DVP<\/strong>: \u00ab\u00a0la discussion \u00e0 vis\u00e9e philosophique\u00a0\u00bb<br>La m\u00eame vis\u00e9e pour amener les \u00e9l\u00e8ves \u00e0 prendre le temps de la distanciation pour questionner le monde \u00e0 partir d&rsquo;une autre grille de lecture: celle de la philosophie. <br>Des cercles de parole o\u00f9 en communaut\u00e9 de pairs les \u00e9l\u00e8ves s&rsquo;expriment sur une th\u00e9matique,  se cr\u00e9ent le temps d&rsquo;un s\u00e9ance. Les participants co-\u00e9laborent pour d\u00e9finir un concept. Une fa\u00e7on d&rsquo; \u00e9prouver la capacit\u00e9 des \u00e9l\u00e8ves \u00e0 verbaliser leurs pens\u00e9es. <\/p>\n\n\n\n<p>Analys\u00e9s et restitu\u00e9s, les contenus des \u00e9changes  permettent de rendre compte, au travers d&rsquo;un  \u00e9crit,  du cheminement de la pens\u00e9e collective. Sch\u00e9matis\u00e9s, ces trac\u00e9s sont l&rsquo;occasion de faire  prendre conscience  aux \u00e9l\u00e8ves, des m\u00e9canismes de fonctionnement d&rsquo;une pens\u00e9e en actes. <\/p>\n\n\n\n<p>Si parler est un fait spontan\u00e9,  l&rsquo;impact du discours produit,  de par son caract\u00e8re volatile  ne peut qu&rsquo;\u00e9chapper  \u00e0 chaque participant  d\u00e9j\u00e0 fortement impliqu\u00e9 dans la lourde t\u00e2che d&rsquo;une production verbale.  <\/p>\n\n\n\n<p>Le restitution a posteriori permet de discerner les attributs donn\u00e9s par la communaut\u00e9 de pairs \u00e0 un mot donn\u00e9  (l&rsquo;amiti\u00e9, la camaraderie, la libert\u00e9&#8230;.),  \u00e0 une maxime \u00e9nonc\u00e9e et de percevoir comment la production d&rsquo;un discours collectif argument\u00e9 a permis le passage de la parole spontan\u00e9e \u00e0 la parole construite, a g\u00e9n\u00e9r\u00e9 la conceptualisation. <\/p>\n\n\n\n<p>Un \u00e9clairage par la pens\u00e9e des philosophes vient nourrir la pens\u00e9e naissante des jeunes \u00e9l\u00e8ves. <br>Les pr\u00e9-socratiques se sont invit\u00e9s dans ces illustrations. Depuis Diog\u00e8ne La\u00ebrce, le parcours de d\u00e9couverte empruntera la prochaine p\u00e9riode \u00e0 Platon, son mythe de la caverne dans un format adapt\u00e9 au jeune public. <\/p>\n\n\n\n<figure class=\"wp-block-gallery columns-2 is-cropped wp-block-gallery-4 is-layout-flex wp-block-gallery-is-layout-flex\"><ul class=\"blocks-gallery-grid\"><li class=\"blocks-gallery-item\"><figure><a href=\"https:\/\/www.ecolesaintvincentdepaul-arles.fr\/wp-content\/uploads\/2021\/02\/IMG_2194-scaled.jpg\"><img loading=\"lazy\" decoding=\"async\" width=\"768\" height=\"1024\" src=\"https:\/\/www.ecolesaintvincentdepaul-arles.fr\/wp-content\/uploads\/2021\/02\/IMG_2194-768x1024.jpg\" alt=\"\" data-id=\"13273\" data-full-url=\"https:\/\/www.ecolesaintvincentdepaul-arles.fr\/wp-content\/uploads\/2021\/02\/IMG_2194-scaled.jpg\" data-link=\"https:\/\/www.ecolesaintvincentdepaul-arles.fr\/?attachment_id=13273\" class=\"wp-image-13273\" srcset=\"https:\/\/www.ecolesaintvincentdepaul-arles.fr\/wp-content\/uploads\/2021\/02\/IMG_2194-768x1024.jpg 768w, https:\/\/www.ecolesaintvincentdepaul-arles.fr\/wp-content\/uploads\/2021\/02\/IMG_2194-225x300.jpg 225w, https:\/\/www.ecolesaintvincentdepaul-arles.fr\/wp-content\/uploads\/2021\/02\/IMG_2194-600x800.jpg 600w, https:\/\/www.ecolesaintvincentdepaul-arles.fr\/wp-content\/uploads\/2021\/02\/IMG_2194-1152x1536.jpg 1152w, https:\/\/www.ecolesaintvincentdepaul-arles.fr\/wp-content\/uploads\/2021\/02\/IMG_2194-1536x2048.jpg 1536w, https:\/\/www.ecolesaintvincentdepaul-arles.fr\/wp-content\/uploads\/2021\/02\/IMG_2194-250x333.jpg 250w, https:\/\/www.ecolesaintvincentdepaul-arles.fr\/wp-content\/uploads\/2021\/02\/IMG_2194-400x533.jpg 400w, https:\/\/www.ecolesaintvincentdepaul-arles.fr\/wp-content\/uploads\/2021\/02\/IMG_2194-scaled.jpg 1920w\" sizes=\"auto, (max-width: 768px) 100vw, 768px\" \/><\/a><\/figure><\/li><li class=\"blocks-gallery-item\"><figure><a href=\"https:\/\/www.ecolesaintvincentdepaul-arles.fr\/wp-content\/uploads\/2021\/02\/IMG_2196-scaled.jpg\"><img loading=\"lazy\" decoding=\"async\" width=\"768\" height=\"1024\" src=\"https:\/\/www.ecolesaintvincentdepaul-arles.fr\/wp-content\/uploads\/2021\/02\/IMG_2196-768x1024.jpg\" alt=\"\" data-id=\"13274\" data-full-url=\"https:\/\/www.ecolesaintvincentdepaul-arles.fr\/wp-content\/uploads\/2021\/02\/IMG_2196-scaled.jpg\" data-link=\"https:\/\/www.ecolesaintvincentdepaul-arles.fr\/?attachment_id=13274\" class=\"wp-image-13274\" srcset=\"https:\/\/www.ecolesaintvincentdepaul-arles.fr\/wp-content\/uploads\/2021\/02\/IMG_2196-768x1024.jpg 768w, https:\/\/www.ecolesaintvincentdepaul-arles.fr\/wp-content\/uploads\/2021\/02\/IMG_2196-225x300.jpg 225w, https:\/\/www.ecolesaintvincentdepaul-arles.fr\/wp-content\/uploads\/2021\/02\/IMG_2196-600x800.jpg 600w, https:\/\/www.ecolesaintvincentdepaul-arles.fr\/wp-content\/uploads\/2021\/02\/IMG_2196-1152x1536.jpg 1152w, https:\/\/www.ecolesaintvincentdepaul-arles.fr\/wp-content\/uploads\/2021\/02\/IMG_2196-1536x2048.jpg 1536w, https:\/\/www.ecolesaintvincentdepaul-arles.fr\/wp-content\/uploads\/2021\/02\/IMG_2196-250x333.jpg 250w, https:\/\/www.ecolesaintvincentdepaul-arles.fr\/wp-content\/uploads\/2021\/02\/IMG_2196-400x533.jpg 400w, https:\/\/www.ecolesaintvincentdepaul-arles.fr\/wp-content\/uploads\/2021\/02\/IMG_2196-scaled.jpg 1920w\" sizes=\"auto, (max-width: 768px) 100vw, 768px\" \/><\/a><\/figure><\/li><li class=\"blocks-gallery-item\"><figure><a href=\"https:\/\/www.ecolesaintvincentdepaul-arles.fr\/wp-content\/uploads\/2021\/02\/IMG_2197-scaled.jpg\"><img loading=\"lazy\" decoding=\"async\" width=\"768\" height=\"1024\" src=\"https:\/\/www.ecolesaintvincentdepaul-arles.fr\/wp-content\/uploads\/2021\/02\/IMG_2197-768x1024.jpg\" alt=\"\" data-id=\"13275\" data-full-url=\"https:\/\/www.ecolesaintvincentdepaul-arles.fr\/wp-content\/uploads\/2021\/02\/IMG_2197-scaled.jpg\" data-link=\"https:\/\/www.ecolesaintvincentdepaul-arles.fr\/?attachment_id=13275\" class=\"wp-image-13275\" srcset=\"https:\/\/www.ecolesaintvincentdepaul-arles.fr\/wp-content\/uploads\/2021\/02\/IMG_2197-768x1024.jpg 768w, https:\/\/www.ecolesaintvincentdepaul-arles.fr\/wp-content\/uploads\/2021\/02\/IMG_2197-225x300.jpg 225w, https:\/\/www.ecolesaintvincentdepaul-arles.fr\/wp-content\/uploads\/2021\/02\/IMG_2197-600x800.jpg 600w, https:\/\/www.ecolesaintvincentdepaul-arles.fr\/wp-content\/uploads\/2021\/02\/IMG_2197-1152x1536.jpg 1152w, https:\/\/www.ecolesaintvincentdepaul-arles.fr\/wp-content\/uploads\/2021\/02\/IMG_2197-1536x2048.jpg 1536w, https:\/\/www.ecolesaintvincentdepaul-arles.fr\/wp-content\/uploads\/2021\/02\/IMG_2197-250x333.jpg 250w, https:\/\/www.ecolesaintvincentdepaul-arles.fr\/wp-content\/uploads\/2021\/02\/IMG_2197-400x533.jpg 400w, https:\/\/www.ecolesaintvincentdepaul-arles.fr\/wp-content\/uploads\/2021\/02\/IMG_2197-scaled.jpg 1920w\" sizes=\"auto, (max-width: 768px) 100vw, 768px\" \/><\/a><\/figure><\/li><li class=\"blocks-gallery-item\"><figure><a href=\"https:\/\/www.ecolesaintvincentdepaul-arles.fr\/wp-content\/uploads\/2021\/02\/IMG_2198-scaled.jpg\"><img loading=\"lazy\" decoding=\"async\" width=\"768\" height=\"1024\" src=\"https:\/\/www.ecolesaintvincentdepaul-arles.fr\/wp-content\/uploads\/2021\/02\/IMG_2198-768x1024.jpg\" alt=\"\" data-id=\"13276\" data-full-url=\"https:\/\/www.ecolesaintvincentdepaul-arles.fr\/wp-content\/uploads\/2021\/02\/IMG_2198-scaled.jpg\" data-link=\"https:\/\/www.ecolesaintvincentdepaul-arles.fr\/?attachment_id=13276\" class=\"wp-image-13276\" srcset=\"https:\/\/www.ecolesaintvincentdepaul-arles.fr\/wp-content\/uploads\/2021\/02\/IMG_2198-768x1024.jpg 768w, https:\/\/www.ecolesaintvincentdepaul-arles.fr\/wp-content\/uploads\/2021\/02\/IMG_2198-225x300.jpg 225w, https:\/\/www.ecolesaintvincentdepaul-arles.fr\/wp-content\/uploads\/2021\/02\/IMG_2198-600x800.jpg 600w, https:\/\/www.ecolesaintvincentdepaul-arles.fr\/wp-content\/uploads\/2021\/02\/IMG_2198-1152x1536.jpg 1152w, https:\/\/www.ecolesaintvincentdepaul-arles.fr\/wp-content\/uploads\/2021\/02\/IMG_2198-1536x2048.jpg 1536w, https:\/\/www.ecolesaintvincentdepaul-arles.fr\/wp-content\/uploads\/2021\/02\/IMG_2198-250x333.jpg 250w, https:\/\/www.ecolesaintvincentdepaul-arles.fr\/wp-content\/uploads\/2021\/02\/IMG_2198-400x533.jpg 400w, https:\/\/www.ecolesaintvincentdepaul-arles.fr\/wp-content\/uploads\/2021\/02\/IMG_2198-scaled.jpg 1920w\" sizes=\"auto, (max-width: 768px) 100vw, 768px\" \/><\/a><\/figure><\/li><li class=\"blocks-gallery-item\"><figure><a href=\"https:\/\/www.ecolesaintvincentdepaul-arles.fr\/wp-content\/uploads\/2021\/02\/IMG_2183-rotated.jpg\"><img loading=\"lazy\" decoding=\"async\" width=\"600\" height=\"800\" src=\"https:\/\/www.ecolesaintvincentdepaul-arles.fr\/wp-content\/uploads\/2021\/02\/IMG_2183-rotated.jpg\" alt=\"\" data-id=\"13287\" data-full-url=\"https:\/\/www.ecolesaintvincentdepaul-arles.fr\/wp-content\/uploads\/2021\/02\/IMG_2183-rotated.jpg\" data-link=\"https:\/\/www.ecolesaintvincentdepaul-arles.fr\/?attachment_id=13287\" class=\"wp-image-13287\" srcset=\"https:\/\/www.ecolesaintvincentdepaul-arles.fr\/wp-content\/uploads\/2021\/02\/IMG_2183-rotated.jpg 600w, https:\/\/www.ecolesaintvincentdepaul-arles.fr\/wp-content\/uploads\/2021\/02\/IMG_2183-225x300.jpg 225w, https:\/\/www.ecolesaintvincentdepaul-arles.fr\/wp-content\/uploads\/2021\/02\/IMG_2183-250x333.jpg 250w, https:\/\/www.ecolesaintvincentdepaul-arles.fr\/wp-content\/uploads\/2021\/02\/IMG_2183-400x533.jpg 400w\" sizes=\"auto, (max-width: 600px) 100vw, 600px\" \/><\/a><\/figure><\/li><li class=\"blocks-gallery-item\"><figure><a href=\"https:\/\/www.ecolesaintvincentdepaul-arles.fr\/wp-content\/uploads\/2021\/02\/IMG_2185-rotated.jpg\"><img loading=\"lazy\" decoding=\"async\" width=\"600\" height=\"800\" src=\"https:\/\/www.ecolesaintvincentdepaul-arles.fr\/wp-content\/uploads\/2021\/02\/IMG_2185-rotated.jpg\" alt=\"\" data-id=\"13288\" data-full-url=\"https:\/\/www.ecolesaintvincentdepaul-arles.fr\/wp-content\/uploads\/2021\/02\/IMG_2185-rotated.jpg\" data-link=\"https:\/\/www.ecolesaintvincentdepaul-arles.fr\/?attachment_id=13288\" class=\"wp-image-13288\" srcset=\"https:\/\/www.ecolesaintvincentdepaul-arles.fr\/wp-content\/uploads\/2021\/02\/IMG_2185-rotated.jpg 600w, https:\/\/www.ecolesaintvincentdepaul-arles.fr\/wp-content\/uploads\/2021\/02\/IMG_2185-225x300.jpg 225w, https:\/\/www.ecolesaintvincentdepaul-arles.fr\/wp-content\/uploads\/2021\/02\/IMG_2185-250x333.jpg 250w, https:\/\/www.ecolesaintvincentdepaul-arles.fr\/wp-content\/uploads\/2021\/02\/IMG_2185-400x533.jpg 400w\" sizes=\"auto, (max-width: 600px) 100vw, 600px\" \/><\/a><\/figure><\/li><li class=\"blocks-gallery-item\"><figure><a href=\"https:\/\/www.ecolesaintvincentdepaul-arles.fr\/wp-content\/uploads\/2021\/02\/IMG_2188-rotated.jpg\"><img loading=\"lazy\" decoding=\"async\" width=\"600\" height=\"800\" src=\"https:\/\/www.ecolesaintvincentdepaul-arles.fr\/wp-content\/uploads\/2021\/02\/IMG_2188-rotated.jpg\" alt=\"\" data-id=\"13290\" data-full-url=\"https:\/\/www.ecolesaintvincentdepaul-arles.fr\/wp-content\/uploads\/2021\/02\/IMG_2188-rotated.jpg\" data-link=\"https:\/\/www.ecolesaintvincentdepaul-arles.fr\/?attachment_id=13290\" class=\"wp-image-13290\" srcset=\"https:\/\/www.ecolesaintvincentdepaul-arles.fr\/wp-content\/uploads\/2021\/02\/IMG_2188-rotated.jpg 600w, https:\/\/www.ecolesaintvincentdepaul-arles.fr\/wp-content\/uploads\/2021\/02\/IMG_2188-225x300.jpg 225w, https:\/\/www.ecolesaintvincentdepaul-arles.fr\/wp-content\/uploads\/2021\/02\/IMG_2188-250x333.jpg 250w, https:\/\/www.ecolesaintvincentdepaul-arles.fr\/wp-content\/uploads\/2021\/02\/IMG_2188-400x533.jpg 400w\" sizes=\"auto, (max-width: 600px) 100vw, 600px\" \/><\/a><\/figure><\/li><li class=\"blocks-gallery-item\"><figure><a href=\"https:\/\/www.ecolesaintvincentdepaul-arles.fr\/wp-content\/uploads\/2021\/02\/IMG_2195-rotated.jpg\"><img loading=\"lazy\" decoding=\"async\" width=\"600\" height=\"800\" src=\"https:\/\/www.ecolesaintvincentdepaul-arles.fr\/wp-content\/uploads\/2021\/02\/IMG_2195-rotated.jpg\" alt=\"\" data-id=\"13292\" data-full-url=\"https:\/\/www.ecolesaintvincentdepaul-arles.fr\/wp-content\/uploads\/2021\/02\/IMG_2195-rotated.jpg\" data-link=\"https:\/\/www.ecolesaintvincentdepaul-arles.fr\/?attachment_id=13292\" class=\"wp-image-13292\" srcset=\"https:\/\/www.ecolesaintvincentdepaul-arles.fr\/wp-content\/uploads\/2021\/02\/IMG_2195-rotated.jpg 600w, https:\/\/www.ecolesaintvincentdepaul-arles.fr\/wp-content\/uploads\/2021\/02\/IMG_2195-225x300.jpg 225w, https:\/\/www.ecolesaintvincentdepaul-arles.fr\/wp-content\/uploads\/2021\/02\/IMG_2195-250x333.jpg 250w, https:\/\/www.ecolesaintvincentdepaul-arles.fr\/wp-content\/uploads\/2021\/02\/IMG_2195-400x533.jpg 400w\" sizes=\"auto, (max-width: 600px) 100vw, 600px\" \/><\/a><\/figure><\/li><\/ul><\/figure>\n\n\n\n<p><strong>La litt\u00e9rature<\/strong><\/p>\n\n\n\n<p>Sert d&rsquo;entr\u00e9e didactique aux apprentissages des \u00e9l\u00e8ves dans le domaine de l&rsquo;\u00e9tude de la langue, est appr\u00e9hend\u00e9e aussi pour servir une meilleure compr\u00e9hension des probl\u00e9matiques qui traversent l&rsquo;\u00eatre humain (son rapport aux autres, \u00e0 soi, au monde).<\/p>\n\n\n\n<p>Ainsi au centre des activit\u00e9s de r\u00e9ception en compr\u00e9hension et interpr\u00e9tation de textes, elle am\u00e8ne de fa\u00e7on syst\u00e9matique ,dans toutes les activit\u00e9s qui la concernent,  les \u00e9l\u00e8ves \u00e0 produire des textes. Que ce soit pour \u00e9prouver sa capacit\u00e9 \u00e0 transf\u00e9rer les comp\u00e9tences ( employer des adjectifs possessifs dans un texte, \u00e9viter des r\u00e9p\u00e9titions, utiliser la concordance des temps dans un emploi correct des formes verbales&#8230;) ou pour exercer sa cr\u00e9ativit\u00e9 dans une posture d&rsquo;auteur-e. <\/p>\n\n\n\n<p>A suivre: le projet \u00e9cologique sur les plantations;  l&rsquo;\u00e9tude d&rsquo;une th\u00e9matique (la libert\u00e9) en litt\u00e9rature au travers l&rsquo;analyse fine d&rsquo;une oeuvre sous l&rsquo;accompagnement de 3 adultes r\u00e9f\u00e9rents. Reli\u00e9 \u00e0 la r\u00e9alisation du projet collectif d&rsquo;\u00e9cole en arts plastiques et situ\u00e9 au croisement de plusieurs disciplines, il convoquera le champ de la po\u00e9sie sur le th\u00e8me de la libert\u00e9.  <\/p>\n\n\n\n<p>La d\u00e9ploiement du projet plastique d&rsquo;\u00e9cole. <\/p>\n","protected":false},"excerpt":{"rendered":"<p>MHM Apr\u00e8s leurs camarades de CE2\/CM1 entr\u00e9s dans l&rsquo;exp\u00e9rimentation l&rsquo;ann\u00e9e pr\u00e9c\u00e9dente, les \u00e9l\u00e8ves de CP, CP\/CE1 et cm2 ont cette ann\u00e9e investi l&rsquo;apprentissage de la discipline au travers une d\u00e9marche \u00ab\u00a0heuristique\u00a0\u00bb \u00e9labor\u00e9e par deux math\u00e9maticiens appartenant au champ d&rsquo;\u00e9tude actuel. &hellip; <a href=\"https:\/\/www.ecolesaintvincentdepaul-arles.fr\/?p=13092\">Continuer la lecture <span class=\"meta-nav\">&rarr;<\/span><\/a><\/p>\n","protected":false},"author":14,"featured_media":0,"comment_status":"closed","ping_status":"closed","sticky":false,"template":"","format":"standard","meta":{"footnotes":""},"categories":[23,63],"tags":[],"class_list":["post-13092","post","type-post","status-publish","format-standard","hentry","category-cm2","category-ecole-elementaire"],"_links":{"self":[{"href":"https:\/\/www.ecolesaintvincentdepaul-arles.fr\/index.php?rest_route=\/wp\/v2\/posts\/13092","targetHints":{"allow":["GET"]}}],"collection":[{"href":"https:\/\/www.ecolesaintvincentdepaul-arles.fr\/index.php?rest_route=\/wp\/v2\/posts"}],"about":[{"href":"https:\/\/www.ecolesaintvincentdepaul-arles.fr\/index.php?rest_route=\/wp\/v2\/types\/post"}],"author":[{"embeddable":true,"href":"https:\/\/www.ecolesaintvincentdepaul-arles.fr\/index.php?rest_route=\/wp\/v2\/users\/14"}],"replies":[{"embeddable":true,"href":"https:\/\/www.ecolesaintvincentdepaul-arles.fr\/index.php?rest_route=%2Fwp%2Fv2%2Fcomments&post=13092"}],"version-history":[{"count":0,"href":"https:\/\/www.ecolesaintvincentdepaul-arles.fr\/index.php?rest_route=\/wp\/v2\/posts\/13092\/revisions"}],"wp:attachment":[{"href":"https:\/\/www.ecolesaintvincentdepaul-arles.fr\/index.php?rest_route=%2Fwp%2Fv2%2Fmedia&parent=13092"}],"wp:term":[{"taxonomy":"category","embeddable":true,"href":"https:\/\/www.ecolesaintvincentdepaul-arles.fr\/index.php?rest_route=%2Fwp%2Fv2%2Fcategories&post=13092"},{"taxonomy":"post_tag","embeddable":true,"href":"https:\/\/www.ecolesaintvincentdepaul-arles.fr\/index.php?rest_route=%2Fwp%2Fv2%2Ftags&post=13092"}],"curies":[{"name":"wp","href":"https:\/\/api.w.org\/{rel}","templated":true}]}}