{"id":14033,"date":"2021-12-22T06:58:35","date_gmt":"2021-12-22T05:58:35","guid":{"rendered":"https:\/\/www.ecolesaintvincentdepaul-arles.fr\/?p=14033"},"modified":"2021-12-22T08:01:22","modified_gmt":"2021-12-22T07:01:22","slug":"depuis-la-rentree-en-grande-section","status":"publish","type":"post","link":"https:\/\/www.ecolesaintvincentdepaul-arles.fr\/?p=14033","title":{"rendered":"Depuis la rentr\u00e9e en Grande Section."},"content":{"rendered":"\n<p><strong>Les animaux et leurs maisons<\/strong> .<\/p>\n\n\n\n<p>Durant cette premi\u00e8re p\u00e9riode, nous avons travaill\u00e9 en langue orale et \u00e9crite sur l\u2019amiti\u00e9 entre les animaux en lien avec leurs habitats. Un album a permis de d\u00e9buter nos activit\u00e9s&nbsp;:<\/p>\n\n\n\n<p>\u00ab&nbsp;La ch\u00e8vre&nbsp;biscornue&nbsp;\u00bb de C. Kiffer et R.Badel.<\/p>\n\n\n\n<p>L\u2019histoire a \u00e9t\u00e9 d\u00e9couverte par \u00e9tapes afin de bien s\u2019approprier chaque partie et le r\u00f4le de chaque personnage. Les \u00e9l\u00e8ves ont pu faire des pr\u00e9visions sur ce qui allait arriver aux personnages le lendemain. Le but \u00e9tait&nbsp;que chaque enfant comprenne et m\u00e9morise la succession des \u00e9tapes de l\u2019histoire et sache la raconter.<\/p>\n\n\n\n<p>L\u2019album a permis \u00e9galement un travail sur&nbsp;:<strong>&#8211;&nbsp;<\/strong>la structure du livre&nbsp;: couverture, titre, auteur, illustrateur, \u00e9diteur,&nbsp;<strong>&#8211;&nbsp;<\/strong>le lexique particulier utilis\u00e9 par&nbsp;l\u2019auteur,<strong>&#8211;&nbsp;<\/strong>les diff\u00e9rents types d\u2019\u00e9crits&nbsp;: la diff\u00e9rence entre les contes et albums racontant des histoires avec des animaux et les livres documentaires donnant des informations r\u00e9elles sur ces animaux<strong>&#8211;&nbsp;<\/strong>le rep\u00e9rage de mots \u00e9crits dans diff\u00e9rentes \u00e9critures<\/p>\n\n\n\n<p>Les \u00e9l\u00e8ves ont d\u00e9couvert d\u2019autres albums en lien avec ce travail.<\/p>\n\n\n\n<p>En lien avec notre projet \u00ab&nbsp;Sciences&nbsp;\u00bb de l\u2019ann\u00e9e, les \u00e9l\u00e8ves ont d\u00e9couvert les diff\u00e9rents logis des animaux. Nous avons recherch\u00e9 dans des documentaires la fonction de chaque habitat ainsi&nbsp;que le lieu choisi des constructions. Puis les enfants ont particip\u00e9 par atelier \u00e0 des jeux de cartes, de dominos o\u00f9 ils ont pu \u00e9galement classer les animaux par habitat et reconstituer les familles d\u2019animaux.<\/p>\n\n\n\n<p>En art, les \u00e9l\u00e8ves ont particip\u00e9&nbsp;:<strong>&#8211;&nbsp;<\/strong>\u00e0 la cr\u00e9ation d\u2019une sc\u00e8ne en relief \u00e9voquant \u00ab&nbsp;La ch\u00e8vre biscornue&nbsp;\u00bb&nbsp;: construction des arbres de la for\u00eat, du terrier, collage pour le chemin et le sol\u2026<strong>&#8211;&nbsp;<\/strong>\u00e0 un spectacle pour la classe<\/p>\n\n\n\n<p>Les \u00e9l\u00e8ves ont \u00ab&nbsp;jou\u00e9&nbsp;\u00bb les diff\u00e9rentes \u00e9tapes de l\u2019histoire afin de s\u2019approprier&nbsp;la progression de l\u2019histoire de \u00ab&nbsp;la ch\u00e8vre biscornue&nbsp;\u00bb. Ils ont interpr\u00e9t\u00e9 l\u2019animal de leur choix en utilisant les dialogues m\u00e9moris\u00e9s.<\/p>\n\n\n\n<p>Voici quelques photos\u2026<\/p>\n\n\n\n<p><\/p>\n\n\n\n<p><strong>A la d\u00e9couverte de Vincent Van Gogh et Laura Owens&nbsp;<\/strong><\/p>\n\n\n\n<p><strong>\u00e0 la Fondation Van Gogh en Grande Section<\/strong><\/p>\n\n\n\n<p>Nous sommes all\u00e9s \u00e0 la fondation Van Gogh mardi 28 septembre afin de voir une partie de l\u2019exposition consacr\u00e9e \u00e0 Vincent Van Gogh et Laura&nbsp;Owens. Puis les enfants ont particip\u00e9 l\u2019apr\u00e8s-midi \u00e0 une cr\u00e9ation \u00e0 l\u2019aide d\u2019encres de couleurs diff\u00e9rentes et de mat\u00e9riaux divers (tampons, morceaux de bambous, pinceaux \u00e0 plume, branches, \u2026)<\/p>\n\n\n\n<p>Avant la visite, les \u00e9l\u00e8ves ont m\u00e9lang\u00e9 les couleurs primaires&nbsp;(rouge-bleu-jaune) afin de d\u00e9couvrir le r\u00e9sultat de ces exp\u00e9riences. Ils ont r\u00e9alis\u00e9 ensuite une production avec ces couleurs et des outils diff\u00e9rents.<\/p>\n\n\n\n<p>Suite \u00e0 la visite, nous nous sommes inspir\u00e9s de ce que nous avions vu en utilisant des morceaux de papiers peints diff\u00e9rents, du graphisme et en mettant en lien ces activit\u00e9s avec des tableaux de V. Van Gogh. Les tableaux choisis \u00e9taient en rapport avec le vocabulaire li\u00e9 \u00e0 la visite&nbsp;: paysage, portrait, autoportrait, nature morte.<\/p>\n\n\n\n<p>Voici des photos\u2026<\/p>\n","protected":false},"excerpt":{"rendered":"<p>Les animaux et leurs maisons . Durant cette premi\u00e8re p\u00e9riode, nous avons travaill\u00e9 en langue orale et \u00e9crite sur l\u2019amiti\u00e9 entre les animaux en lien avec leurs habitats. Un album a permis de d\u00e9buter nos activit\u00e9s&nbsp;: \u00ab&nbsp;La ch\u00e8vre&nbsp;biscornue&nbsp;\u00bb de C. &hellip; <a href=\"https:\/\/www.ecolesaintvincentdepaul-arles.fr\/?p=14033\">Continuer la lecture <span class=\"meta-nav\">&rarr;<\/span><\/a><\/p>\n","protected":false},"author":18,"featured_media":0,"comment_status":"closed","ping_status":"closed","sticky":false,"template":"","format":"standard","meta":{"footnotes":""},"categories":[62,4],"tags":[],"class_list":["post-14033","post","type-post","status-publish","format-standard","hentry","category-ecole-maternelle","category-grande_section"],"_links":{"self":[{"href":"https:\/\/www.ecolesaintvincentdepaul-arles.fr\/index.php?rest_route=\/wp\/v2\/posts\/14033","targetHints":{"allow":["GET"]}}],"collection":[{"href":"https:\/\/www.ecolesaintvincentdepaul-arles.fr\/index.php?rest_route=\/wp\/v2\/posts"}],"about":[{"href":"https:\/\/www.ecolesaintvincentdepaul-arles.fr\/index.php?rest_route=\/wp\/v2\/types\/post"}],"author":[{"embeddable":true,"href":"https:\/\/www.ecolesaintvincentdepaul-arles.fr\/index.php?rest_route=\/wp\/v2\/users\/18"}],"replies":[{"embeddable":true,"href":"https:\/\/www.ecolesaintvincentdepaul-arles.fr\/index.php?rest_route=%2Fwp%2Fv2%2Fcomments&post=14033"}],"version-history":[{"count":3,"href":"https:\/\/www.ecolesaintvincentdepaul-arles.fr\/index.php?rest_route=\/wp\/v2\/posts\/14033\/revisions"}],"predecessor-version":[{"id":14226,"href":"https:\/\/www.ecolesaintvincentdepaul-arles.fr\/index.php?rest_route=\/wp\/v2\/posts\/14033\/revisions\/14226"}],"wp:attachment":[{"href":"https:\/\/www.ecolesaintvincentdepaul-arles.fr\/index.php?rest_route=%2Fwp%2Fv2%2Fmedia&parent=14033"}],"wp:term":[{"taxonomy":"category","embeddable":true,"href":"https:\/\/www.ecolesaintvincentdepaul-arles.fr\/index.php?rest_route=%2Fwp%2Fv2%2Fcategories&post=14033"},{"taxonomy":"post_tag","embeddable":true,"href":"https:\/\/www.ecolesaintvincentdepaul-arles.fr\/index.php?rest_route=%2Fwp%2Fv2%2Ftags&post=14033"}],"curies":[{"name":"wp","href":"https:\/\/api.w.org\/{rel}","templated":true}]}}