{"id":14100,"date":"2021-12-22T06:29:40","date_gmt":"2021-12-22T05:29:40","guid":{"rendered":"https:\/\/www.ecolesaintvincentdepaul-arles.fr\/?p=14100"},"modified":"2021-12-22T08:15:25","modified_gmt":"2021-12-22T07:15:25","slug":"fonctionnement-du-dispositif-ulis-exemple-dateliers-denseignement-specialise","status":"publish","type":"post","link":"https:\/\/www.ecolesaintvincentdepaul-arles.fr\/?p=14100","title":{"rendered":"Fonctionnement du dispositif ULIS\u00a0:exemple d\u2019ateliers d\u2019enseignement sp\u00e9cialis\u00e9."},"content":{"rendered":"\n<p>Un dispositif ULIS est une unit\u00e9 d\u2019enseignement sp\u00e9cialis\u00e9 interne \u00e0 une \u00e9cole ou un coll\u00e8ge dans lequel des enfants ayant des troubles cognitifs ou un handicap ( visuel,&nbsp; auditif\u2026.) re\u00e7oivent des enseignements personnalis\u00e9s.<\/p>\n\n\n\n<p>Les activit\u00e9s, souvent organis\u00e9es en ateliers, &nbsp;sont con\u00e7ues en fonction des besoins et de la potentialit\u00e9 de chaque \u00e9l\u00e8ve b\u00e9n\u00e9ficiant du dispositif ULIS.<\/p>\n\n\n\n<p>Ainsi, une programmation d\u2019objectifs p\u00e9dagogiques, adapt\u00e9e et individualis\u00e9e, est \u00e9labor\u00e9e lors du premier trimestre par l\u2019enseignante sp\u00e9cialis\u00e9e coordonnant le dispositif .\u00a0 Cette programmation permet\u00a0 un enseignement sp\u00e9cifique pour chaque \u00e9l\u00e8ve afin de leur permettre de progresser \u00e0 son rythme et d\u2019\u00eatre en situation de r\u00e9ussite.<\/p>\n\n\n\n<p>La construction de la personnalit\u00e9 avec l\u2019estime de soi est,&nbsp; en effet, indispensable pour engager l\u2019\u00e9l\u00e8ve dans une dynamique d\u2019apprentissage. L\u2019enseignante jongle entre bienveillance et cadre pour permettre cette dynamique.<\/p>\n\n\n\n<p>Les supports sont adapt\u00e9s et les&nbsp; activit\u00e9s ludiques, vari\u00e9es sont &nbsp;centr\u00e9es principalement sur la manipulation.&nbsp; L\u2019attractivit\u00e9 de ces activit\u00e9s favorise&nbsp; l\u2019implication, soutient&nbsp; l\u2019attention de l\u2019\u00e9l\u00e8ve et lui donne le plaisir de venir \u00e0 l\u2019\u00e9cole.<\/p>\n\n\n\n<p>L\u2019enseignement de la lecture ( d\u00e9chiffrage et compr\u00e9hension ) est l\u2019enseignement prioritaire au sein de cette unit\u00e9 d\u2019aide.<\/p>\n\n\n\n<p>Cependant d\u2019autres savoirs et savoir- faire sont propos\u00e9s en fonction des besoins de chacun.<\/p>\n\n\n\n<p>Les apprentissages r\u00e9alis\u00e9s au sein du dispositif sont ensuite transf\u00e9r\u00e9s en situation de classe afin d\u2019une part d\u2019\u00e9valuer si la comp\u00e9tence est acquise, &nbsp;de mani\u00e8re autonome en situation de grand groupe, &nbsp;et d\u2019autre part, pour permettre une posture d\u2019\u00e9l\u00e8ve.<\/p>\n\n\n\n<p>Lors des temps en classe, l\u2019enseignante propose \u00e9galement des activit\u00e9s suivant la potentialit\u00e9 de l\u2019\u00e9l\u00e8ve en se r\u00e9f\u00e9rent \u00e0&nbsp; la programmation adapt\u00e9e et aux besoins de ce dernier en lui proposant &nbsp;des supports adapt\u00e9s.<\/p>\n\n\n\n<p>La coordonnatrice accompagne &nbsp;l\u2019enseignante et propose des outils si besoin est.<\/p>\n\n\n\n<p>Ces temps dits \u00ab&nbsp; d\u2019inclusion&nbsp;\u00bb doivent permettre aux&nbsp; \u00e9l\u00e8ves en situation de handicap de&nbsp; d\u00e9velopper le langage, l\u2019observation, l\u2019\u00e9coute, le maintien de leur attention, la gestion de leurs \u00e9motions, l\u2019acquisition des codes sociaux et l\u2019autonomie en utilisant des&nbsp; outils de compensation.<\/p>\n\n\n\n<p>Voici,&nbsp; en images, quelques ateliers propos\u00e9s ce premier trimestre dans le dispositif.<\/p>\n\n\n\n<p><strong>Ateliers lecture&nbsp;et encodage de mots&nbsp;:<\/strong><\/p>\n\n\n\n<ul class=\"wp-block-list\"><li>Associer une image \u00e0 son mot<\/li><li>Compl\u00e9ter un mot avec la syllabe manquante<\/li><li>Recomposer un mot avec les syllabes<\/li><li>Attraper la bonne syllabe<\/li><\/ul>\n\n\n\n<figure class=\"wp-block-gallery columns-3 is-cropped wp-block-gallery-1 is-layout-flex wp-block-gallery-is-layout-flex\"><ul class=\"blocks-gallery-grid\"><li class=\"blocks-gallery-item\"><figure><a href=\"https:\/\/www.ecolesaintvincentdepaul-arles.fr\/wp-content\/uploads\/2021\/11\/A-4.jpg\"><img loading=\"lazy\" decoding=\"async\" width=\"682\" height=\"554\" src=\"https:\/\/www.ecolesaintvincentdepaul-arles.fr\/wp-content\/uploads\/2021\/11\/A-4.jpg\" alt=\"\" data-id=\"14112\" data-full-url=\"https:\/\/www.ecolesaintvincentdepaul-arles.fr\/wp-content\/uploads\/2021\/11\/A-4.jpg\" data-link=\"https:\/\/www.ecolesaintvincentdepaul-arles.fr\/?attachment_id=14112\" class=\"wp-image-14112\" srcset=\"https:\/\/www.ecolesaintvincentdepaul-arles.fr\/wp-content\/uploads\/2021\/11\/A-4.jpg 682w, https:\/\/www.ecolesaintvincentdepaul-arles.fr\/wp-content\/uploads\/2021\/11\/A-4-300x244.jpg 300w, https:\/\/www.ecolesaintvincentdepaul-arles.fr\/wp-content\/uploads\/2021\/11\/A-4-600x487.jpg 600w, https:\/\/www.ecolesaintvincentdepaul-arles.fr\/wp-content\/uploads\/2021\/11\/A-4-250x203.jpg 250w, https:\/\/www.ecolesaintvincentdepaul-arles.fr\/wp-content\/uploads\/2021\/11\/A-4-624x507.jpg 624w, https:\/\/www.ecolesaintvincentdepaul-arles.fr\/wp-content\/uploads\/2021\/11\/A-4-400x325.jpg 400w\" sizes=\"auto, (max-width: 682px) 100vw, 682px\" \/><\/a><\/figure><\/li><li class=\"blocks-gallery-item\"><figure><a href=\"https:\/\/www.ecolesaintvincentdepaul-arles.fr\/wp-content\/uploads\/2021\/11\/B-4.jpg\"><img loading=\"lazy\" decoding=\"async\" width=\"699\" height=\"537\" src=\"https:\/\/www.ecolesaintvincentdepaul-arles.fr\/wp-content\/uploads\/2021\/11\/B-4.jpg\" alt=\"\" data-id=\"14111\" data-full-url=\"https:\/\/www.ecolesaintvincentdepaul-arles.fr\/wp-content\/uploads\/2021\/11\/B-4.jpg\" data-link=\"https:\/\/www.ecolesaintvincentdepaul-arles.fr\/?attachment_id=14111\" class=\"wp-image-14111\" srcset=\"https:\/\/www.ecolesaintvincentdepaul-arles.fr\/wp-content\/uploads\/2021\/11\/B-4.jpg 699w, https:\/\/www.ecolesaintvincentdepaul-arles.fr\/wp-content\/uploads\/2021\/11\/B-4-300x230.jpg 300w, https:\/\/www.ecolesaintvincentdepaul-arles.fr\/wp-content\/uploads\/2021\/11\/B-4-600x461.jpg 600w, https:\/\/www.ecolesaintvincentdepaul-arles.fr\/wp-content\/uploads\/2021\/11\/B-4-250x192.jpg 250w, https:\/\/www.ecolesaintvincentdepaul-arles.fr\/wp-content\/uploads\/2021\/11\/B-4-624x479.jpg 624w, https:\/\/www.ecolesaintvincentdepaul-arles.fr\/wp-content\/uploads\/2021\/11\/B-4-400x307.jpg 400w\" sizes=\"auto, (max-width: 699px) 100vw, 699px\" \/><\/a><\/figure><\/li><li class=\"blocks-gallery-item\"><figure><a href=\"https:\/\/www.ecolesaintvincentdepaul-arles.fr\/wp-content\/uploads\/2021\/11\/C-4.jpg\"><img loading=\"lazy\" decoding=\"async\" width=\"671\" height=\"685\" src=\"https:\/\/www.ecolesaintvincentdepaul-arles.fr\/wp-content\/uploads\/2021\/11\/C-4.jpg\" alt=\"\" data-id=\"14110\" data-full-url=\"https:\/\/www.ecolesaintvincentdepaul-arles.fr\/wp-content\/uploads\/2021\/11\/C-4.jpg\" data-link=\"https:\/\/www.ecolesaintvincentdepaul-arles.fr\/?attachment_id=14110\" class=\"wp-image-14110\" srcset=\"https:\/\/www.ecolesaintvincentdepaul-arles.fr\/wp-content\/uploads\/2021\/11\/C-4.jpg 671w, https:\/\/www.ecolesaintvincentdepaul-arles.fr\/wp-content\/uploads\/2021\/11\/C-4-294x300.jpg 294w, https:\/\/www.ecolesaintvincentdepaul-arles.fr\/wp-content\/uploads\/2021\/11\/C-4-600x613.jpg 600w, https:\/\/www.ecolesaintvincentdepaul-arles.fr\/wp-content\/uploads\/2021\/11\/C-4-250x255.jpg 250w, https:\/\/www.ecolesaintvincentdepaul-arles.fr\/wp-content\/uploads\/2021\/11\/C-4-624x637.jpg 624w, https:\/\/www.ecolesaintvincentdepaul-arles.fr\/wp-content\/uploads\/2021\/11\/C-4-400x408.jpg 400w\" sizes=\"auto, (max-width: 671px) 100vw, 671px\" \/><\/a><\/figure><\/li><li class=\"blocks-gallery-item\"><figure><a href=\"https:\/\/www.ecolesaintvincentdepaul-arles.fr\/wp-content\/uploads\/2021\/11\/D-4.jpg\"><img loading=\"lazy\" decoding=\"async\" width=\"679\" height=\"591\" src=\"https:\/\/www.ecolesaintvincentdepaul-arles.fr\/wp-content\/uploads\/2021\/11\/D-4.jpg\" alt=\"\" data-id=\"14109\" data-full-url=\"https:\/\/www.ecolesaintvincentdepaul-arles.fr\/wp-content\/uploads\/2021\/11\/D-4.jpg\" data-link=\"https:\/\/www.ecolesaintvincentdepaul-arles.fr\/?attachment_id=14109\" class=\"wp-image-14109\" srcset=\"https:\/\/www.ecolesaintvincentdepaul-arles.fr\/wp-content\/uploads\/2021\/11\/D-4.jpg 679w, https:\/\/www.ecolesaintvincentdepaul-arles.fr\/wp-content\/uploads\/2021\/11\/D-4-300x261.jpg 300w, https:\/\/www.ecolesaintvincentdepaul-arles.fr\/wp-content\/uploads\/2021\/11\/D-4-600x522.jpg 600w, https:\/\/www.ecolesaintvincentdepaul-arles.fr\/wp-content\/uploads\/2021\/11\/D-4-250x218.jpg 250w, https:\/\/www.ecolesaintvincentdepaul-arles.fr\/wp-content\/uploads\/2021\/11\/D-4-624x543.jpg 624w, https:\/\/www.ecolesaintvincentdepaul-arles.fr\/wp-content\/uploads\/2021\/11\/D-4-400x348.jpg 400w\" sizes=\"auto, (max-width: 679px) 100vw, 679px\" \/><\/a><\/figure><\/li><li class=\"blocks-gallery-item\"><figure><a href=\"https:\/\/www.ecolesaintvincentdepaul-arles.fr\/wp-content\/uploads\/2021\/11\/E.png\"><img loading=\"lazy\" decoding=\"async\" width=\"750\" height=\"750\" src=\"https:\/\/www.ecolesaintvincentdepaul-arles.fr\/wp-content\/uploads\/2021\/11\/E.png\" alt=\"\" data-id=\"14108\" data-full-url=\"https:\/\/www.ecolesaintvincentdepaul-arles.fr\/wp-content\/uploads\/2021\/11\/E.png\" data-link=\"https:\/\/www.ecolesaintvincentdepaul-arles.fr\/?attachment_id=14108\" class=\"wp-image-14108\" srcset=\"https:\/\/www.ecolesaintvincentdepaul-arles.fr\/wp-content\/uploads\/2021\/11\/E.png 750w, https:\/\/www.ecolesaintvincentdepaul-arles.fr\/wp-content\/uploads\/2021\/11\/E-300x300.png 300w, https:\/\/www.ecolesaintvincentdepaul-arles.fr\/wp-content\/uploads\/2021\/11\/E-150x150.png 150w, https:\/\/www.ecolesaintvincentdepaul-arles.fr\/wp-content\/uploads\/2021\/11\/E-600x600.png 600w, https:\/\/www.ecolesaintvincentdepaul-arles.fr\/wp-content\/uploads\/2021\/11\/E-250x250.png 250w, https:\/\/www.ecolesaintvincentdepaul-arles.fr\/wp-content\/uploads\/2021\/11\/E-624x624.png 624w, https:\/\/www.ecolesaintvincentdepaul-arles.fr\/wp-content\/uploads\/2021\/11\/E-200x200.png 200w, https:\/\/www.ecolesaintvincentdepaul-arles.fr\/wp-content\/uploads\/2021\/11\/E-400x400.png 400w\" sizes=\"auto, (max-width: 750px) 100vw, 750px\" \/><\/a><\/figure><\/li><\/ul><\/figure>\n\n\n\n<p><strong>Ateliers de lecture compr\u00e9hension<\/strong>&nbsp;:<\/p>\n\n\n\n<ul class=\"wp-block-list\"><li>Associer un texte \u00e0 son illustration<\/li><li>Lire des phrases et v\u00e9rifier leur v\u00e9racit\u00e9 par l\u2019illustration<\/li><li>Lire un texte et r\u00e9pondre \u00e0 des questions de compr\u00e9hension<\/li><\/ul>\n\n\n\n<figure class=\"wp-block-image size-full\"><a href=\"https:\/\/www.ecolesaintvincentdepaul-arles.fr\/wp-content\/uploads\/2021\/11\/F.png\"><img loading=\"lazy\" decoding=\"async\" width=\"750\" height=\"750\" src=\"https:\/\/www.ecolesaintvincentdepaul-arles.fr\/wp-content\/uploads\/2021\/11\/F.png\" alt=\"\" class=\"wp-image-14107\" srcset=\"https:\/\/www.ecolesaintvincentdepaul-arles.fr\/wp-content\/uploads\/2021\/11\/F.png 750w, https:\/\/www.ecolesaintvincentdepaul-arles.fr\/wp-content\/uploads\/2021\/11\/F-300x300.png 300w, https:\/\/www.ecolesaintvincentdepaul-arles.fr\/wp-content\/uploads\/2021\/11\/F-150x150.png 150w, https:\/\/www.ecolesaintvincentdepaul-arles.fr\/wp-content\/uploads\/2021\/11\/F-600x600.png 600w, https:\/\/www.ecolesaintvincentdepaul-arles.fr\/wp-content\/uploads\/2021\/11\/F-250x250.png 250w, https:\/\/www.ecolesaintvincentdepaul-arles.fr\/wp-content\/uploads\/2021\/11\/F-624x624.png 624w, https:\/\/www.ecolesaintvincentdepaul-arles.fr\/wp-content\/uploads\/2021\/11\/F-200x200.png 200w, https:\/\/www.ecolesaintvincentdepaul-arles.fr\/wp-content\/uploads\/2021\/11\/F-400x400.png 400w\" sizes=\"auto, (max-width: 750px) 100vw, 750px\" \/><\/a><\/figure>\n\n\n\n<p><strong>Ateliers d\u2019\u00e9criture et de production d\u2019\u00e9crits<\/strong>&nbsp;:<strong> geste graphique, orthographe lexical<\/strong><\/p>\n\n\n\n<figure class=\"wp-block-gallery columns-2 is-cropped wp-block-gallery-2 is-layout-flex wp-block-gallery-is-layout-flex\"><ul class=\"blocks-gallery-grid\"><li class=\"blocks-gallery-item\"><figure><a href=\"https:\/\/www.ecolesaintvincentdepaul-arles.fr\/wp-content\/uploads\/2021\/11\/G.png\"><img loading=\"lazy\" decoding=\"async\" width=\"750\" height=\"750\" src=\"https:\/\/www.ecolesaintvincentdepaul-arles.fr\/wp-content\/uploads\/2021\/11\/G.png\" alt=\"\" data-id=\"14106\" data-full-url=\"https:\/\/www.ecolesaintvincentdepaul-arles.fr\/wp-content\/uploads\/2021\/11\/G.png\" data-link=\"https:\/\/www.ecolesaintvincentdepaul-arles.fr\/?attachment_id=14106\" class=\"wp-image-14106\" srcset=\"https:\/\/www.ecolesaintvincentdepaul-arles.fr\/wp-content\/uploads\/2021\/11\/G.png 750w, https:\/\/www.ecolesaintvincentdepaul-arles.fr\/wp-content\/uploads\/2021\/11\/G-300x300.png 300w, https:\/\/www.ecolesaintvincentdepaul-arles.fr\/wp-content\/uploads\/2021\/11\/G-150x150.png 150w, https:\/\/www.ecolesaintvincentdepaul-arles.fr\/wp-content\/uploads\/2021\/11\/G-600x600.png 600w, https:\/\/www.ecolesaintvincentdepaul-arles.fr\/wp-content\/uploads\/2021\/11\/G-250x250.png 250w, https:\/\/www.ecolesaintvincentdepaul-arles.fr\/wp-content\/uploads\/2021\/11\/G-624x624.png 624w, https:\/\/www.ecolesaintvincentdepaul-arles.fr\/wp-content\/uploads\/2021\/11\/G-200x200.png 200w, https:\/\/www.ecolesaintvincentdepaul-arles.fr\/wp-content\/uploads\/2021\/11\/G-400x400.png 400w\" sizes=\"auto, (max-width: 750px) 100vw, 750px\" \/><\/a><\/figure><\/li><li class=\"blocks-gallery-item\"><figure><a href=\"https:\/\/www.ecolesaintvincentdepaul-arles.fr\/wp-content\/uploads\/2021\/11\/H.png\"><img loading=\"lazy\" decoding=\"async\" width=\"750\" height=\"750\" src=\"https:\/\/www.ecolesaintvincentdepaul-arles.fr\/wp-content\/uploads\/2021\/11\/H.png\" alt=\"\" data-id=\"14105\" data-full-url=\"https:\/\/www.ecolesaintvincentdepaul-arles.fr\/wp-content\/uploads\/2021\/11\/H.png\" data-link=\"https:\/\/www.ecolesaintvincentdepaul-arles.fr\/?attachment_id=14105\" class=\"wp-image-14105\" srcset=\"https:\/\/www.ecolesaintvincentdepaul-arles.fr\/wp-content\/uploads\/2021\/11\/H.png 750w, https:\/\/www.ecolesaintvincentdepaul-arles.fr\/wp-content\/uploads\/2021\/11\/H-300x300.png 300w, https:\/\/www.ecolesaintvincentdepaul-arles.fr\/wp-content\/uploads\/2021\/11\/H-150x150.png 150w, https:\/\/www.ecolesaintvincentdepaul-arles.fr\/wp-content\/uploads\/2021\/11\/H-600x600.png 600w, https:\/\/www.ecolesaintvincentdepaul-arles.fr\/wp-content\/uploads\/2021\/11\/H-250x250.png 250w, https:\/\/www.ecolesaintvincentdepaul-arles.fr\/wp-content\/uploads\/2021\/11\/H-624x624.png 624w, https:\/\/www.ecolesaintvincentdepaul-arles.fr\/wp-content\/uploads\/2021\/11\/H-200x200.png 200w, https:\/\/www.ecolesaintvincentdepaul-arles.fr\/wp-content\/uploads\/2021\/11\/H-400x400.png 400w\" sizes=\"auto, (max-width: 750px) 100vw, 750px\" \/><\/a><\/figure><\/li><\/ul><\/figure>\n\n\n\n<ul class=\"wp-block-list\"><li>Produire des phrases&nbsp;: notion du sujet et du verbe<\/li><\/ul>\n\n\n\n<figure class=\"wp-block-image size-full\"><a href=\"https:\/\/www.ecolesaintvincentdepaul-arles.fr\/wp-content\/uploads\/2021\/11\/I-3.jpg\"><img loading=\"lazy\" decoding=\"async\" width=\"688\" height=\"747\" src=\"https:\/\/www.ecolesaintvincentdepaul-arles.fr\/wp-content\/uploads\/2021\/11\/I-3.jpg\" alt=\"\" class=\"wp-image-14104\" srcset=\"https:\/\/www.ecolesaintvincentdepaul-arles.fr\/wp-content\/uploads\/2021\/11\/I-3.jpg 688w, https:\/\/www.ecolesaintvincentdepaul-arles.fr\/wp-content\/uploads\/2021\/11\/I-3-276x300.jpg 276w, https:\/\/www.ecolesaintvincentdepaul-arles.fr\/wp-content\/uploads\/2021\/11\/I-3-600x651.jpg 600w, https:\/\/www.ecolesaintvincentdepaul-arles.fr\/wp-content\/uploads\/2021\/11\/I-3-250x271.jpg 250w, https:\/\/www.ecolesaintvincentdepaul-arles.fr\/wp-content\/uploads\/2021\/11\/I-3-624x678.jpg 624w, https:\/\/www.ecolesaintvincentdepaul-arles.fr\/wp-content\/uploads\/2021\/11\/I-3-400x434.jpg 400w\" sizes=\"auto, (max-width: 688px) 100vw, 688px\" \/><\/a><\/figure>\n\n\n\n<p><strong>Ateliers grapho-phonologique&nbsp;:<\/strong><\/p>\n\n\n\n<p>           m\u00e9thode des alphas &nbsp;&nbsp;&nbsp;&nbsp;&nbsp;&nbsp;&nbsp;&nbsp;&nbsp;&nbsp;&nbsp;&nbsp;&nbsp;&nbsp;&nbsp;&nbsp;&nbsp;&nbsp;&nbsp;&nbsp;&nbsp;&nbsp;&nbsp;&nbsp;&nbsp;                Les&nbsp; graph\u00e8mes complexes<\/p>\n\n\n\n<figure class=\"wp-block-gallery columns-2 is-cropped wp-block-gallery-3 is-layout-flex wp-block-gallery-is-layout-flex\"><ul class=\"blocks-gallery-grid\"><li class=\"blocks-gallery-item\"><figure><a href=\"https:\/\/www.ecolesaintvincentdepaul-arles.fr\/wp-content\/uploads\/2021\/11\/J-2.jpg\"><img loading=\"lazy\" decoding=\"async\" width=\"618\" height=\"552\" src=\"https:\/\/www.ecolesaintvincentdepaul-arles.fr\/wp-content\/uploads\/2021\/11\/J-2.jpg\" alt=\"\" data-id=\"14103\" data-full-url=\"https:\/\/www.ecolesaintvincentdepaul-arles.fr\/wp-content\/uploads\/2021\/11\/J-2.jpg\" data-link=\"https:\/\/www.ecolesaintvincentdepaul-arles.fr\/?attachment_id=14103\" class=\"wp-image-14103\" srcset=\"https:\/\/www.ecolesaintvincentdepaul-arles.fr\/wp-content\/uploads\/2021\/11\/J-2.jpg 618w, https:\/\/www.ecolesaintvincentdepaul-arles.fr\/wp-content\/uploads\/2021\/11\/J-2-300x268.jpg 300w, https:\/\/www.ecolesaintvincentdepaul-arles.fr\/wp-content\/uploads\/2021\/11\/J-2-600x536.jpg 600w, https:\/\/www.ecolesaintvincentdepaul-arles.fr\/wp-content\/uploads\/2021\/11\/J-2-250x223.jpg 250w, https:\/\/www.ecolesaintvincentdepaul-arles.fr\/wp-content\/uploads\/2021\/11\/J-2-400x357.jpg 400w\" sizes=\"auto, (max-width: 618px) 100vw, 618px\" \/><\/a><\/figure><\/li><li class=\"blocks-gallery-item\"><figure><a href=\"https:\/\/www.ecolesaintvincentdepaul-arles.fr\/wp-content\/uploads\/2021\/11\/K.png\"><img loading=\"lazy\" decoding=\"async\" width=\"750\" height=\"750\" src=\"https:\/\/www.ecolesaintvincentdepaul-arles.fr\/wp-content\/uploads\/2021\/11\/K.png\" alt=\"\" data-id=\"14102\" data-full-url=\"https:\/\/www.ecolesaintvincentdepaul-arles.fr\/wp-content\/uploads\/2021\/11\/K.png\" data-link=\"https:\/\/www.ecolesaintvincentdepaul-arles.fr\/?attachment_id=14102\" class=\"wp-image-14102\" srcset=\"https:\/\/www.ecolesaintvincentdepaul-arles.fr\/wp-content\/uploads\/2021\/11\/K.png 750w, https:\/\/www.ecolesaintvincentdepaul-arles.fr\/wp-content\/uploads\/2021\/11\/K-300x300.png 300w, https:\/\/www.ecolesaintvincentdepaul-arles.fr\/wp-content\/uploads\/2021\/11\/K-150x150.png 150w, https:\/\/www.ecolesaintvincentdepaul-arles.fr\/wp-content\/uploads\/2021\/11\/K-600x600.png 600w, https:\/\/www.ecolesaintvincentdepaul-arles.fr\/wp-content\/uploads\/2021\/11\/K-250x250.png 250w, https:\/\/www.ecolesaintvincentdepaul-arles.fr\/wp-content\/uploads\/2021\/11\/K-624x624.png 624w, https:\/\/www.ecolesaintvincentdepaul-arles.fr\/wp-content\/uploads\/2021\/11\/K-200x200.png 200w, https:\/\/www.ecolesaintvincentdepaul-arles.fr\/wp-content\/uploads\/2021\/11\/K-400x400.png 400w\" sizes=\"auto, (max-width: 750px) 100vw, 750px\" \/><\/a><\/figure><\/li><\/ul><\/figure>\n\n\n\n<p><strong>Ateliers de math\u00e9matiques<\/strong><\/p>\n\n\n\n<p>Calculer avec des outils<\/p>\n\n\n\n<figure class=\"wp-block-image size-full\"><a href=\"https:\/\/www.ecolesaintvincentdepaul-arles.fr\/wp-content\/uploads\/2021\/11\/L.png\"><img loading=\"lazy\" decoding=\"async\" width=\"750\" height=\"750\" src=\"https:\/\/www.ecolesaintvincentdepaul-arles.fr\/wp-content\/uploads\/2021\/11\/L.png\" alt=\"\" class=\"wp-image-14127\" srcset=\"https:\/\/www.ecolesaintvincentdepaul-arles.fr\/wp-content\/uploads\/2021\/11\/L.png 750w, https:\/\/www.ecolesaintvincentdepaul-arles.fr\/wp-content\/uploads\/2021\/11\/L-300x300.png 300w, https:\/\/www.ecolesaintvincentdepaul-arles.fr\/wp-content\/uploads\/2021\/11\/L-150x150.png 150w, https:\/\/www.ecolesaintvincentdepaul-arles.fr\/wp-content\/uploads\/2021\/11\/L-600x600.png 600w, https:\/\/www.ecolesaintvincentdepaul-arles.fr\/wp-content\/uploads\/2021\/11\/L-250x250.png 250w, https:\/\/www.ecolesaintvincentdepaul-arles.fr\/wp-content\/uploads\/2021\/11\/L-624x624.png 624w, https:\/\/www.ecolesaintvincentdepaul-arles.fr\/wp-content\/uploads\/2021\/11\/L-200x200.png 200w, https:\/\/www.ecolesaintvincentdepaul-arles.fr\/wp-content\/uploads\/2021\/11\/L-400x400.png 400w\" sizes=\"auto, (max-width: 750px) 100vw, 750px\" \/><\/a><\/figure>\n\n\n\n<p>Ateliers autour de la quantit\u00e9&nbsp;: d\u00e9nombrer, construire le nombre, additionner \u2026<\/p>\n\n\n\n<figure class=\"wp-block-gallery columns-3 is-cropped wp-block-gallery-4 is-layout-flex wp-block-gallery-is-layout-flex\"><ul class=\"blocks-gallery-grid\"><li class=\"blocks-gallery-item\"><figure><a href=\"https:\/\/www.ecolesaintvincentdepaul-arles.fr\/wp-content\/uploads\/2021\/11\/N.png\"><img loading=\"lazy\" decoding=\"async\" width=\"750\" height=\"750\" src=\"https:\/\/www.ecolesaintvincentdepaul-arles.fr\/wp-content\/uploads\/2021\/11\/N.png\" alt=\"\" data-id=\"14125\" data-full-url=\"https:\/\/www.ecolesaintvincentdepaul-arles.fr\/wp-content\/uploads\/2021\/11\/N.png\" data-link=\"https:\/\/www.ecolesaintvincentdepaul-arles.fr\/?attachment_id=14125\" class=\"wp-image-14125\" srcset=\"https:\/\/www.ecolesaintvincentdepaul-arles.fr\/wp-content\/uploads\/2021\/11\/N.png 750w, https:\/\/www.ecolesaintvincentdepaul-arles.fr\/wp-content\/uploads\/2021\/11\/N-300x300.png 300w, https:\/\/www.ecolesaintvincentdepaul-arles.fr\/wp-content\/uploads\/2021\/11\/N-150x150.png 150w, https:\/\/www.ecolesaintvincentdepaul-arles.fr\/wp-content\/uploads\/2021\/11\/N-600x600.png 600w, https:\/\/www.ecolesaintvincentdepaul-arles.fr\/wp-content\/uploads\/2021\/11\/N-250x250.png 250w, https:\/\/www.ecolesaintvincentdepaul-arles.fr\/wp-content\/uploads\/2021\/11\/N-624x624.png 624w, https:\/\/www.ecolesaintvincentdepaul-arles.fr\/wp-content\/uploads\/2021\/11\/N-200x200.png 200w, https:\/\/www.ecolesaintvincentdepaul-arles.fr\/wp-content\/uploads\/2021\/11\/N-400x400.png 400w\" sizes=\"auto, (max-width: 750px) 100vw, 750px\" \/><\/a><\/figure><\/li><li class=\"blocks-gallery-item\"><figure><a href=\"https:\/\/www.ecolesaintvincentdepaul-arles.fr\/wp-content\/uploads\/2021\/11\/O.png\"><img loading=\"lazy\" decoding=\"async\" width=\"750\" height=\"750\" src=\"https:\/\/www.ecolesaintvincentdepaul-arles.fr\/wp-content\/uploads\/2021\/11\/O.png\" alt=\"\" data-id=\"14124\" data-full-url=\"https:\/\/www.ecolesaintvincentdepaul-arles.fr\/wp-content\/uploads\/2021\/11\/O.png\" data-link=\"https:\/\/www.ecolesaintvincentdepaul-arles.fr\/?attachment_id=14124\" class=\"wp-image-14124\" srcset=\"https:\/\/www.ecolesaintvincentdepaul-arles.fr\/wp-content\/uploads\/2021\/11\/O.png 750w, https:\/\/www.ecolesaintvincentdepaul-arles.fr\/wp-content\/uploads\/2021\/11\/O-300x300.png 300w, https:\/\/www.ecolesaintvincentdepaul-arles.fr\/wp-content\/uploads\/2021\/11\/O-150x150.png 150w, https:\/\/www.ecolesaintvincentdepaul-arles.fr\/wp-content\/uploads\/2021\/11\/O-600x600.png 600w, https:\/\/www.ecolesaintvincentdepaul-arles.fr\/wp-content\/uploads\/2021\/11\/O-250x250.png 250w, https:\/\/www.ecolesaintvincentdepaul-arles.fr\/wp-content\/uploads\/2021\/11\/O-624x624.png 624w, https:\/\/www.ecolesaintvincentdepaul-arles.fr\/wp-content\/uploads\/2021\/11\/O-200x200.png 200w, https:\/\/www.ecolesaintvincentdepaul-arles.fr\/wp-content\/uploads\/2021\/11\/O-400x400.png 400w\" sizes=\"auto, (max-width: 750px) 100vw, 750px\" \/><\/a><\/figure><\/li><li class=\"blocks-gallery-item\"><figure><a href=\"https:\/\/www.ecolesaintvincentdepaul-arles.fr\/wp-content\/uploads\/2021\/11\/P.png\"><img loading=\"lazy\" decoding=\"async\" width=\"750\" height=\"750\" src=\"https:\/\/www.ecolesaintvincentdepaul-arles.fr\/wp-content\/uploads\/2021\/11\/P.png\" alt=\"\" data-id=\"14123\" data-full-url=\"https:\/\/www.ecolesaintvincentdepaul-arles.fr\/wp-content\/uploads\/2021\/11\/P.png\" data-link=\"https:\/\/www.ecolesaintvincentdepaul-arles.fr\/?attachment_id=14123\" class=\"wp-image-14123\" srcset=\"https:\/\/www.ecolesaintvincentdepaul-arles.fr\/wp-content\/uploads\/2021\/11\/P.png 750w, https:\/\/www.ecolesaintvincentdepaul-arles.fr\/wp-content\/uploads\/2021\/11\/P-300x300.png 300w, https:\/\/www.ecolesaintvincentdepaul-arles.fr\/wp-content\/uploads\/2021\/11\/P-150x150.png 150w, https:\/\/www.ecolesaintvincentdepaul-arles.fr\/wp-content\/uploads\/2021\/11\/P-600x600.png 600w, https:\/\/www.ecolesaintvincentdepaul-arles.fr\/wp-content\/uploads\/2021\/11\/P-250x250.png 250w, https:\/\/www.ecolesaintvincentdepaul-arles.fr\/wp-content\/uploads\/2021\/11\/P-624x624.png 624w, https:\/\/www.ecolesaintvincentdepaul-arles.fr\/wp-content\/uploads\/2021\/11\/P-200x200.png 200w, https:\/\/www.ecolesaintvincentdepaul-arles.fr\/wp-content\/uploads\/2021\/11\/P-400x400.png 400w\" sizes=\"auto, (max-width: 750px) 100vw, 750px\" \/><\/a><\/figure><\/li><\/ul><\/figure>\n\n\n\n<ul class=\"wp-block-list\"><li>Atelier de r\u00e9solution de probl\u00e8mes et g\u00e9om\u00e9trie<\/li><\/ul>\n\n\n\n<figure class=\"wp-block-gallery columns-3 is-cropped wp-block-gallery-5 is-layout-flex wp-block-gallery-is-layout-flex\"><ul class=\"blocks-gallery-grid\"><li class=\"blocks-gallery-item\"><figure><a href=\"https:\/\/www.ecolesaintvincentdepaul-arles.fr\/wp-content\/uploads\/2021\/11\/Q.png\"><img loading=\"lazy\" decoding=\"async\" width=\"750\" height=\"750\" src=\"https:\/\/www.ecolesaintvincentdepaul-arles.fr\/wp-content\/uploads\/2021\/11\/Q.png\" alt=\"\" data-id=\"14122\" data-full-url=\"https:\/\/www.ecolesaintvincentdepaul-arles.fr\/wp-content\/uploads\/2021\/11\/Q.png\" data-link=\"https:\/\/www.ecolesaintvincentdepaul-arles.fr\/?attachment_id=14122\" class=\"wp-image-14122\" srcset=\"https:\/\/www.ecolesaintvincentdepaul-arles.fr\/wp-content\/uploads\/2021\/11\/Q.png 750w, https:\/\/www.ecolesaintvincentdepaul-arles.fr\/wp-content\/uploads\/2021\/11\/Q-300x300.png 300w, https:\/\/www.ecolesaintvincentdepaul-arles.fr\/wp-content\/uploads\/2021\/11\/Q-150x150.png 150w, https:\/\/www.ecolesaintvincentdepaul-arles.fr\/wp-content\/uploads\/2021\/11\/Q-600x600.png 600w, https:\/\/www.ecolesaintvincentdepaul-arles.fr\/wp-content\/uploads\/2021\/11\/Q-250x250.png 250w, https:\/\/www.ecolesaintvincentdepaul-arles.fr\/wp-content\/uploads\/2021\/11\/Q-624x624.png 624w, https:\/\/www.ecolesaintvincentdepaul-arles.fr\/wp-content\/uploads\/2021\/11\/Q-200x200.png 200w, https:\/\/www.ecolesaintvincentdepaul-arles.fr\/wp-content\/uploads\/2021\/11\/Q-400x400.png 400w\" sizes=\"auto, (max-width: 750px) 100vw, 750px\" \/><\/a><\/figure><\/li><li class=\"blocks-gallery-item\"><figure><a href=\"https:\/\/www.ecolesaintvincentdepaul-arles.fr\/wp-content\/uploads\/2021\/11\/R.png\"><img loading=\"lazy\" decoding=\"async\" width=\"750\" height=\"750\" src=\"https:\/\/www.ecolesaintvincentdepaul-arles.fr\/wp-content\/uploads\/2021\/11\/R.png\" alt=\"\" data-id=\"14121\" data-full-url=\"https:\/\/www.ecolesaintvincentdepaul-arles.fr\/wp-content\/uploads\/2021\/11\/R.png\" data-link=\"https:\/\/www.ecolesaintvincentdepaul-arles.fr\/?attachment_id=14121\" class=\"wp-image-14121\" srcset=\"https:\/\/www.ecolesaintvincentdepaul-arles.fr\/wp-content\/uploads\/2021\/11\/R.png 750w, https:\/\/www.ecolesaintvincentdepaul-arles.fr\/wp-content\/uploads\/2021\/11\/R-300x300.png 300w, https:\/\/www.ecolesaintvincentdepaul-arles.fr\/wp-content\/uploads\/2021\/11\/R-150x150.png 150w, https:\/\/www.ecolesaintvincentdepaul-arles.fr\/wp-content\/uploads\/2021\/11\/R-600x600.png 600w, https:\/\/www.ecolesaintvincentdepaul-arles.fr\/wp-content\/uploads\/2021\/11\/R-250x250.png 250w, https:\/\/www.ecolesaintvincentdepaul-arles.fr\/wp-content\/uploads\/2021\/11\/R-624x624.png 624w, https:\/\/www.ecolesaintvincentdepaul-arles.fr\/wp-content\/uploads\/2021\/11\/R-200x200.png 200w, https:\/\/www.ecolesaintvincentdepaul-arles.fr\/wp-content\/uploads\/2021\/11\/R-400x400.png 400w\" sizes=\"auto, (max-width: 750px) 100vw, 750px\" \/><\/a><\/figure><\/li><li class=\"blocks-gallery-item\"><figure><a href=\"https:\/\/www.ecolesaintvincentdepaul-arles.fr\/wp-content\/uploads\/2021\/11\/S.png\"><img loading=\"lazy\" decoding=\"async\" width=\"750\" height=\"750\" src=\"https:\/\/www.ecolesaintvincentdepaul-arles.fr\/wp-content\/uploads\/2021\/11\/S.png\" alt=\"\" data-id=\"14120\" data-full-url=\"https:\/\/www.ecolesaintvincentdepaul-arles.fr\/wp-content\/uploads\/2021\/11\/S.png\" data-link=\"https:\/\/www.ecolesaintvincentdepaul-arles.fr\/?attachment_id=14120\" class=\"wp-image-14120\" srcset=\"https:\/\/www.ecolesaintvincentdepaul-arles.fr\/wp-content\/uploads\/2021\/11\/S.png 750w, https:\/\/www.ecolesaintvincentdepaul-arles.fr\/wp-content\/uploads\/2021\/11\/S-300x300.png 300w, https:\/\/www.ecolesaintvincentdepaul-arles.fr\/wp-content\/uploads\/2021\/11\/S-150x150.png 150w, https:\/\/www.ecolesaintvincentdepaul-arles.fr\/wp-content\/uploads\/2021\/11\/S-600x600.png 600w, https:\/\/www.ecolesaintvincentdepaul-arles.fr\/wp-content\/uploads\/2021\/11\/S-250x250.png 250w, https:\/\/www.ecolesaintvincentdepaul-arles.fr\/wp-content\/uploads\/2021\/11\/S-624x624.png 624w, https:\/\/www.ecolesaintvincentdepaul-arles.fr\/wp-content\/uploads\/2021\/11\/S-200x200.png 200w, https:\/\/www.ecolesaintvincentdepaul-arles.fr\/wp-content\/uploads\/2021\/11\/S-400x400.png 400w\" sizes=\"auto, (max-width: 750px) 100vw, 750px\" \/><\/a><\/figure><\/li><\/ul><\/figure>\n\n\n\n<p><strong>Ateliers artistiques et de motricit\u00e9 fine<\/strong><\/p>\n\n\n\n<p>Travail sur les nuances<\/p>\n\n\n\n<figure class=\"wp-block-gallery columns-2 is-cropped wp-block-gallery-6 is-layout-flex wp-block-gallery-is-layout-flex\"><ul class=\"blocks-gallery-grid\"><li class=\"blocks-gallery-item\"><figure><a href=\"https:\/\/www.ecolesaintvincentdepaul-arles.fr\/wp-content\/uploads\/2021\/11\/U.png\"><img loading=\"lazy\" decoding=\"async\" width=\"750\" height=\"750\" src=\"https:\/\/www.ecolesaintvincentdepaul-arles.fr\/wp-content\/uploads\/2021\/11\/U.png\" alt=\"\" data-id=\"14118\" data-full-url=\"https:\/\/www.ecolesaintvincentdepaul-arles.fr\/wp-content\/uploads\/2021\/11\/U.png\" data-link=\"https:\/\/www.ecolesaintvincentdepaul-arles.fr\/?attachment_id=14118\" class=\"wp-image-14118\" srcset=\"https:\/\/www.ecolesaintvincentdepaul-arles.fr\/wp-content\/uploads\/2021\/11\/U.png 750w, https:\/\/www.ecolesaintvincentdepaul-arles.fr\/wp-content\/uploads\/2021\/11\/U-300x300.png 300w, https:\/\/www.ecolesaintvincentdepaul-arles.fr\/wp-content\/uploads\/2021\/11\/U-150x150.png 150w, https:\/\/www.ecolesaintvincentdepaul-arles.fr\/wp-content\/uploads\/2021\/11\/U-600x600.png 600w, https:\/\/www.ecolesaintvincentdepaul-arles.fr\/wp-content\/uploads\/2021\/11\/U-250x250.png 250w, https:\/\/www.ecolesaintvincentdepaul-arles.fr\/wp-content\/uploads\/2021\/11\/U-624x624.png 624w, https:\/\/www.ecolesaintvincentdepaul-arles.fr\/wp-content\/uploads\/2021\/11\/U-200x200.png 200w, https:\/\/www.ecolesaintvincentdepaul-arles.fr\/wp-content\/uploads\/2021\/11\/U-400x400.png 400w\" sizes=\"auto, (max-width: 750px) 100vw, 750px\" \/><\/a><\/figure><\/li><li class=\"blocks-gallery-item\"><figure><a href=\"https:\/\/www.ecolesaintvincentdepaul-arles.fr\/wp-content\/uploads\/2021\/11\/V.jpg\"><img loading=\"lazy\" decoding=\"async\" width=\"750\" height=\"750\" src=\"https:\/\/www.ecolesaintvincentdepaul-arles.fr\/wp-content\/uploads\/2021\/11\/V.jpg\" alt=\"\" data-id=\"14117\" data-full-url=\"https:\/\/www.ecolesaintvincentdepaul-arles.fr\/wp-content\/uploads\/2021\/11\/V.jpg\" data-link=\"https:\/\/www.ecolesaintvincentdepaul-arles.fr\/?attachment_id=14117\" class=\"wp-image-14117\" srcset=\"https:\/\/www.ecolesaintvincentdepaul-arles.fr\/wp-content\/uploads\/2021\/11\/V.jpg 750w, https:\/\/www.ecolesaintvincentdepaul-arles.fr\/wp-content\/uploads\/2021\/11\/V-300x300.jpg 300w, https:\/\/www.ecolesaintvincentdepaul-arles.fr\/wp-content\/uploads\/2021\/11\/V-150x150.jpg 150w, https:\/\/www.ecolesaintvincentdepaul-arles.fr\/wp-content\/uploads\/2021\/11\/V-600x600.jpg 600w, https:\/\/www.ecolesaintvincentdepaul-arles.fr\/wp-content\/uploads\/2021\/11\/V-250x250.jpg 250w, https:\/\/www.ecolesaintvincentdepaul-arles.fr\/wp-content\/uploads\/2021\/11\/V-624x624.jpg 624w, https:\/\/www.ecolesaintvincentdepaul-arles.fr\/wp-content\/uploads\/2021\/11\/V-200x200.jpg 200w, https:\/\/www.ecolesaintvincentdepaul-arles.fr\/wp-content\/uploads\/2021\/11\/V-400x400.jpg 400w\" sizes=\"auto, (max-width: 750px) 100vw, 750px\" \/><\/a><\/figure><\/li><\/ul><\/figure>\n\n\n\n<p>Pr\u00e9cision du geste et outil appropri\u00e9<\/p>\n\n\n\n<figure class=\"wp-block-image size-full\"><a href=\"https:\/\/www.ecolesaintvincentdepaul-arles.fr\/wp-content\/uploads\/2021\/11\/W.jpg\"><img loading=\"lazy\" decoding=\"async\" width=\"750\" height=\"750\" src=\"https:\/\/www.ecolesaintvincentdepaul-arles.fr\/wp-content\/uploads\/2021\/11\/W.jpg\" alt=\"\" class=\"wp-image-14116\" srcset=\"https:\/\/www.ecolesaintvincentdepaul-arles.fr\/wp-content\/uploads\/2021\/11\/W.jpg 750w, https:\/\/www.ecolesaintvincentdepaul-arles.fr\/wp-content\/uploads\/2021\/11\/W-300x300.jpg 300w, https:\/\/www.ecolesaintvincentdepaul-arles.fr\/wp-content\/uploads\/2021\/11\/W-150x150.jpg 150w, https:\/\/www.ecolesaintvincentdepaul-arles.fr\/wp-content\/uploads\/2021\/11\/W-600x600.jpg 600w, https:\/\/www.ecolesaintvincentdepaul-arles.fr\/wp-content\/uploads\/2021\/11\/W-250x250.jpg 250w, https:\/\/www.ecolesaintvincentdepaul-arles.fr\/wp-content\/uploads\/2021\/11\/W-624x624.jpg 624w, https:\/\/www.ecolesaintvincentdepaul-arles.fr\/wp-content\/uploads\/2021\/11\/W-200x200.jpg 200w, https:\/\/www.ecolesaintvincentdepaul-arles.fr\/wp-content\/uploads\/2021\/11\/W-400x400.jpg 400w\" sizes=\"auto, (max-width: 750px) 100vw, 750px\" \/><\/a><\/figure>\n\n\n\n<p><strong><\/strong><\/p>\n\n\n\n<p><strong>Graphisme et projet animal totem<\/strong><\/p>\n\n\n\n<figure class=\"wp-block-gallery columns-2 is-cropped wp-block-gallery-7 is-layout-flex wp-block-gallery-is-layout-flex\"><ul class=\"blocks-gallery-grid\"><li class=\"blocks-gallery-item\"><figure><a href=\"https:\/\/www.ecolesaintvincentdepaul-arles.fr\/wp-content\/uploads\/2021\/11\/X.jpg\"><img loading=\"lazy\" decoding=\"async\" width=\"688\" height=\"673\" src=\"https:\/\/www.ecolesaintvincentdepaul-arles.fr\/wp-content\/uploads\/2021\/11\/X.jpg\" alt=\"\" data-id=\"14115\" data-full-url=\"https:\/\/www.ecolesaintvincentdepaul-arles.fr\/wp-content\/uploads\/2021\/11\/X.jpg\" data-link=\"https:\/\/www.ecolesaintvincentdepaul-arles.fr\/?attachment_id=14115\" class=\"wp-image-14115\" srcset=\"https:\/\/www.ecolesaintvincentdepaul-arles.fr\/wp-content\/uploads\/2021\/11\/X.jpg 688w, https:\/\/www.ecolesaintvincentdepaul-arles.fr\/wp-content\/uploads\/2021\/11\/X-300x293.jpg 300w, https:\/\/www.ecolesaintvincentdepaul-arles.fr\/wp-content\/uploads\/2021\/11\/X-600x587.jpg 600w, https:\/\/www.ecolesaintvincentdepaul-arles.fr\/wp-content\/uploads\/2021\/11\/X-250x245.jpg 250w, https:\/\/www.ecolesaintvincentdepaul-arles.fr\/wp-content\/uploads\/2021\/11\/X-624x610.jpg 624w, https:\/\/www.ecolesaintvincentdepaul-arles.fr\/wp-content\/uploads\/2021\/11\/X-400x391.jpg 400w\" sizes=\"auto, (max-width: 688px) 100vw, 688px\" \/><\/a><\/figure><\/li><li class=\"blocks-gallery-item\"><figure><a href=\"https:\/\/www.ecolesaintvincentdepaul-arles.fr\/wp-content\/uploads\/2021\/11\/Y.jpg\"><img loading=\"lazy\" decoding=\"async\" width=\"717\" height=\"673\" src=\"https:\/\/www.ecolesaintvincentdepaul-arles.fr\/wp-content\/uploads\/2021\/11\/Y.jpg\" alt=\"\" data-id=\"14114\" data-full-url=\"https:\/\/www.ecolesaintvincentdepaul-arles.fr\/wp-content\/uploads\/2021\/11\/Y.jpg\" data-link=\"https:\/\/www.ecolesaintvincentdepaul-arles.fr\/?attachment_id=14114\" class=\"wp-image-14114\" srcset=\"https:\/\/www.ecolesaintvincentdepaul-arles.fr\/wp-content\/uploads\/2021\/11\/Y.jpg 717w, https:\/\/www.ecolesaintvincentdepaul-arles.fr\/wp-content\/uploads\/2021\/11\/Y-300x282.jpg 300w, https:\/\/www.ecolesaintvincentdepaul-arles.fr\/wp-content\/uploads\/2021\/11\/Y-600x563.jpg 600w, https:\/\/www.ecolesaintvincentdepaul-arles.fr\/wp-content\/uploads\/2021\/11\/Y-250x235.jpg 250w, https:\/\/www.ecolesaintvincentdepaul-arles.fr\/wp-content\/uploads\/2021\/11\/Y-624x586.jpg 624w, https:\/\/www.ecolesaintvincentdepaul-arles.fr\/wp-content\/uploads\/2021\/11\/Y-400x375.jpg 400w\" sizes=\"auto, (max-width: 717px) 100vw, 717px\" \/><\/a><\/figure><\/li><\/ul><\/figure>\n\n\n\n<p><strong>Un premier trimestre d\u00e9j\u00e0 bien rempli&nbsp;!!<\/strong><\/p>\n\n\n\n<p><strong>Avec de belles r\u00e9ussites et, malgr\u00e9 les masques, de beaux sourires \u2026<\/strong><\/p>\n","protected":false},"excerpt":{"rendered":"<p>Un dispositif ULIS est une unit\u00e9 d\u2019enseignement sp\u00e9cialis\u00e9 interne \u00e0 une \u00e9cole ou un coll\u00e8ge dans lequel des enfants ayant des troubles cognitifs ou un handicap ( visuel,&nbsp; auditif\u2026.) re\u00e7oivent des enseignements personnalis\u00e9s. Les activit\u00e9s, souvent organis\u00e9es en ateliers, &nbsp;sont &hellip; <a href=\"https:\/\/www.ecolesaintvincentdepaul-arles.fr\/?p=14100\">Continuer la lecture <span class=\"meta-nav\">&rarr;<\/span><\/a><\/p>\n","protected":false},"author":17,"featured_media":0,"comment_status":"closed","ping_status":"closed","sticky":false,"template":"","format":"standard","meta":{"footnotes":""},"categories":[63,5],"tags":[],"class_list":["post-14100","post","type-post","status-publish","format-standard","hentry","category-ecole-elementaire","category-clis"],"_links":{"self":[{"href":"https:\/\/www.ecolesaintvincentdepaul-arles.fr\/index.php?rest_route=\/wp\/v2\/posts\/14100","targetHints":{"allow":["GET"]}}],"collection":[{"href":"https:\/\/www.ecolesaintvincentdepaul-arles.fr\/index.php?rest_route=\/wp\/v2\/posts"}],"about":[{"href":"https:\/\/www.ecolesaintvincentdepaul-arles.fr\/index.php?rest_route=\/wp\/v2\/types\/post"}],"author":[{"embeddable":true,"href":"https:\/\/www.ecolesaintvincentdepaul-arles.fr\/index.php?rest_route=\/wp\/v2\/users\/17"}],"replies":[{"embeddable":true,"href":"https:\/\/www.ecolesaintvincentdepaul-arles.fr\/index.php?rest_route=%2Fwp%2Fv2%2Fcomments&post=14100"}],"version-history":[{"count":13,"href":"https:\/\/www.ecolesaintvincentdepaul-arles.fr\/index.php?rest_route=\/wp\/v2\/posts\/14100\/revisions"}],"predecessor-version":[{"id":14221,"href":"https:\/\/www.ecolesaintvincentdepaul-arles.fr\/index.php?rest_route=\/wp\/v2\/posts\/14100\/revisions\/14221"}],"wp:attachment":[{"href":"https:\/\/www.ecolesaintvincentdepaul-arles.fr\/index.php?rest_route=%2Fwp%2Fv2%2Fmedia&parent=14100"}],"wp:term":[{"taxonomy":"category","embeddable":true,"href":"https:\/\/www.ecolesaintvincentdepaul-arles.fr\/index.php?rest_route=%2Fwp%2Fv2%2Fcategories&post=14100"},{"taxonomy":"post_tag","embeddable":true,"href":"https:\/\/www.ecolesaintvincentdepaul-arles.fr\/index.php?rest_route=%2Fwp%2Fv2%2Ftags&post=14100"}],"curies":[{"name":"wp","href":"https:\/\/api.w.org\/{rel}","templated":true}]}}