{"id":14436,"date":"2022-05-02T09:25:30","date_gmt":"2022-05-02T07:25:30","guid":{"rendered":"https:\/\/www.ecolesaintvincentdepaul-arles.fr\/?p=14436"},"modified":"2022-05-15T16:48:44","modified_gmt":"2022-05-15T14:48:44","slug":"quelques-temps-forts-de-la-4eme-periode-en-classe-de-ce1-ce2","status":"publish","type":"post","link":"https:\/\/www.ecolesaintvincentdepaul-arles.fr\/?p=14436","title":{"rendered":"Quelques temps forts de la 4\u00e8me\u00a0p\u00e9riode en classe de Ce1-Ce2."},"content":{"rendered":"\n<p>Pendant cette avant derni\u00e8re p\u00e9riode de l\u2019ann\u00e9e scolaire, la classe de ce1-ce2, malgr\u00e9 les perturbations dues \u00e0 la covid et autres nombreux virus, a v\u00e9cu plusieurs temps forts. <\/p>\n\n\n\n<p>Tout en poursuivant les programmes dans les domaines d\u2019\u00e9tude de la langue fran\u00e7aise et des math\u00e9matiques, nous avons eu la joie de pouvoir reprendre les s\u00e9ances d\u2019EPS \u00e0 l\u2019ext\u00e9rieur de l\u2019\u00e9cole. Le cycle de natation a donc commenc\u00e9 juste avant les vacances de printemps et se poursuivra jusque fin juin \u00e0 la piscine Berthier.<\/p>\n\n\n\n<figure class=\"wp-block-image size-full\"><a href=\"https:\/\/www.ecolesaintvincentdepaul-arles.fr\/wp-content\/uploads\/2022\/05\/image.jpeg\"><img loading=\"lazy\" decoding=\"async\" width=\"494\" height=\"210\" src=\"https:\/\/www.ecolesaintvincentdepaul-arles.fr\/wp-content\/uploads\/2022\/05\/image.jpeg\" alt=\"\" class=\"wp-image-14439\" srcset=\"https:\/\/www.ecolesaintvincentdepaul-arles.fr\/wp-content\/uploads\/2022\/05\/image.jpeg 494w, https:\/\/www.ecolesaintvincentdepaul-arles.fr\/wp-content\/uploads\/2022\/05\/image-300x128.jpeg 300w, https:\/\/www.ecolesaintvincentdepaul-arles.fr\/wp-content\/uploads\/2022\/05\/image-250x106.jpeg 250w, https:\/\/www.ecolesaintvincentdepaul-arles.fr\/wp-content\/uploads\/2022\/05\/image-400x170.jpeg 400w\" sizes=\"auto, (max-width: 494px) 100vw, 494px\" \/><\/a><\/figure>\n\n\n\n<p><strong><u>Questionner le monde<\/u><\/strong><\/p>\n\n\n\n<p>Durant cette p\u00e9riode, les \u00e9l\u00e8ves ont beaucoup travaill\u00e9 en Histoire et plus particuli\u00e8rement la p\u00e9riode de l\u2019Antiquit\u00e9 qui est si richement pr\u00e9sente dans notre ville. Ces s\u00e9ances nous ont permis de travailler diverses comp\u00e9tences dont les suivantes&nbsp;:<\/p>\n\n\n\n<ul class=\"wp-block-list\"><li>Se situer dans le temps.<\/li><li>Rep\u00e9rer et situer quelques \u00e9v\u00e8nements de l\u2019histoire du monde occidental et de la France en particulier via quelques dates et personnages historiques importants.<\/li><\/ul>\n\n\n\n<p>Les \u00e9l\u00e8ves sont donc partis \u00e0 la d\u00e9couverte de nos anc\u00eatres les Gaulois, de leurs origines, de leurs modes de vies puis de la conqu\u00eate romaine. Pour Prolonger ce travail initi\u00e9 en classe, nous nous rendrons fin avril au mus\u00e9e de l&rsquo; Arles Antique.<\/p>\n\n\n\n<p><strong><u>Arts visuels&nbsp;<\/u><\/strong><\/p>\n\n\n\n<p>En arts visuels plusieurs projets ont \u00e9t\u00e9 r\u00e9alis\u00e9s. Pour s\u2019entrainer aux trac\u00e9s des formes g\u00e9om\u00e9triques (carr\u00e9, rectangle, cercle losange), les \u00e9l\u00e8ves ont cr\u00e9e une fresque \u00e0 la mani\u00e8re de Vasarely.&nbsp;&nbsp;<\/p>\n\n\n\n<figure class=\"wp-block-image size-full\"><a href=\"https:\/\/www.ecolesaintvincentdepaul-arles.fr\/wp-content\/uploads\/2022\/05\/image.png\"><img loading=\"lazy\" decoding=\"async\" width=\"910\" height=\"358\" src=\"https:\/\/www.ecolesaintvincentdepaul-arles.fr\/wp-content\/uploads\/2022\/05\/image.png\" alt=\"\" class=\"wp-image-14444\" srcset=\"https:\/\/www.ecolesaintvincentdepaul-arles.fr\/wp-content\/uploads\/2022\/05\/image.png 910w, https:\/\/www.ecolesaintvincentdepaul-arles.fr\/wp-content\/uploads\/2022\/05\/image-300x118.png 300w, https:\/\/www.ecolesaintvincentdepaul-arles.fr\/wp-content\/uploads\/2022\/05\/image-768x302.png 768w, https:\/\/www.ecolesaintvincentdepaul-arles.fr\/wp-content\/uploads\/2022\/05\/image-600x236.png 600w, https:\/\/www.ecolesaintvincentdepaul-arles.fr\/wp-content\/uploads\/2022\/05\/image-250x98.png 250w, https:\/\/www.ecolesaintvincentdepaul-arles.fr\/wp-content\/uploads\/2022\/05\/image-400x157.png 400w\" sizes=\"auto, (max-width: 910px) 100vw, 910px\" \/><\/a><\/figure>\n\n\n\n<figure class=\"wp-block-image size-full\"><a href=\"https:\/\/www.ecolesaintvincentdepaul-arles.fr\/wp-content\/uploads\/2022\/05\/image-1.png\"><img loading=\"lazy\" decoding=\"async\" width=\"898\" height=\"770\" src=\"https:\/\/www.ecolesaintvincentdepaul-arles.fr\/wp-content\/uploads\/2022\/05\/image-1.png\" alt=\"\" class=\"wp-image-14445\" srcset=\"https:\/\/www.ecolesaintvincentdepaul-arles.fr\/wp-content\/uploads\/2022\/05\/image-1.png 898w, https:\/\/www.ecolesaintvincentdepaul-arles.fr\/wp-content\/uploads\/2022\/05\/image-1-300x257.png 300w, https:\/\/www.ecolesaintvincentdepaul-arles.fr\/wp-content\/uploads\/2022\/05\/image-1-768x659.png 768w, https:\/\/www.ecolesaintvincentdepaul-arles.fr\/wp-content\/uploads\/2022\/05\/image-1-600x514.png 600w, https:\/\/www.ecolesaintvincentdepaul-arles.fr\/wp-content\/uploads\/2022\/05\/image-1-250x214.png 250w, https:\/\/www.ecolesaintvincentdepaul-arles.fr\/wp-content\/uploads\/2022\/05\/image-1-400x343.png 400w\" sizes=\"auto, (max-width: 898px) 100vw, 898px\" \/><\/a><\/figure>\n\n\n\n<p>La classe a ensuite commenc\u00e9 un travail sur le portrait avec l\u2019artiste photographe Scarlett Coten sur le th\u00e8me du portrait. Ce th\u00e8me fut repris pendant plusieurs semaines lors de s\u00e9ances parall\u00e8les. Ainsi les \u00e9l\u00e8ves ont compos\u00e9 divers portraits et autoportraits \u00e0 la mani\u00e8re de Picasso et Paul klee dont voici quelques photos.<\/p>\n\n\n\n<figure class=\"wp-block-gallery has-nested-images columns-4 is-cropped wp-block-gallery-1 is-layout-flex wp-block-gallery-is-layout-flex\">\n<figure class=\"wp-block-image size-large\"><a href=\"https:\/\/www.ecolesaintvincentdepaul-arles.fr\/wp-content\/uploads\/2022\/05\/image-1.jpeg\"><img loading=\"lazy\" decoding=\"async\" width=\"386\" height=\"624\" data-id=\"14446\" src=\"https:\/\/www.ecolesaintvincentdepaul-arles.fr\/wp-content\/uploads\/2022\/05\/image-1.jpeg\" alt=\"\" class=\"wp-image-14446\" srcset=\"https:\/\/www.ecolesaintvincentdepaul-arles.fr\/wp-content\/uploads\/2022\/05\/image-1.jpeg 386w, https:\/\/www.ecolesaintvincentdepaul-arles.fr\/wp-content\/uploads\/2022\/05\/image-1-186x300.jpeg 186w, https:\/\/www.ecolesaintvincentdepaul-arles.fr\/wp-content\/uploads\/2022\/05\/image-1-250x404.jpeg 250w, https:\/\/www.ecolesaintvincentdepaul-arles.fr\/wp-content\/uploads\/2022\/05\/image-1-371x600.jpeg 371w\" sizes=\"auto, (max-width: 386px) 100vw, 386px\" \/><\/a><\/figure>\n\n\n\n<figure class=\"wp-block-image size-large\"><a href=\"https:\/\/www.ecolesaintvincentdepaul-arles.fr\/wp-content\/uploads\/2022\/05\/image-2.jpeg\"><img loading=\"lazy\" decoding=\"async\" width=\"408\" height=\"626\" data-id=\"14450\" src=\"https:\/\/www.ecolesaintvincentdepaul-arles.fr\/wp-content\/uploads\/2022\/05\/image-2.jpeg\" alt=\"\" class=\"wp-image-14450\" srcset=\"https:\/\/www.ecolesaintvincentdepaul-arles.fr\/wp-content\/uploads\/2022\/05\/image-2.jpeg 408w, https:\/\/www.ecolesaintvincentdepaul-arles.fr\/wp-content\/uploads\/2022\/05\/image-2-196x300.jpeg 196w, https:\/\/www.ecolesaintvincentdepaul-arles.fr\/wp-content\/uploads\/2022\/05\/image-2-250x384.jpeg 250w, https:\/\/www.ecolesaintvincentdepaul-arles.fr\/wp-content\/uploads\/2022\/05\/image-2-391x600.jpeg 391w\" sizes=\"auto, (max-width: 408px) 100vw, 408px\" \/><\/a><\/figure>\n\n\n\n<figure class=\"wp-block-image size-large\"><a href=\"https:\/\/www.ecolesaintvincentdepaul-arles.fr\/wp-content\/uploads\/2022\/05\/image-3.jpeg\"><img loading=\"lazy\" decoding=\"async\" width=\"448\" height=\"534\" data-id=\"14452\" src=\"https:\/\/www.ecolesaintvincentdepaul-arles.fr\/wp-content\/uploads\/2022\/05\/image-3.jpeg\" alt=\"\" class=\"wp-image-14452\" srcset=\"https:\/\/www.ecolesaintvincentdepaul-arles.fr\/wp-content\/uploads\/2022\/05\/image-3.jpeg 448w, https:\/\/www.ecolesaintvincentdepaul-arles.fr\/wp-content\/uploads\/2022\/05\/image-3-252x300.jpeg 252w, https:\/\/www.ecolesaintvincentdepaul-arles.fr\/wp-content\/uploads\/2022\/05\/image-3-250x298.jpeg 250w, https:\/\/www.ecolesaintvincentdepaul-arles.fr\/wp-content\/uploads\/2022\/05\/image-3-400x477.jpeg 400w\" sizes=\"auto, (max-width: 448px) 100vw, 448px\" \/><\/a><\/figure>\n\n\n\n<figure class=\"wp-block-image size-large\"><a href=\"https:\/\/www.ecolesaintvincentdepaul-arles.fr\/wp-content\/uploads\/2022\/05\/image-4.jpeg\"><img loading=\"lazy\" decoding=\"async\" width=\"376\" height=\"534\" data-id=\"14453\" src=\"https:\/\/www.ecolesaintvincentdepaul-arles.fr\/wp-content\/uploads\/2022\/05\/image-4.jpeg\" alt=\"\" class=\"wp-image-14453\" srcset=\"https:\/\/www.ecolesaintvincentdepaul-arles.fr\/wp-content\/uploads\/2022\/05\/image-4.jpeg 376w, https:\/\/www.ecolesaintvincentdepaul-arles.fr\/wp-content\/uploads\/2022\/05\/image-4-211x300.jpeg 211w, https:\/\/www.ecolesaintvincentdepaul-arles.fr\/wp-content\/uploads\/2022\/05\/image-4-250x355.jpeg 250w\" sizes=\"auto, (max-width: 376px) 100vw, 376px\" \/><\/a><\/figure>\n\n\n\n<figure class=\"wp-block-image size-large\"><a href=\"https:\/\/www.ecolesaintvincentdepaul-arles.fr\/wp-content\/uploads\/2022\/05\/image-5.jpeg\"><img loading=\"lazy\" decoding=\"async\" width=\"388\" height=\"518\" data-id=\"14456\" src=\"https:\/\/www.ecolesaintvincentdepaul-arles.fr\/wp-content\/uploads\/2022\/05\/image-5.jpeg\" alt=\"\" class=\"wp-image-14456\" srcset=\"https:\/\/www.ecolesaintvincentdepaul-arles.fr\/wp-content\/uploads\/2022\/05\/image-5.jpeg 388w, https:\/\/www.ecolesaintvincentdepaul-arles.fr\/wp-content\/uploads\/2022\/05\/image-5-225x300.jpeg 225w, https:\/\/www.ecolesaintvincentdepaul-arles.fr\/wp-content\/uploads\/2022\/05\/image-5-250x334.jpeg 250w\" sizes=\"auto, (max-width: 388px) 100vw, 388px\" \/><\/a><\/figure>\n\n\n\n<figure class=\"wp-block-image size-large\"><a href=\"https:\/\/www.ecolesaintvincentdepaul-arles.fr\/wp-content\/uploads\/2022\/05\/image-6.jpeg\"><img loading=\"lazy\" decoding=\"async\" width=\"350\" height=\"516\" data-id=\"14457\" src=\"https:\/\/www.ecolesaintvincentdepaul-arles.fr\/wp-content\/uploads\/2022\/05\/image-6.jpeg\" alt=\"\" class=\"wp-image-14457\" srcset=\"https:\/\/www.ecolesaintvincentdepaul-arles.fr\/wp-content\/uploads\/2022\/05\/image-6.jpeg 350w, https:\/\/www.ecolesaintvincentdepaul-arles.fr\/wp-content\/uploads\/2022\/05\/image-6-203x300.jpeg 203w, https:\/\/www.ecolesaintvincentdepaul-arles.fr\/wp-content\/uploads\/2022\/05\/image-6-250x369.jpeg 250w\" sizes=\"auto, (max-width: 350px) 100vw, 350px\" \/><\/a><\/figure>\n\n\n\n<figure class=\"wp-block-image size-large\"><a href=\"https:\/\/www.ecolesaintvincentdepaul-arles.fr\/wp-content\/uploads\/2022\/05\/image-7.jpeg\"><img loading=\"lazy\" decoding=\"async\" width=\"418\" height=\"506\" data-id=\"14458\" src=\"https:\/\/www.ecolesaintvincentdepaul-arles.fr\/wp-content\/uploads\/2022\/05\/image-7.jpeg\" alt=\"\" class=\"wp-image-14458\" srcset=\"https:\/\/www.ecolesaintvincentdepaul-arles.fr\/wp-content\/uploads\/2022\/05\/image-7.jpeg 418w, https:\/\/www.ecolesaintvincentdepaul-arles.fr\/wp-content\/uploads\/2022\/05\/image-7-248x300.jpeg 248w, https:\/\/www.ecolesaintvincentdepaul-arles.fr\/wp-content\/uploads\/2022\/05\/image-7-250x303.jpeg 250w, https:\/\/www.ecolesaintvincentdepaul-arles.fr\/wp-content\/uploads\/2022\/05\/image-7-400x484.jpeg 400w\" sizes=\"auto, (max-width: 418px) 100vw, 418px\" \/><\/a><\/figure>\n\n\n\n<figure class=\"wp-block-image size-large\"><a href=\"https:\/\/www.ecolesaintvincentdepaul-arles.fr\/wp-content\/uploads\/2022\/05\/image-8.jpeg\"><img loading=\"lazy\" decoding=\"async\" width=\"426\" height=\"514\" data-id=\"14459\" src=\"https:\/\/www.ecolesaintvincentdepaul-arles.fr\/wp-content\/uploads\/2022\/05\/image-8.jpeg\" alt=\"\" class=\"wp-image-14459\" srcset=\"https:\/\/www.ecolesaintvincentdepaul-arles.fr\/wp-content\/uploads\/2022\/05\/image-8.jpeg 426w, https:\/\/www.ecolesaintvincentdepaul-arles.fr\/wp-content\/uploads\/2022\/05\/image-8-249x300.jpeg 249w, https:\/\/www.ecolesaintvincentdepaul-arles.fr\/wp-content\/uploads\/2022\/05\/image-8-250x302.jpeg 250w, https:\/\/www.ecolesaintvincentdepaul-arles.fr\/wp-content\/uploads\/2022\/05\/image-8-400x483.jpeg 400w\" sizes=\"auto, (max-width: 426px) 100vw, 426px\" \/><\/a><\/figure>\n<\/figure>\n\n\n\n<p><\/p>\n","protected":false},"excerpt":{"rendered":"<p>Pendant cette avant derni\u00e8re p\u00e9riode de l\u2019ann\u00e9e scolaire, la classe de ce1-ce2, malgr\u00e9 les perturbations dues \u00e0 la covid et autres nombreux virus, a v\u00e9cu plusieurs temps forts. Tout en poursuivant les programmes dans les domaines d\u2019\u00e9tude de la langue &hellip; <a href=\"https:\/\/www.ecolesaintvincentdepaul-arles.fr\/?p=14436\">Continuer la lecture <span class=\"meta-nav\">&rarr;<\/span><\/a><\/p>\n","protected":false},"author":11,"featured_media":0,"comment_status":"closed","ping_status":"closed","sticky":false,"template":"","format":"standard","meta":{"footnotes":""},"categories":[18,19,63],"tags":[],"class_list":["post-14436","post","type-post","status-publish","format-standard","hentry","category-ce1","category-ce2","category-ecole-elementaire"],"_links":{"self":[{"href":"https:\/\/www.ecolesaintvincentdepaul-arles.fr\/index.php?rest_route=\/wp\/v2\/posts\/14436","targetHints":{"allow":["GET"]}}],"collection":[{"href":"https:\/\/www.ecolesaintvincentdepaul-arles.fr\/index.php?rest_route=\/wp\/v2\/posts"}],"about":[{"href":"https:\/\/www.ecolesaintvincentdepaul-arles.fr\/index.php?rest_route=\/wp\/v2\/types\/post"}],"author":[{"embeddable":true,"href":"https:\/\/www.ecolesaintvincentdepaul-arles.fr\/index.php?rest_route=\/wp\/v2\/users\/11"}],"replies":[{"embeddable":true,"href":"https:\/\/www.ecolesaintvincentdepaul-arles.fr\/index.php?rest_route=%2Fwp%2Fv2%2Fcomments&post=14436"}],"version-history":[{"count":15,"href":"https:\/\/www.ecolesaintvincentdepaul-arles.fr\/index.php?rest_route=\/wp\/v2\/posts\/14436\/revisions"}],"predecessor-version":[{"id":14692,"href":"https:\/\/www.ecolesaintvincentdepaul-arles.fr\/index.php?rest_route=\/wp\/v2\/posts\/14436\/revisions\/14692"}],"wp:attachment":[{"href":"https:\/\/www.ecolesaintvincentdepaul-arles.fr\/index.php?rest_route=%2Fwp%2Fv2%2Fmedia&parent=14436"}],"wp:term":[{"taxonomy":"category","embeddable":true,"href":"https:\/\/www.ecolesaintvincentdepaul-arles.fr\/index.php?rest_route=%2Fwp%2Fv2%2Fcategories&post=14436"},{"taxonomy":"post_tag","embeddable":true,"href":"https:\/\/www.ecolesaintvincentdepaul-arles.fr\/index.php?rest_route=%2Fwp%2Fv2%2Ftags&post=14436"}],"curies":[{"name":"wp","href":"https:\/\/api.w.org\/{rel}","templated":true}]}}