{"id":14493,"date":"2022-05-02T09:30:18","date_gmt":"2022-05-02T07:30:18","guid":{"rendered":"https:\/\/www.ecolesaintvincentdepaul-arles.fr\/?p=14493"},"modified":"2022-05-15T16:41:48","modified_gmt":"2022-05-15T14:41:48","slug":"le-portrait-en-ce1","status":"publish","type":"post","link":"https:\/\/www.ecolesaintvincentdepaul-arles.fr\/?p=14493","title":{"rendered":"Le portrait en CE1."},"content":{"rendered":"\n<p><strong>Le portrait en photographie<\/strong><\/p>\n\n\n\n<p>Les \u00e9l\u00e8ves de cycle 2 ont eu la chance de travailler avec l\u2019artiste photographe Scarlett Cotten.<\/p>\n\n\n\n<p>Ils ont pris des portraits de leur camarade en utilisant une tablette et un appareil photo instantan\u00e9 Polaro\u00efd. La premi\u00e8re \u00e9tape consistait \u00e0 trouver dans les rues de la ville un endroit offrant un fond int\u00e9ressant pour faire ressortir le mod\u00e8le photographi\u00e9.&nbsp;&nbsp;La seconde \u00e9tape \u00e9tait de cadrer le mod\u00e8le en veillant \u00e0 ne pas rogner la t\u00eate ou les mains du sujet photographi\u00e9.&nbsp;<\/p>\n\n\n\n<p>Voici quelques exemples de photographies r\u00e9alis\u00e9es par les \u00e9l\u00e8ves sous la direction de Scarlett Cotten.<\/p>\n\n\n\n<figure class=\"wp-block-gallery has-nested-images columns-2 is-cropped wp-block-gallery-1 is-layout-flex wp-block-gallery-is-layout-flex\">\n<figure class=\"wp-block-image size-large\"><a href=\"https:\/\/www.ecolesaintvincentdepaul-arles.fr\/wp-content\/uploads\/2022\/05\/image-18.jpeg\"><img loading=\"lazy\" decoding=\"async\" width=\"554\" height=\"416\" data-id=\"14495\" src=\"https:\/\/www.ecolesaintvincentdepaul-arles.fr\/wp-content\/uploads\/2022\/05\/image-18.jpeg\" alt=\"\" class=\"wp-image-14495\" srcset=\"https:\/\/www.ecolesaintvincentdepaul-arles.fr\/wp-content\/uploads\/2022\/05\/image-18.jpeg 554w, https:\/\/www.ecolesaintvincentdepaul-arles.fr\/wp-content\/uploads\/2022\/05\/image-18-300x225.jpeg 300w, https:\/\/www.ecolesaintvincentdepaul-arles.fr\/wp-content\/uploads\/2022\/05\/image-18-250x188.jpeg 250w, https:\/\/www.ecolesaintvincentdepaul-arles.fr\/wp-content\/uploads\/2022\/05\/image-18-400x300.jpeg 400w\" sizes=\"auto, (max-width: 554px) 100vw, 554px\" \/><\/a><\/figure>\n\n\n\n<figure class=\"wp-block-image size-large\"><a href=\"https:\/\/www.ecolesaintvincentdepaul-arles.fr\/wp-content\/uploads\/2022\/05\/image-19.jpeg\"><img loading=\"lazy\" decoding=\"async\" width=\"308\" height=\"412\" data-id=\"14496\" src=\"https:\/\/www.ecolesaintvincentdepaul-arles.fr\/wp-content\/uploads\/2022\/05\/image-19.jpeg\" alt=\"\" class=\"wp-image-14496\" srcset=\"https:\/\/www.ecolesaintvincentdepaul-arles.fr\/wp-content\/uploads\/2022\/05\/image-19.jpeg 308w, https:\/\/www.ecolesaintvincentdepaul-arles.fr\/wp-content\/uploads\/2022\/05\/image-19-224x300.jpeg 224w, https:\/\/www.ecolesaintvincentdepaul-arles.fr\/wp-content\/uploads\/2022\/05\/image-19-250x334.jpeg 250w\" sizes=\"auto, (max-width: 308px) 100vw, 308px\" \/><\/a><\/figure>\n\n\n\n<figure class=\"wp-block-image size-large\"><a href=\"https:\/\/www.ecolesaintvincentdepaul-arles.fr\/wp-content\/uploads\/2022\/05\/image-20.jpeg\"><img loading=\"lazy\" decoding=\"async\" width=\"312\" height=\"416\" data-id=\"14497\" src=\"https:\/\/www.ecolesaintvincentdepaul-arles.fr\/wp-content\/uploads\/2022\/05\/image-20.jpeg\" alt=\"\" class=\"wp-image-14497\" srcset=\"https:\/\/www.ecolesaintvincentdepaul-arles.fr\/wp-content\/uploads\/2022\/05\/image-20.jpeg 312w, https:\/\/www.ecolesaintvincentdepaul-arles.fr\/wp-content\/uploads\/2022\/05\/image-20-225x300.jpeg 225w, https:\/\/www.ecolesaintvincentdepaul-arles.fr\/wp-content\/uploads\/2022\/05\/image-20-250x333.jpeg 250w\" sizes=\"auto, (max-width: 312px) 100vw, 312px\" \/><\/a><\/figure>\n\n\n\n<figure class=\"wp-block-image size-large\"><a href=\"https:\/\/www.ecolesaintvincentdepaul-arles.fr\/wp-content\/uploads\/2022\/05\/image-21.jpeg\"><img loading=\"lazy\" decoding=\"async\" width=\"556\" height=\"416\" data-id=\"14498\" src=\"https:\/\/www.ecolesaintvincentdepaul-arles.fr\/wp-content\/uploads\/2022\/05\/image-21.jpeg\" alt=\"\" class=\"wp-image-14498\" srcset=\"https:\/\/www.ecolesaintvincentdepaul-arles.fr\/wp-content\/uploads\/2022\/05\/image-21.jpeg 556w, https:\/\/www.ecolesaintvincentdepaul-arles.fr\/wp-content\/uploads\/2022\/05\/image-21-300x224.jpeg 300w, https:\/\/www.ecolesaintvincentdepaul-arles.fr\/wp-content\/uploads\/2022\/05\/image-21-250x187.jpeg 250w, https:\/\/www.ecolesaintvincentdepaul-arles.fr\/wp-content\/uploads\/2022\/05\/image-21-400x299.jpeg 400w\" sizes=\"auto, (max-width: 556px) 100vw, 556px\" \/><\/a><\/figure>\n<\/figure>\n\n\n\n<p><strong>Le portrait \u00e9crit<\/strong><\/p>\n\n\n\n<p>Chaque \u00e9l\u00e8ve a ensuite r\u00e9dig\u00e9 son portrait en se d\u00e9crivant et en parlant de sa famille, de ses activit\u00e9s ou passions, de ses envies\u2026 Plusieurs essais ont \u00e9t\u00e9 n\u00e9cessaires pour r\u00e9aliser ces textes avec une syntaxe et une orthographe correctes.<\/p>\n\n\n\n<p>Les \u00e9l\u00e8ves ont pour finir recopi\u00e9 le portrait \u00e9crit sous leur portrait photographi\u00e9.<\/p>\n\n\n\n<p>Les associations textes et images seront expos\u00e9es dans l\u2019\u00e9cole et pr\u00e9sent\u00e9s \u00e0 l\u2019ensemble des classes.<\/p>\n\n\n\n<figure class=\"wp-block-gallery has-nested-images columns-2 is-cropped wp-block-gallery-2 is-layout-flex wp-block-gallery-is-layout-flex\">\n<figure class=\"wp-block-image size-large\"><a href=\"https:\/\/www.ecolesaintvincentdepaul-arles.fr\/wp-content\/uploads\/2022\/05\/image-22.jpeg\"><img loading=\"lazy\" decoding=\"async\" width=\"412\" height=\"412\" data-id=\"14499\" src=\"https:\/\/www.ecolesaintvincentdepaul-arles.fr\/wp-content\/uploads\/2022\/05\/image-22.jpeg\" alt=\"\" class=\"wp-image-14499\" srcset=\"https:\/\/www.ecolesaintvincentdepaul-arles.fr\/wp-content\/uploads\/2022\/05\/image-22.jpeg 412w, https:\/\/www.ecolesaintvincentdepaul-arles.fr\/wp-content\/uploads\/2022\/05\/image-22-300x300.jpeg 300w, https:\/\/www.ecolesaintvincentdepaul-arles.fr\/wp-content\/uploads\/2022\/05\/image-22-150x150.jpeg 150w, https:\/\/www.ecolesaintvincentdepaul-arles.fr\/wp-content\/uploads\/2022\/05\/image-22-250x250.jpeg 250w, https:\/\/www.ecolesaintvincentdepaul-arles.fr\/wp-content\/uploads\/2022\/05\/image-22-200x200.jpeg 200w, https:\/\/www.ecolesaintvincentdepaul-arles.fr\/wp-content\/uploads\/2022\/05\/image-22-400x400.jpeg 400w\" sizes=\"auto, (max-width: 412px) 100vw, 412px\" \/><\/a><\/figure>\n\n\n\n<figure class=\"wp-block-image size-large\"><a href=\"https:\/\/www.ecolesaintvincentdepaul-arles.fr\/wp-content\/uploads\/2022\/05\/image-23.jpeg\"><img loading=\"lazy\" decoding=\"async\" width=\"414\" height=\"414\" data-id=\"14500\" src=\"https:\/\/www.ecolesaintvincentdepaul-arles.fr\/wp-content\/uploads\/2022\/05\/image-23.jpeg\" alt=\"\" class=\"wp-image-14500\" srcset=\"https:\/\/www.ecolesaintvincentdepaul-arles.fr\/wp-content\/uploads\/2022\/05\/image-23.jpeg 414w, https:\/\/www.ecolesaintvincentdepaul-arles.fr\/wp-content\/uploads\/2022\/05\/image-23-300x300.jpeg 300w, https:\/\/www.ecolesaintvincentdepaul-arles.fr\/wp-content\/uploads\/2022\/05\/image-23-150x150.jpeg 150w, https:\/\/www.ecolesaintvincentdepaul-arles.fr\/wp-content\/uploads\/2022\/05\/image-23-250x250.jpeg 250w, https:\/\/www.ecolesaintvincentdepaul-arles.fr\/wp-content\/uploads\/2022\/05\/image-23-200x200.jpeg 200w, https:\/\/www.ecolesaintvincentdepaul-arles.fr\/wp-content\/uploads\/2022\/05\/image-23-400x400.jpeg 400w\" sizes=\"auto, (max-width: 414px) 100vw, 414px\" \/><\/a><\/figure>\n\n\n\n<figure class=\"wp-block-image size-large\"><a href=\"https:\/\/www.ecolesaintvincentdepaul-arles.fr\/wp-content\/uploads\/2022\/05\/image-24.jpeg\"><img loading=\"lazy\" decoding=\"async\" width=\"416\" height=\"416\" data-id=\"14501\" src=\"https:\/\/www.ecolesaintvincentdepaul-arles.fr\/wp-content\/uploads\/2022\/05\/image-24.jpeg\" alt=\"\" class=\"wp-image-14501\" srcset=\"https:\/\/www.ecolesaintvincentdepaul-arles.fr\/wp-content\/uploads\/2022\/05\/image-24.jpeg 416w, https:\/\/www.ecolesaintvincentdepaul-arles.fr\/wp-content\/uploads\/2022\/05\/image-24-300x300.jpeg 300w, https:\/\/www.ecolesaintvincentdepaul-arles.fr\/wp-content\/uploads\/2022\/05\/image-24-150x150.jpeg 150w, https:\/\/www.ecolesaintvincentdepaul-arles.fr\/wp-content\/uploads\/2022\/05\/image-24-250x250.jpeg 250w, https:\/\/www.ecolesaintvincentdepaul-arles.fr\/wp-content\/uploads\/2022\/05\/image-24-200x200.jpeg 200w, https:\/\/www.ecolesaintvincentdepaul-arles.fr\/wp-content\/uploads\/2022\/05\/image-24-400x400.jpeg 400w\" sizes=\"auto, (max-width: 416px) 100vw, 416px\" \/><\/a><\/figure>\n\n\n\n<figure class=\"wp-block-image size-large\"><a href=\"https:\/\/www.ecolesaintvincentdepaul-arles.fr\/wp-content\/uploads\/2022\/05\/image-25.jpeg\"><img loading=\"lazy\" decoding=\"async\" width=\"416\" height=\"416\" data-id=\"14502\" src=\"https:\/\/www.ecolesaintvincentdepaul-arles.fr\/wp-content\/uploads\/2022\/05\/image-25.jpeg\" alt=\"\" class=\"wp-image-14502\" srcset=\"https:\/\/www.ecolesaintvincentdepaul-arles.fr\/wp-content\/uploads\/2022\/05\/image-25.jpeg 416w, https:\/\/www.ecolesaintvincentdepaul-arles.fr\/wp-content\/uploads\/2022\/05\/image-25-300x300.jpeg 300w, https:\/\/www.ecolesaintvincentdepaul-arles.fr\/wp-content\/uploads\/2022\/05\/image-25-150x150.jpeg 150w, https:\/\/www.ecolesaintvincentdepaul-arles.fr\/wp-content\/uploads\/2022\/05\/image-25-250x250.jpeg 250w, https:\/\/www.ecolesaintvincentdepaul-arles.fr\/wp-content\/uploads\/2022\/05\/image-25-200x200.jpeg 200w, https:\/\/www.ecolesaintvincentdepaul-arles.fr\/wp-content\/uploads\/2022\/05\/image-25-400x400.jpeg 400w\" sizes=\"auto, (max-width: 416px) 100vw, 416px\" \/><\/a><\/figure>\n<\/figure>\n","protected":false},"excerpt":{"rendered":"<p>Le portrait en photographie Les \u00e9l\u00e8ves de cycle 2 ont eu la chance de travailler avec l\u2019artiste photographe Scarlett Cotten. Ils ont pris des portraits de leur camarade en utilisant une tablette et un appareil photo instantan\u00e9 Polaro\u00efd. La premi\u00e8re &hellip; <a href=\"https:\/\/www.ecolesaintvincentdepaul-arles.fr\/?p=14493\">Continuer la lecture <span class=\"meta-nav\">&rarr;<\/span><\/a><\/p>\n","protected":false},"author":5,"featured_media":0,"comment_status":"closed","ping_status":"closed","sticky":false,"template":"","format":"standard","meta":{"footnotes":""},"categories":[18,63],"tags":[],"class_list":["post-14493","post","type-post","status-publish","format-standard","hentry","category-ce1","category-ecole-elementaire"],"_links":{"self":[{"href":"https:\/\/www.ecolesaintvincentdepaul-arles.fr\/index.php?rest_route=\/wp\/v2\/posts\/14493","targetHints":{"allow":["GET"]}}],"collection":[{"href":"https:\/\/www.ecolesaintvincentdepaul-arles.fr\/index.php?rest_route=\/wp\/v2\/posts"}],"about":[{"href":"https:\/\/www.ecolesaintvincentdepaul-arles.fr\/index.php?rest_route=\/wp\/v2\/types\/post"}],"author":[{"embeddable":true,"href":"https:\/\/www.ecolesaintvincentdepaul-arles.fr\/index.php?rest_route=\/wp\/v2\/users\/5"}],"replies":[{"embeddable":true,"href":"https:\/\/www.ecolesaintvincentdepaul-arles.fr\/index.php?rest_route=%2Fwp%2Fv2%2Fcomments&post=14493"}],"version-history":[{"count":3,"href":"https:\/\/www.ecolesaintvincentdepaul-arles.fr\/index.php?rest_route=\/wp\/v2\/posts\/14493\/revisions"}],"predecessor-version":[{"id":14622,"href":"https:\/\/www.ecolesaintvincentdepaul-arles.fr\/index.php?rest_route=\/wp\/v2\/posts\/14493\/revisions\/14622"}],"wp:attachment":[{"href":"https:\/\/www.ecolesaintvincentdepaul-arles.fr\/index.php?rest_route=%2Fwp%2Fv2%2Fmedia&parent=14493"}],"wp:term":[{"taxonomy":"category","embeddable":true,"href":"https:\/\/www.ecolesaintvincentdepaul-arles.fr\/index.php?rest_route=%2Fwp%2Fv2%2Fcategories&post=14493"},{"taxonomy":"post_tag","embeddable":true,"href":"https:\/\/www.ecolesaintvincentdepaul-arles.fr\/index.php?rest_route=%2Fwp%2Fv2%2Ftags&post=14493"}],"curies":[{"name":"wp","href":"https:\/\/api.w.org\/{rel}","templated":true}]}}