{"id":14504,"date":"2022-05-02T09:15:18","date_gmt":"2022-05-02T07:15:18","guid":{"rendered":"https:\/\/www.ecolesaintvincentdepaul-arles.fr\/?p=14504"},"modified":"2022-05-15T16:50:11","modified_gmt":"2022-05-15T14:50:11","slug":"en-classe-de-cm1","status":"publish","type":"post","link":"https:\/\/www.ecolesaintvincentdepaul-arles.fr\/?p=14504","title":{"rendered":"En classe de CM1."},"content":{"rendered":"\n<p>Atelier th\u00e9\u00e2tre<\/p>\n\n\n\n<ul class=\"wp-block-list\"><li>Les langages pour penser et communiquer&nbsp;: enrichir les capacit\u00e9s \u00e0 s\u2019exprimer et \u00e0 communiquer, \u00e0 s\u2019engager dans un dialogue verbal et gestuel<\/li><li>La formation de la personne et du citoyen : L\u2019\u00e9l\u00e8ve\/l\u2019individu va s\u2019int\u00e9grer dans un processus collectif, d\u00e9velopper sa confiance en lui et le respect des autres<\/li><\/ul>\n\n\n\n<p>Mettre en sc\u00e8ne des sayn\u00e8tes nous a permis de nous exprimer en dehors d\u2019un cadre tr\u00e8s&nbsp;restreint et f\u00e9d\u00e9rer la classe autour d\u2019un projet artistique commun.<br>La pratique du th\u00e9\u00e2tre nous apprend qu\u2019il y a autant de r\u00e9ponses diff\u00e9rentes \u00e0 une improvisation, une mise en situation, ou \u00e0 l\u2019interpr\u00e9tation d\u2019un personnage, qu\u2019il y a d\u2019interpr\u00e8tes.&nbsp;<\/p>\n\n\n\n<p>Les premi\u00e8res s\u00e9ances sont ax\u00e9es sur le fait de cr\u00e9er le \u201cgroupe th\u00e9\u00e2tre\u201c. Nous mettons en place des \u201cjeux de th\u00e9\u00e2tre\u201c favorisant la coop\u00e9ration, la coh\u00e9sion, et ainsi la confiance de chacun en lui-m\u00eame et en les autres.&nbsp;<\/p>\n\n\n\n<p>Les s\u00e9ances suivantes ont \u00e9t\u00e9 consacr\u00e9es \u00e0 la distribution des r\u00f4les de chacun et aux diff\u00e9rentes mani\u00e8res de les interpr\u00e9ter.<\/p>\n\n\n\n<p>Enfin les&nbsp;\u00ab&nbsp;apprentis acteurs&nbsp;\u00bb ont pu jouer la sayn\u00e8te intitul\u00e9e \u00ab&nbsp;Le Probl\u00e8me&nbsp;\u00bb devant la classe de CM1\/CM2.<\/p>\n\n\n\n<figure class=\"wp-block-gallery has-nested-images columns-default is-cropped wp-block-gallery-1 is-layout-flex wp-block-gallery-is-layout-flex\">\n<figure class=\"wp-block-image size-large\"><a href=\"https:\/\/www.ecolesaintvincentdepaul-arles.fr\/wp-content\/uploads\/2022\/05\/image-26.jpeg\"><img loading=\"lazy\" decoding=\"async\" width=\"402\" height=\"302\" data-id=\"14506\" src=\"https:\/\/www.ecolesaintvincentdepaul-arles.fr\/wp-content\/uploads\/2022\/05\/image-26.jpeg\" alt=\"\" class=\"wp-image-14506\" srcset=\"https:\/\/www.ecolesaintvincentdepaul-arles.fr\/wp-content\/uploads\/2022\/05\/image-26.jpeg 402w, https:\/\/www.ecolesaintvincentdepaul-arles.fr\/wp-content\/uploads\/2022\/05\/image-26-300x225.jpeg 300w, https:\/\/www.ecolesaintvincentdepaul-arles.fr\/wp-content\/uploads\/2022\/05\/image-26-250x188.jpeg 250w, https:\/\/www.ecolesaintvincentdepaul-arles.fr\/wp-content\/uploads\/2022\/05\/image-26-400x300.jpeg 400w\" sizes=\"auto, (max-width: 402px) 100vw, 402px\" \/><\/a><\/figure>\n\n\n\n<figure class=\"wp-block-image size-large\"><a href=\"https:\/\/www.ecolesaintvincentdepaul-arles.fr\/wp-content\/uploads\/2022\/05\/image-27.jpeg\"><img loading=\"lazy\" decoding=\"async\" width=\"394\" height=\"296\" data-id=\"14507\" src=\"https:\/\/www.ecolesaintvincentdepaul-arles.fr\/wp-content\/uploads\/2022\/05\/image-27.jpeg\" alt=\"\" class=\"wp-image-14507\" srcset=\"https:\/\/www.ecolesaintvincentdepaul-arles.fr\/wp-content\/uploads\/2022\/05\/image-27.jpeg 394w, https:\/\/www.ecolesaintvincentdepaul-arles.fr\/wp-content\/uploads\/2022\/05\/image-27-300x225.jpeg 300w, https:\/\/www.ecolesaintvincentdepaul-arles.fr\/wp-content\/uploads\/2022\/05\/image-27-250x188.jpeg 250w\" sizes=\"auto, (max-width: 394px) 100vw, 394px\" \/><\/a><\/figure>\n\n\n\n<figure class=\"wp-block-image size-large\"><a href=\"https:\/\/www.ecolesaintvincentdepaul-arles.fr\/wp-content\/uploads\/2022\/05\/image-28.jpeg\"><img loading=\"lazy\" decoding=\"async\" width=\"336\" height=\"252\" data-id=\"14508\" src=\"https:\/\/www.ecolesaintvincentdepaul-arles.fr\/wp-content\/uploads\/2022\/05\/image-28.jpeg\" alt=\"\" class=\"wp-image-14508\" srcset=\"https:\/\/www.ecolesaintvincentdepaul-arles.fr\/wp-content\/uploads\/2022\/05\/image-28.jpeg 336w, https:\/\/www.ecolesaintvincentdepaul-arles.fr\/wp-content\/uploads\/2022\/05\/image-28-300x225.jpeg 300w, https:\/\/www.ecolesaintvincentdepaul-arles.fr\/wp-content\/uploads\/2022\/05\/image-28-250x188.jpeg 250w\" sizes=\"auto, (max-width: 336px) 100vw, 336px\" \/><\/a><\/figure>\n<\/figure>\n\n\n\n<p>Le Conseil des \u00e9l\u00e8ves<\/p>\n\n\n\n<ul class=\"wp-block-list\"><li>Identifier et exprimer ses \u00e9motions et ses sentiments.<\/li><li>S\u2019estimer et \u00eatre capable d\u2019\u00e9coute et d\u2019empathie.<\/li><li>Se sentir membre d\u2019une collectivit\u00e9.<\/li><li>S\u2019engager et assumer des responsabilit\u00e9s dans l\u2019\u00e9cole et dans l\u2019\u00e9tablissement.<\/li><li>Prendre en charge des aspects de la vie collective et de l\u2019environnement et<\/li><li>d\u00e9velopper une conscience citoyenne, sociale et \u00e9cologique.<\/li><\/ul>\n\n\n\n<p>En cette ann\u00e9e d\u2019\u00e9lection pr\u00e9sidentielle, un conseil d\u2019\u00e9l\u00e8ve a \u00e9t\u00e9 mis en place au sein de notre \u00e9tablissement.<\/p>\n\n\n\n<p>En effet, permettre aux \u00e9l\u00e8ves d\u2019\u00eatre acteurs et plus responsables de leur quotidien au sein de leur \u00e9cole nous paraissait important.<\/p>\n\n\n\n<p>D\u00e9marche, mise en place :<\/p>\n\n\n\n<p>Le conseil d\u2019\u00e9l\u00e8ves rel\u00e8ve d\u2019une d\u00e9marche qui permet de mettre en pratique les grandes valeurs qui fondent le vivre ensemble et la R\u00e9publique. Fruit d\u2019une strat\u00e9gie \u00e9ducative et d\u2019une collaboration de tous les adultes de l\u2019\u00e9tablissement ou de l\u2019\u00e9cole, sa mise en place s\u2019organise selon une d\u00e9marche comportant des \u00e9tapes cl\u00e9s :<\/p>\n\n\n\n<p>Une formation commune des \u00e9l\u00e8ves pour appr\u00e9hender l\u2019organisation g\u00e9n\u00e9rale de<\/p>\n\n\n\n<p>l\u2019\u00e9cole, conna\u00eetre les responsables, les instances et les fonctions de chacun,<\/p>\n\n\n\n<p>comprendre le r\u00f4le des d\u00e9l\u00e9gu\u00e9s des \u00e9l\u00e8ves dans la classe et au niveau de l\u2019\u00e9cole.<\/p>\n\n\n\n<p>L\u2019\u00e9lection \u00ab grandeur nature \u00bb des d\u00e9l\u00e9gu\u00e9s de classe :<\/p>\n\n\n\n<ul class=\"wp-block-list\"><li>se porter candidat<\/li><li>acte de candidature<\/li><li>campagne \u00e9lectorale<\/li><li>\u00e9lection proprement dite<\/li><\/ul>\n\n\n\n<p>Apr\u00e8s avoir \u00e9tudi\u00e9 les r\u00e8gles de la d\u00e9mocratie de notre pays, certains d\u2019entre<\/p>\n\n\n\n<p>nous se sont mis en campagne \u00e9lectorale.<\/p>\n\n\n\n<p>Dans chaque classe de primaire, des \u00e9l\u00e8ves se sont pr\u00e9sent\u00e9s comme candidat<\/p>\n\n\n\n<p>aux \u00e9lections des d\u00e9l\u00e9gu\u00e9s de classe.<\/p>\n\n\n\n<p>Alors, pendant trois semaines a eu lieu la campagne \u00e9lectorale.<\/p>\n\n\n\n<figure class=\"wp-block-image size-full\"><a href=\"https:\/\/www.ecolesaintvincentdepaul-arles.fr\/wp-content\/uploads\/2022\/05\/image-29.jpeg\"><img loading=\"lazy\" decoding=\"async\" width=\"510\" height=\"288\" src=\"https:\/\/www.ecolesaintvincentdepaul-arles.fr\/wp-content\/uploads\/2022\/05\/image-29.jpeg\" alt=\"\" class=\"wp-image-14509\" srcset=\"https:\/\/www.ecolesaintvincentdepaul-arles.fr\/wp-content\/uploads\/2022\/05\/image-29.jpeg 510w, https:\/\/www.ecolesaintvincentdepaul-arles.fr\/wp-content\/uploads\/2022\/05\/image-29-300x169.jpeg 300w, https:\/\/www.ecolesaintvincentdepaul-arles.fr\/wp-content\/uploads\/2022\/05\/image-29-250x141.jpeg 250w, https:\/\/www.ecolesaintvincentdepaul-arles.fr\/wp-content\/uploads\/2022\/05\/image-29-400x226.jpeg 400w\" sizes=\"auto, (max-width: 510px) 100vw, 510px\" \/><\/a><\/figure>\n\n\n\n<p>Ainsi, chaque candidat a pu&nbsp;&nbsp;pr\u00e9senter et exposer son&nbsp;&nbsp;programme \u00e9lectoral<\/p>\n\n\n\n<p>Ont suivi les \u00e9lections des d\u00e9l\u00e9gu\u00e9s .<\/p>\n\n\n\n<figure class=\"wp-block-gallery has-nested-images columns-default is-cropped wp-block-gallery-2 is-layout-flex wp-block-gallery-is-layout-flex\">\n<figure class=\"wp-block-image size-large\"><a href=\"https:\/\/www.ecolesaintvincentdepaul-arles.fr\/wp-content\/uploads\/2022\/05\/image-30.jpeg\"><img loading=\"lazy\" decoding=\"async\" width=\"256\" height=\"316\" data-id=\"14510\" src=\"https:\/\/www.ecolesaintvincentdepaul-arles.fr\/wp-content\/uploads\/2022\/05\/image-30.jpeg\" alt=\"\" class=\"wp-image-14510\" srcset=\"https:\/\/www.ecolesaintvincentdepaul-arles.fr\/wp-content\/uploads\/2022\/05\/image-30.jpeg 256w, https:\/\/www.ecolesaintvincentdepaul-arles.fr\/wp-content\/uploads\/2022\/05\/image-30-243x300.jpeg 243w, https:\/\/www.ecolesaintvincentdepaul-arles.fr\/wp-content\/uploads\/2022\/05\/image-30-250x309.jpeg 250w\" sizes=\"auto, (max-width: 256px) 100vw, 256px\" \/><\/a><\/figure>\n\n\n\n<figure class=\"wp-block-image size-large\"><a href=\"https:\/\/www.ecolesaintvincentdepaul-arles.fr\/wp-content\/uploads\/2022\/05\/image-31.jpeg\"><img loading=\"lazy\" decoding=\"async\" width=\"212\" height=\"324\" data-id=\"14511\" src=\"https:\/\/www.ecolesaintvincentdepaul-arles.fr\/wp-content\/uploads\/2022\/05\/image-31.jpeg\" alt=\"\" class=\"wp-image-14511\" srcset=\"https:\/\/www.ecolesaintvincentdepaul-arles.fr\/wp-content\/uploads\/2022\/05\/image-31.jpeg 212w, https:\/\/www.ecolesaintvincentdepaul-arles.fr\/wp-content\/uploads\/2022\/05\/image-31-196x300.jpeg 196w\" sizes=\"auto, (max-width: 212px) 100vw, 212px\" \/><\/a><\/figure>\n<\/figure>\n\n\n\n<p>A notre tour d\u2019\u00e9lire nos repr\u00e9sentants au sein de l\u2019\u00e9cole\u2026\u2026\u2026.<\/p>\n\n\n\n<figure class=\"wp-block-gallery has-nested-images columns-default is-cropped wp-block-gallery-3 is-layout-flex wp-block-gallery-is-layout-flex\">\n<figure class=\"wp-block-image size-large\"><a href=\"https:\/\/www.ecolesaintvincentdepaul-arles.fr\/wp-content\/uploads\/2022\/05\/image-32.jpeg\"><img loading=\"lazy\" decoding=\"async\" width=\"338\" height=\"396\" data-id=\"14512\" src=\"https:\/\/www.ecolesaintvincentdepaul-arles.fr\/wp-content\/uploads\/2022\/05\/image-32.jpeg\" alt=\"\" class=\"wp-image-14512\" srcset=\"https:\/\/www.ecolesaintvincentdepaul-arles.fr\/wp-content\/uploads\/2022\/05\/image-32.jpeg 338w, https:\/\/www.ecolesaintvincentdepaul-arles.fr\/wp-content\/uploads\/2022\/05\/image-32-256x300.jpeg 256w, https:\/\/www.ecolesaintvincentdepaul-arles.fr\/wp-content\/uploads\/2022\/05\/image-32-250x293.jpeg 250w\" sizes=\"auto, (max-width: 338px) 100vw, 338px\" \/><\/a><\/figure>\n\n\n\n<figure class=\"wp-block-image size-large\"><a href=\"https:\/\/www.ecolesaintvincentdepaul-arles.fr\/wp-content\/uploads\/2022\/05\/image-33.jpeg\"><img loading=\"lazy\" decoding=\"async\" width=\"268\" height=\"358\" data-id=\"14513\" src=\"https:\/\/www.ecolesaintvincentdepaul-arles.fr\/wp-content\/uploads\/2022\/05\/image-33.jpeg\" alt=\"\" class=\"wp-image-14513\" srcset=\"https:\/\/www.ecolesaintvincentdepaul-arles.fr\/wp-content\/uploads\/2022\/05\/image-33.jpeg 268w, https:\/\/www.ecolesaintvincentdepaul-arles.fr\/wp-content\/uploads\/2022\/05\/image-33-225x300.jpeg 225w, https:\/\/www.ecolesaintvincentdepaul-arles.fr\/wp-content\/uploads\/2022\/05\/image-33-250x334.jpeg 250w\" sizes=\"auto, (max-width: 268px) 100vw, 268px\" \/><\/a><\/figure>\n<\/figure>\n\n\n\n<p>Ont \u00e9t\u00e9 \u00e9lus&nbsp;en classe de CM1:&nbsp;<\/p>\n\n\n\n<p> Rapha\u00ebl (titulaire) et  Zo\u00e9 (suppl\u00e9ante)<\/p>\n\n\n\n<p>Arts visuels&nbsp;: la fondation Van Gogh<\/p>\n\n\n\n<ul class=\"wp-block-list\"><li>Exp\u00e9rimenter, produire, cr\u00e9er<\/li><li>Mettre en \u0153uvre un projet artistique<\/li><li>S\u2019exprimer, analyser sa pratique, celle de ses pairs ; \u00e9tablir une relation avec celle des artistes, s\u2019ouvrir \u00e0 l\u2019alt\u00e9rit\u00e9<\/li><li>Se rep\u00e9rer dans les domaines li\u00e9s aux arts plastiques, \u00eatre sensible aux questions de l\u2019art<\/li><\/ul>\n\n\n\n<p>La visite de l\u2019exposition consacr\u00e9e \u00e0<strong>&nbsp;<\/strong>Laura Owens et \u00e0 Vincent Van Gogh&nbsp;<strong>et la mise en place d\u2019ateliers p\u00e9dagogiques (M\u00e9mory , jeu \u00ab&nbsp;Time line&nbsp;\u00bb, esquisses de croquis)<\/strong>&nbsp;nous ont permis d\u2019 \u00e9tudier le th\u00e8me du genre \u00e0 travers le temps<\/p>\n\n\n\n<p>Le genre en art est une th\u00e9matique qui comprend plusieurs cat\u00e9gories d\u2019\u0153uvres&nbsp;:<\/p>\n\n\n\n<ul class=\"wp-block-list\"><li>La nature morte<\/li><li>Le portrait&nbsp;<\/li><li>Le paysage<\/li><\/ul>\n\n\n\n<figure class=\"wp-block-gallery has-nested-images columns-default is-cropped wp-block-gallery-4 is-layout-flex wp-block-gallery-is-layout-flex\">\n<figure class=\"wp-block-image size-large\"><a href=\"https:\/\/www.ecolesaintvincentdepaul-arles.fr\/wp-content\/uploads\/2022\/05\/image-34.jpeg\"><img loading=\"lazy\" decoding=\"async\" width=\"420\" height=\"262\" data-id=\"14514\" src=\"https:\/\/www.ecolesaintvincentdepaul-arles.fr\/wp-content\/uploads\/2022\/05\/image-34.jpeg\" alt=\"\" class=\"wp-image-14514\" srcset=\"https:\/\/www.ecolesaintvincentdepaul-arles.fr\/wp-content\/uploads\/2022\/05\/image-34.jpeg 420w, https:\/\/www.ecolesaintvincentdepaul-arles.fr\/wp-content\/uploads\/2022\/05\/image-34-300x187.jpeg 300w, https:\/\/www.ecolesaintvincentdepaul-arles.fr\/wp-content\/uploads\/2022\/05\/image-34-250x156.jpeg 250w, https:\/\/www.ecolesaintvincentdepaul-arles.fr\/wp-content\/uploads\/2022\/05\/image-34-400x250.jpeg 400w\" sizes=\"auto, (max-width: 420px) 100vw, 420px\" \/><\/a><\/figure>\n\n\n\n<figure class=\"wp-block-image size-large\"><a href=\"https:\/\/www.ecolesaintvincentdepaul-arles.fr\/wp-content\/uploads\/2022\/05\/image-35.jpeg\"><img loading=\"lazy\" decoding=\"async\" width=\"292\" height=\"368\" data-id=\"14515\" src=\"https:\/\/www.ecolesaintvincentdepaul-arles.fr\/wp-content\/uploads\/2022\/05\/image-35.jpeg\" alt=\"\" class=\"wp-image-14515\" srcset=\"https:\/\/www.ecolesaintvincentdepaul-arles.fr\/wp-content\/uploads\/2022\/05\/image-35.jpeg 292w, https:\/\/www.ecolesaintvincentdepaul-arles.fr\/wp-content\/uploads\/2022\/05\/image-35-238x300.jpeg 238w, https:\/\/www.ecolesaintvincentdepaul-arles.fr\/wp-content\/uploads\/2022\/05\/image-35-250x315.jpeg 250w\" sizes=\"auto, (max-width: 292px) 100vw, 292px\" \/><\/a><\/figure>\n<\/figure>\n\n\n\n<p>Visite de l\u2019exposition<\/p>\n\n\n\n<figure class=\"wp-block-gallery has-nested-images columns-default is-cropped wp-block-gallery-5 is-layout-flex wp-block-gallery-is-layout-flex\">\n<figure class=\"wp-block-image size-large\"><a href=\"https:\/\/www.ecolesaintvincentdepaul-arles.fr\/wp-content\/uploads\/2022\/05\/image-36.jpeg\"><img loading=\"lazy\" decoding=\"async\" width=\"250\" height=\"458\" data-id=\"14516\" src=\"https:\/\/www.ecolesaintvincentdepaul-arles.fr\/wp-content\/uploads\/2022\/05\/image-36.jpeg\" alt=\"\" class=\"wp-image-14516\" srcset=\"https:\/\/www.ecolesaintvincentdepaul-arles.fr\/wp-content\/uploads\/2022\/05\/image-36.jpeg 250w, https:\/\/www.ecolesaintvincentdepaul-arles.fr\/wp-content\/uploads\/2022\/05\/image-36-164x300.jpeg 164w\" sizes=\"auto, (max-width: 250px) 100vw, 250px\" \/><\/a><figcaption>Analyse d\u2019\u0153uvres picturales <\/figcaption><\/figure>\n\n\n\n<figure class=\"wp-block-image size-large\"><a href=\"https:\/\/www.ecolesaintvincentdepaul-arles.fr\/wp-content\/uploads\/2022\/05\/image-37.jpeg\"><img loading=\"lazy\" decoding=\"async\" width=\"240\" height=\"452\" data-id=\"14517\" src=\"https:\/\/www.ecolesaintvincentdepaul-arles.fr\/wp-content\/uploads\/2022\/05\/image-37.jpeg\" alt=\"\" class=\"wp-image-14517\" srcset=\"https:\/\/www.ecolesaintvincentdepaul-arles.fr\/wp-content\/uploads\/2022\/05\/image-37.jpeg 240w, https:\/\/www.ecolesaintvincentdepaul-arles.fr\/wp-content\/uploads\/2022\/05\/image-37-159x300.jpeg 159w\" sizes=\"auto, (max-width: 240px) 100vw, 240px\" \/><\/a><figcaption>Classement des \u0153uvres dans l\u2019ordre chronologique de leur r\u00e9alisation<\/figcaption><\/figure>\n<\/figure>\n\n\n\n<figure class=\"wp-block-gallery has-nested-images columns-default is-cropped wp-block-gallery-6 is-layout-flex wp-block-gallery-is-layout-flex\">\n<figure class=\"wp-block-image size-full\"><a href=\"https:\/\/www.ecolesaintvincentdepaul-arles.fr\/wp-content\/uploads\/2022\/05\/image-38.jpeg\"><img loading=\"lazy\" decoding=\"async\" width=\"270\" height=\"498\" data-id=\"14518\" src=\"https:\/\/www.ecolesaintvincentdepaul-arles.fr\/wp-content\/uploads\/2022\/05\/image-38.jpeg\" alt=\"\" class=\"wp-image-14518\" srcset=\"https:\/\/www.ecolesaintvincentdepaul-arles.fr\/wp-content\/uploads\/2022\/05\/image-38.jpeg 270w, https:\/\/www.ecolesaintvincentdepaul-arles.fr\/wp-content\/uploads\/2022\/05\/image-38-163x300.jpeg 163w, https:\/\/www.ecolesaintvincentdepaul-arles.fr\/wp-content\/uploads\/2022\/05\/image-38-250x461.jpeg 250w\" sizes=\"auto, (max-width: 270px) 100vw, 270px\" \/><\/a><\/figure>\n\n\n\n<figure class=\"wp-block-image size-full\"><a href=\"https:\/\/www.ecolesaintvincentdepaul-arles.fr\/wp-content\/uploads\/2022\/05\/image-39.jpeg\"><img loading=\"lazy\" decoding=\"async\" width=\"382\" height=\"644\" data-id=\"14519\" src=\"https:\/\/www.ecolesaintvincentdepaul-arles.fr\/wp-content\/uploads\/2022\/05\/image-39.jpeg\" alt=\"\" class=\"wp-image-14519\" srcset=\"https:\/\/www.ecolesaintvincentdepaul-arles.fr\/wp-content\/uploads\/2022\/05\/image-39.jpeg 382w, https:\/\/www.ecolesaintvincentdepaul-arles.fr\/wp-content\/uploads\/2022\/05\/image-39-178x300.jpeg 178w, https:\/\/www.ecolesaintvincentdepaul-arles.fr\/wp-content\/uploads\/2022\/05\/image-39-250x421.jpeg 250w, https:\/\/www.ecolesaintvincentdepaul-arles.fr\/wp-content\/uploads\/2022\/05\/image-39-356x600.jpeg 356w\" sizes=\"auto, (max-width: 382px) 100vw, 382px\" \/><\/a><\/figure>\n<\/figure>\n\n\n\n<p>R\u00e9alisation d\u2019\u0153uvres en atelier en utilisant diff\u00e9rents outils(plume , tampon, calam) et diff\u00e9rents mat\u00e9riaux&nbsp;(encres, peintures)<\/p>\n\n\n\n<figure class=\"wp-block-gallery has-nested-images columns-default is-cropped wp-block-gallery-7 is-layout-flex wp-block-gallery-is-layout-flex\">\n<figure class=\"wp-block-image size-large\"><a href=\"https:\/\/www.ecolesaintvincentdepaul-arles.fr\/wp-content\/uploads\/2022\/05\/image-40.jpeg\"><img loading=\"lazy\" decoding=\"async\" width=\"282\" height=\"498\" data-id=\"14520\" src=\"https:\/\/www.ecolesaintvincentdepaul-arles.fr\/wp-content\/uploads\/2022\/05\/image-40.jpeg\" alt=\"\" class=\"wp-image-14520\" srcset=\"https:\/\/www.ecolesaintvincentdepaul-arles.fr\/wp-content\/uploads\/2022\/05\/image-40.jpeg 282w, https:\/\/www.ecolesaintvincentdepaul-arles.fr\/wp-content\/uploads\/2022\/05\/image-40-170x300.jpeg 170w, https:\/\/www.ecolesaintvincentdepaul-arles.fr\/wp-content\/uploads\/2022\/05\/image-40-250x441.jpeg 250w\" sizes=\"auto, (max-width: 282px) 100vw, 282px\" \/><\/a><\/figure>\n\n\n\n<figure class=\"wp-block-image size-large\"><a href=\"https:\/\/www.ecolesaintvincentdepaul-arles.fr\/wp-content\/uploads\/2022\/05\/image-41.jpeg\"><img loading=\"lazy\" decoding=\"async\" width=\"324\" height=\"442\" data-id=\"14521\" src=\"https:\/\/www.ecolesaintvincentdepaul-arles.fr\/wp-content\/uploads\/2022\/05\/image-41.jpeg\" alt=\"\" class=\"wp-image-14521\" srcset=\"https:\/\/www.ecolesaintvincentdepaul-arles.fr\/wp-content\/uploads\/2022\/05\/image-41.jpeg 324w, https:\/\/www.ecolesaintvincentdepaul-arles.fr\/wp-content\/uploads\/2022\/05\/image-41-220x300.jpeg 220w, https:\/\/www.ecolesaintvincentdepaul-arles.fr\/wp-content\/uploads\/2022\/05\/image-41-250x341.jpeg 250w\" sizes=\"auto, (max-width: 324px) 100vw, 324px\" \/><\/a><\/figure>\n<\/figure>\n\n\n\n<p><br><\/p>\n\n\n\n<p>&nbsp;&nbsp;&nbsp;&nbsp;&nbsp;&nbsp;&nbsp;&nbsp;&nbsp;&nbsp;&nbsp;&nbsp;&nbsp;&nbsp;&nbsp;&nbsp;&nbsp;&nbsp;&nbsp;&nbsp;&nbsp;&nbsp;&nbsp;&nbsp;&nbsp;&nbsp;&nbsp;&nbsp;&nbsp;&nbsp;&nbsp;&nbsp;&nbsp;&nbsp;&nbsp;&nbsp;&nbsp;&nbsp;&nbsp;&nbsp;&nbsp;&nbsp;&nbsp;&nbsp;&nbsp;&nbsp;&nbsp;&nbsp;&nbsp;&nbsp;&nbsp;&nbsp;&nbsp;<\/p>\n","protected":false},"excerpt":{"rendered":"<p>Atelier th\u00e9\u00e2tre Les langages pour penser et communiquer&nbsp;: enrichir les capacit\u00e9s \u00e0 s\u2019exprimer et \u00e0 communiquer, \u00e0 s\u2019engager dans un dialogue verbal et gestuel La formation de la personne et du citoyen : L\u2019\u00e9l\u00e8ve\/l\u2019individu va s\u2019int\u00e9grer dans un processus collectif, &hellip; <a href=\"https:\/\/www.ecolesaintvincentdepaul-arles.fr\/?p=14504\">Continuer la lecture <span class=\"meta-nav\">&rarr;<\/span><\/a><\/p>\n","protected":false},"author":10,"featured_media":0,"comment_status":"closed","ping_status":"closed","sticky":false,"template":"","format":"standard","meta":{"footnotes":""},"categories":[21,63],"tags":[],"class_list":["post-14504","post","type-post","status-publish","format-standard","hentry","category-cm1","category-ecole-elementaire"],"_links":{"self":[{"href":"https:\/\/www.ecolesaintvincentdepaul-arles.fr\/index.php?rest_route=\/wp\/v2\/posts\/14504","targetHints":{"allow":["GET"]}}],"collection":[{"href":"https:\/\/www.ecolesaintvincentdepaul-arles.fr\/index.php?rest_route=\/wp\/v2\/posts"}],"about":[{"href":"https:\/\/www.ecolesaintvincentdepaul-arles.fr\/index.php?rest_route=\/wp\/v2\/types\/post"}],"author":[{"embeddable":true,"href":"https:\/\/www.ecolesaintvincentdepaul-arles.fr\/index.php?rest_route=\/wp\/v2\/users\/10"}],"replies":[{"embeddable":true,"href":"https:\/\/www.ecolesaintvincentdepaul-arles.fr\/index.php?rest_route=%2Fwp%2Fv2%2Fcomments&post=14504"}],"version-history":[{"count":6,"href":"https:\/\/www.ecolesaintvincentdepaul-arles.fr\/index.php?rest_route=\/wp\/v2\/posts\/14504\/revisions"}],"predecessor-version":[{"id":14621,"href":"https:\/\/www.ecolesaintvincentdepaul-arles.fr\/index.php?rest_route=\/wp\/v2\/posts\/14504\/revisions\/14621"}],"wp:attachment":[{"href":"https:\/\/www.ecolesaintvincentdepaul-arles.fr\/index.php?rest_route=%2Fwp%2Fv2%2Fmedia&parent=14504"}],"wp:term":[{"taxonomy":"category","embeddable":true,"href":"https:\/\/www.ecolesaintvincentdepaul-arles.fr\/index.php?rest_route=%2Fwp%2Fv2%2Fcategories&post=14504"},{"taxonomy":"post_tag","embeddable":true,"href":"https:\/\/www.ecolesaintvincentdepaul-arles.fr\/index.php?rest_route=%2Fwp%2Fv2%2Ftags&post=14504"}],"curies":[{"name":"wp","href":"https:\/\/api.w.org\/{rel}","templated":true}]}}