{"id":15260,"date":"2022-11-30T09:34:16","date_gmt":"2022-11-30T08:34:16","guid":{"rendered":"https:\/\/www.ecolesaintvincentdepaul-arles.fr\/?p=15260"},"modified":"2022-12-08T14:45:36","modified_gmt":"2022-12-08T13:45:36","slug":"lecole-saint-vincent-de-paul-en-formation-en-finlande","status":"publish","type":"post","link":"https:\/\/www.ecolesaintvincentdepaul-arles.fr\/?p=15260","title":{"rendered":"L&rsquo;\u00e9cole Saint-Vincent-de-Paul en formation en Finlande"},"content":{"rendered":"\n<p>Durant les vacances de Toussaint, six repr\u00e9sentants de la communaut\u00e9 \u00e9ducative sont partis \u00e0 Oulu pendant une semaine pour se perfectionner, en anglais, sur le syst\u00e8me \u00e9ducatif finlandais. <\/p>\n\n\n\n<p>C&rsquo;est avec cet objectif en ligne de mire que trois enseignants (Sylvie Baecker, Virginie Douaud, Yoann Le Ny), une Asem (C\u00e9line M\u00e9liani), une assistante d&rsquo;\u00e9ducation (Magali Tavan) et une assistante de direction (Marie-Louise Moreno-Bal\u00e8s) se sont rendus en Finlande du 23 au 29 octobre 2022.<\/p>\n\n\n\n<figure class=\"wp-block-image size-full\"><a href=\"https:\/\/www.ecolesaintvincentdepaul-arles.fr\/wp-content\/uploads\/2022\/11\/IMG_0623-1.jpg\"><img loading=\"lazy\" decoding=\"async\" width=\"816\" height=\"562\" src=\"https:\/\/www.ecolesaintvincentdepaul-arles.fr\/wp-content\/uploads\/2022\/11\/IMG_0623-1.jpg\" alt=\"\" class=\"wp-image-15270\" srcset=\"https:\/\/www.ecolesaintvincentdepaul-arles.fr\/wp-content\/uploads\/2022\/11\/IMG_0623-1.jpg 816w, https:\/\/www.ecolesaintvincentdepaul-arles.fr\/wp-content\/uploads\/2022\/11\/IMG_0623-1-300x207.jpg 300w, https:\/\/www.ecolesaintvincentdepaul-arles.fr\/wp-content\/uploads\/2022\/11\/IMG_0623-1-768x529.jpg 768w, https:\/\/www.ecolesaintvincentdepaul-arles.fr\/wp-content\/uploads\/2022\/11\/IMG_0623-1-600x413.jpg 600w, https:\/\/www.ecolesaintvincentdepaul-arles.fr\/wp-content\/uploads\/2022\/11\/IMG_0623-1-250x172.jpg 250w, https:\/\/www.ecolesaintvincentdepaul-arles.fr\/wp-content\/uploads\/2022\/11\/IMG_0623-1-400x275.jpg 400w\" sizes=\"auto, (max-width: 816px) 100vw, 816px\" \/><\/a><\/figure>\n\n\n\n<h2 class=\"wp-block-heading\">Un syst\u00e8me \u00e9ducatif performant<\/h2>\n\n\n\n<p>Selon le Programme international pour le suivi des acquis des \u00e9l\u00e8ves (PISA), les enfants finlandais obtiennent de meilleurs r\u00e9sultats en sciences, en math\u00e9matiques et en lecture que la moyenne des autres pays de l\u2019Organisation de coop\u00e9ration et de d\u00e9veloppement \u00e9conomiques (OCDE). Au dernier classement PISA, la Finlande occupe la septi\u00e8me place tandis que la France est class\u00e9e vingt-troisi\u00e8me.<\/p>\n\n\n\n<p>Le pays nordique est \u00e9galement premier au classement mondial du bonheur. C&rsquo;est l&rsquo;association de ces deux excellents r\u00e9sultats qui ont motiv\u00e9 ce choix.<\/p>\n\n\n\n<h2 class=\"wp-block-heading\">Les enfants sont plus libres<\/h2>\n\n\n\n<p>Ce qu&rsquo;ils retiendront,&nbsp;c\u2019est le mode de vie finlandais dans son enti\u00e8ret\u00e9. La soci\u00e9t\u00e9 accorde une grande libert\u00e9 aux enfants. D\u00e8s tr\u00e8s jeunes, on leur accorde une tr\u00e8s grande confiance : dans les d\u00e9placements, dans leurs relations, leurs prises de d\u00e9cisions&#8230;<\/p>\n\n\n\n<p>Le cadre semble plus souple en Finlande.&nbsp;Les enfants sont plus libres, moins surveill\u00e9s pendant leur r\u00e9cr\u00e9ation, par exemple. Il n\u2019y a pas de barri\u00e8res ni de portails autour de l\u2019\u00e9cole.<\/p>\n\n\n\n<p>De ce fait \u00e9merge beaucoup de prises d&rsquo;initiatives de la part des \u00e9l\u00e8ves. Ils s&rsquo;associent pour organiser de nombreux temps forts : caf\u00e9-go\u00fbter, ludoth\u00e8ques, semaines \u00e0 th\u00e8me&#8230;<\/p>\n\n\n\n<h2 class=\"wp-block-heading\">Un emploi du temps am\u00e9nag\u00e9<\/h2>\n\n\n\n<p>Les conditions enseignement diff\u00e8rent \u00e9norm\u00e9ment : en Finlande, les journ\u00e9es de cours se terminent \u00e0 14 h et les enfants ont une pause d\u2019un quart d\u2019heure toutes les quarante-cinq minutes.<\/p>\n\n\n\n<p>Apr\u00e8s la journ\u00e9e de classe, des activit\u00e9s associatives sont propos\u00e9es aux enfants.<\/p>\n\n\n\n<h2 class=\"wp-block-heading\">Education positive<\/h2>\n\n\n\n<p>Le syst\u00e8me \u00e9ducatif finlandais est centr\u00e9 sur l&rsquo;\u00e9l\u00e8ve, \u00e0 qui il dispense une \u00e9ducation positive. De plus, un travail de fond sur l&rsquo;\u00e9ducation aux \u00e9motions est men\u00e9 tout au long de la scolarit\u00e9.<\/p>\n\n\n\n<p>Cette exp\u00e9rience tr\u00e8s enrichissante a permis un nouveau questionnement sur nos pratiques et une r\u00e9flexion sur la transposition de certains \u00e9l\u00e9ments dans notre \u00e9tablissement.<\/p>\n\n\n\n<figure class=\"wp-block-image size-full\"><a href=\"https:\/\/www.ecolesaintvincentdepaul-arles.fr\/wp-content\/uploads\/2022\/11\/erasmus.jpg\"><img loading=\"lazy\" decoding=\"async\" width=\"664\" height=\"189\" src=\"https:\/\/www.ecolesaintvincentdepaul-arles.fr\/wp-content\/uploads\/2022\/11\/erasmus.jpg\" alt=\"\" class=\"wp-image-15265\" srcset=\"https:\/\/www.ecolesaintvincentdepaul-arles.fr\/wp-content\/uploads\/2022\/11\/erasmus.jpg 664w, https:\/\/www.ecolesaintvincentdepaul-arles.fr\/wp-content\/uploads\/2022\/11\/erasmus-300x85.jpg 300w, https:\/\/www.ecolesaintvincentdepaul-arles.fr\/wp-content\/uploads\/2022\/11\/erasmus-600x171.jpg 600w, https:\/\/www.ecolesaintvincentdepaul-arles.fr\/wp-content\/uploads\/2022\/11\/erasmus-250x71.jpg 250w, https:\/\/www.ecolesaintvincentdepaul-arles.fr\/wp-content\/uploads\/2022\/11\/erasmus-400x114.jpg 400w\" sizes=\"auto, (max-width: 664px) 100vw, 664px\" \/><\/a><\/figure>\n\n\n\n<p><\/p>\n","protected":false},"excerpt":{"rendered":"<p>Durant les vacances de Toussaint, six repr\u00e9sentants de la communaut\u00e9 \u00e9ducative sont partis \u00e0 Oulu pendant une semaine pour se perfectionner, en anglais, sur le syst\u00e8me \u00e9ducatif finlandais. C&rsquo;est avec cet objectif en ligne de mire que trois enseignants (Sylvie &hellip; <a href=\"https:\/\/www.ecolesaintvincentdepaul-arles.fr\/?p=15260\">Continuer la lecture <span class=\"meta-nav\">&rarr;<\/span><\/a><\/p>\n","protected":false},"author":23,"featured_media":0,"comment_status":"closed","ping_status":"open","sticky":false,"template":"","format":"standard","meta":{"footnotes":""},"categories":[63,62,86],"tags":[],"class_list":["post-15260","post","type-post","status-publish","format-standard","hentry","category-ecole-elementaire","category-ecole-maternelle","category-gs-cp"],"_links":{"self":[{"href":"https:\/\/www.ecolesaintvincentdepaul-arles.fr\/index.php?rest_route=\/wp\/v2\/posts\/15260","targetHints":{"allow":["GET"]}}],"collection":[{"href":"https:\/\/www.ecolesaintvincentdepaul-arles.fr\/index.php?rest_route=\/wp\/v2\/posts"}],"about":[{"href":"https:\/\/www.ecolesaintvincentdepaul-arles.fr\/index.php?rest_route=\/wp\/v2\/types\/post"}],"author":[{"embeddable":true,"href":"https:\/\/www.ecolesaintvincentdepaul-arles.fr\/index.php?rest_route=\/wp\/v2\/users\/23"}],"replies":[{"embeddable":true,"href":"https:\/\/www.ecolesaintvincentdepaul-arles.fr\/index.php?rest_route=%2Fwp%2Fv2%2Fcomments&post=15260"}],"version-history":[{"count":8,"href":"https:\/\/www.ecolesaintvincentdepaul-arles.fr\/index.php?rest_route=\/wp\/v2\/posts\/15260\/revisions"}],"predecessor-version":[{"id":15299,"href":"https:\/\/www.ecolesaintvincentdepaul-arles.fr\/index.php?rest_route=\/wp\/v2\/posts\/15260\/revisions\/15299"}],"wp:attachment":[{"href":"https:\/\/www.ecolesaintvincentdepaul-arles.fr\/index.php?rest_route=%2Fwp%2Fv2%2Fmedia&parent=15260"}],"wp:term":[{"taxonomy":"category","embeddable":true,"href":"https:\/\/www.ecolesaintvincentdepaul-arles.fr\/index.php?rest_route=%2Fwp%2Fv2%2Fcategories&post=15260"},{"taxonomy":"post_tag","embeddable":true,"href":"https:\/\/www.ecolesaintvincentdepaul-arles.fr\/index.php?rest_route=%2Fwp%2Fv2%2Ftags&post=15260"}],"curies":[{"name":"wp","href":"https:\/\/api.w.org\/{rel}","templated":true}]}}