{"id":15831,"date":"2023-05-07T18:24:44","date_gmt":"2023-05-07T16:24:44","guid":{"rendered":"https:\/\/www.ecolesaintvincentdepaul-arles.fr\/?p=15831"},"modified":"2023-05-09T06:49:53","modified_gmt":"2023-05-09T04:49:53","slug":"l","status":"publish","type":"post","link":"https:\/\/www.ecolesaintvincentdepaul-arles.fr\/?p=15831","title":{"rendered":"Multi sports en CE2"},"content":{"rendered":"\n<p>Les \u00e9l\u00e8ves de CE2 ont pu profiter tout au long de l&rsquo;ann\u00e9e d&rsquo;activit\u00e9s sportives encadr\u00e9es par des professionnels.<\/p>\n\n\n\n<p><strong>Course d&rsquo;orientation<\/strong> dans le cadre des projets APPN (activit\u00e9s sportives de pleine nature) sur le site de Fontvieille. <\/p>\n\n\n\n<div class=\"wp-block-columns is-layout-flex wp-container-core-columns-is-layout-9d6595d7 wp-block-columns-is-layout-flex\">\n<div class=\"wp-block-column is-layout-flow wp-block-column-is-layout-flow\">\n<figure class=\"wp-block-image size-large\"><a href=\"https:\/\/www.ecolesaintvincentdepaul-arles.fr\/wp-content\/uploads\/2023\/05\/20221013_140226-1-scaled.jpg\"><img loading=\"lazy\" decoding=\"async\" width=\"768\" height=\"1024\" src=\"https:\/\/www.ecolesaintvincentdepaul-arles.fr\/wp-content\/uploads\/2023\/05\/20221013_140226-1-768x1024.jpg\" alt=\"\" class=\"wp-image-15836\" srcset=\"https:\/\/www.ecolesaintvincentdepaul-arles.fr\/wp-content\/uploads\/2023\/05\/20221013_140226-1-768x1024.jpg 768w, https:\/\/www.ecolesaintvincentdepaul-arles.fr\/wp-content\/uploads\/2023\/05\/20221013_140226-1-225x300.jpg 225w, https:\/\/www.ecolesaintvincentdepaul-arles.fr\/wp-content\/uploads\/2023\/05\/20221013_140226-1-1152x1536.jpg 1152w, https:\/\/www.ecolesaintvincentdepaul-arles.fr\/wp-content\/uploads\/2023\/05\/20221013_140226-1-1536x2048.jpg 1536w, https:\/\/www.ecolesaintvincentdepaul-arles.fr\/wp-content\/uploads\/2023\/05\/20221013_140226-1-250x333.jpg 250w, https:\/\/www.ecolesaintvincentdepaul-arles.fr\/wp-content\/uploads\/2023\/05\/20221013_140226-1-400x533.jpg 400w, https:\/\/www.ecolesaintvincentdepaul-arles.fr\/wp-content\/uploads\/2023\/05\/20221013_140226-1-scaled.jpg 1920w\" sizes=\"auto, (max-width: 768px) 100vw, 768px\" \/><\/a><\/figure>\n<\/div>\n\n\n\n<div class=\"wp-block-column is-layout-flow wp-block-column-is-layout-flow\">\n<figure class=\"wp-block-image size-large is-resized\"><a href=\"https:\/\/www.ecolesaintvincentdepaul-arles.fr\/wp-content\/uploads\/2023\/05\/20221013_100417-1-scaled.jpg\"><img loading=\"lazy\" decoding=\"async\" src=\"https:\/\/www.ecolesaintvincentdepaul-arles.fr\/wp-content\/uploads\/2023\/05\/20221013_100417-1-1024x768.jpg\" alt=\"\" class=\"wp-image-15837\" width=\"198\" height=\"148\" srcset=\"https:\/\/www.ecolesaintvincentdepaul-arles.fr\/wp-content\/uploads\/2023\/05\/20221013_100417-1-1024x768.jpg 1024w, https:\/\/www.ecolesaintvincentdepaul-arles.fr\/wp-content\/uploads\/2023\/05\/20221013_100417-1-300x225.jpg 300w, https:\/\/www.ecolesaintvincentdepaul-arles.fr\/wp-content\/uploads\/2023\/05\/20221013_100417-1-768x576.jpg 768w, https:\/\/www.ecolesaintvincentdepaul-arles.fr\/wp-content\/uploads\/2023\/05\/20221013_100417-1-1536x1152.jpg 1536w, https:\/\/www.ecolesaintvincentdepaul-arles.fr\/wp-content\/uploads\/2023\/05\/20221013_100417-1-2048x1536.jpg 2048w, https:\/\/www.ecolesaintvincentdepaul-arles.fr\/wp-content\/uploads\/2023\/05\/20221013_100417-1-250x188.jpg 250w, https:\/\/www.ecolesaintvincentdepaul-arles.fr\/wp-content\/uploads\/2023\/05\/20221013_100417-1-400x300.jpg 400w\" sizes=\"auto, (max-width: 198px) 100vw, 198px\" \/><\/a><\/figure>\n<\/div>\n\n\n\n<div class=\"wp-block-column is-layout-flow wp-block-column-is-layout-flow\">\n<figure class=\"wp-block-image size-large\"><a href=\"https:\/\/www.ecolesaintvincentdepaul-arles.fr\/wp-content\/uploads\/2023\/05\/20221013_092156-scaled.jpg\"><img loading=\"lazy\" decoding=\"async\" width=\"768\" height=\"1024\" src=\"https:\/\/www.ecolesaintvincentdepaul-arles.fr\/wp-content\/uploads\/2023\/05\/20221013_092156-768x1024.jpg\" alt=\"\" class=\"wp-image-15838\" srcset=\"https:\/\/www.ecolesaintvincentdepaul-arles.fr\/wp-content\/uploads\/2023\/05\/20221013_092156-768x1024.jpg 768w, https:\/\/www.ecolesaintvincentdepaul-arles.fr\/wp-content\/uploads\/2023\/05\/20221013_092156-225x300.jpg 225w, https:\/\/www.ecolesaintvincentdepaul-arles.fr\/wp-content\/uploads\/2023\/05\/20221013_092156-1152x1536.jpg 1152w, https:\/\/www.ecolesaintvincentdepaul-arles.fr\/wp-content\/uploads\/2023\/05\/20221013_092156-1536x2048.jpg 1536w, https:\/\/www.ecolesaintvincentdepaul-arles.fr\/wp-content\/uploads\/2023\/05\/20221013_092156-250x333.jpg 250w, https:\/\/www.ecolesaintvincentdepaul-arles.fr\/wp-content\/uploads\/2023\/05\/20221013_092156-400x533.jpg 400w, https:\/\/www.ecolesaintvincentdepaul-arles.fr\/wp-content\/uploads\/2023\/05\/20221013_092156-scaled.jpg 1920w\" sizes=\"auto, (max-width: 768px) 100vw, 768px\" \/><\/a><\/figure>\n<\/div>\n<\/div>\n\n\n\n<div class=\"wp-block-columns is-layout-flex wp-container-core-columns-is-layout-9d6595d7 wp-block-columns-is-layout-flex\">\n<div class=\"wp-block-column is-layout-flow wp-block-column-is-layout-flow\">\n<figure class=\"wp-block-image size-large\"><a href=\"https:\/\/www.ecolesaintvincentdepaul-arles.fr\/wp-content\/uploads\/2023\/05\/20221013_094040-scaled.jpg\"><img loading=\"lazy\" decoding=\"async\" width=\"1024\" height=\"768\" src=\"https:\/\/www.ecolesaintvincentdepaul-arles.fr\/wp-content\/uploads\/2023\/05\/20221013_094040-1024x768.jpg\" alt=\"\" class=\"wp-image-15839\" srcset=\"https:\/\/www.ecolesaintvincentdepaul-arles.fr\/wp-content\/uploads\/2023\/05\/20221013_094040-1024x768.jpg 1024w, https:\/\/www.ecolesaintvincentdepaul-arles.fr\/wp-content\/uploads\/2023\/05\/20221013_094040-300x225.jpg 300w, https:\/\/www.ecolesaintvincentdepaul-arles.fr\/wp-content\/uploads\/2023\/05\/20221013_094040-768x576.jpg 768w, https:\/\/www.ecolesaintvincentdepaul-arles.fr\/wp-content\/uploads\/2023\/05\/20221013_094040-1536x1152.jpg 1536w, https:\/\/www.ecolesaintvincentdepaul-arles.fr\/wp-content\/uploads\/2023\/05\/20221013_094040-2048x1536.jpg 2048w, https:\/\/www.ecolesaintvincentdepaul-arles.fr\/wp-content\/uploads\/2023\/05\/20221013_094040-250x188.jpg 250w, https:\/\/www.ecolesaintvincentdepaul-arles.fr\/wp-content\/uploads\/2023\/05\/20221013_094040-400x300.jpg 400w\" sizes=\"auto, (max-width: 1024px) 100vw, 1024px\" \/><\/a><\/figure>\n<\/div>\n\n\n\n<div class=\"wp-block-column is-layout-flow wp-block-column-is-layout-flow\">\n<figure class=\"wp-block-image size-large\"><a href=\"https:\/\/www.ecolesaintvincentdepaul-arles.fr\/wp-content\/uploads\/2023\/05\/20221013_100421-scaled.jpg\"><img loading=\"lazy\" decoding=\"async\" width=\"1024\" height=\"768\" src=\"https:\/\/www.ecolesaintvincentdepaul-arles.fr\/wp-content\/uploads\/2023\/05\/20221013_100421-1024x768.jpg\" alt=\"\" class=\"wp-image-15840\" srcset=\"https:\/\/www.ecolesaintvincentdepaul-arles.fr\/wp-content\/uploads\/2023\/05\/20221013_100421-1024x768.jpg 1024w, https:\/\/www.ecolesaintvincentdepaul-arles.fr\/wp-content\/uploads\/2023\/05\/20221013_100421-300x225.jpg 300w, https:\/\/www.ecolesaintvincentdepaul-arles.fr\/wp-content\/uploads\/2023\/05\/20221013_100421-768x576.jpg 768w, https:\/\/www.ecolesaintvincentdepaul-arles.fr\/wp-content\/uploads\/2023\/05\/20221013_100421-1536x1152.jpg 1536w, https:\/\/www.ecolesaintvincentdepaul-arles.fr\/wp-content\/uploads\/2023\/05\/20221013_100421-2048x1536.jpg 2048w, https:\/\/www.ecolesaintvincentdepaul-arles.fr\/wp-content\/uploads\/2023\/05\/20221013_100421-250x188.jpg 250w, https:\/\/www.ecolesaintvincentdepaul-arles.fr\/wp-content\/uploads\/2023\/05\/20221013_100421-400x300.jpg 400w\" sizes=\"auto, (max-width: 1024px) 100vw, 1024px\" \/><\/a><\/figure>\n<\/div>\n<\/div>\n\n\n\n<p><strong>Initiation au Rugby<\/strong> dans le cadre du projet \u00ab\u00a0Rugby at school\u00a0\u00bb en partenariat avec le Rugby Club Arlesien. Ce projet sur 2 ans s&rsquo;ach\u00e8vera cette ann\u00e9e par un tournoi inter \u00e9cole. L&rsquo;ann\u00e9e prochaine, les \u00e9l\u00e8ves seront invit\u00e9s dans le cadre de la coupe du monde de Rugby amateur dont une partie se d\u00e9roulera sur Arles. <\/p>\n\n\n\n<p>Les enfants ont beaucoup appr\u00e9ci\u00e9 ces jeux autour du rugby \u00ab\u00a0sans contact\u00a0\u00bb.<\/p>\n\n\n\n<div class=\"wp-block-columns is-layout-flex wp-container-core-columns-is-layout-9d6595d7 wp-block-columns-is-layout-flex\">\n<div class=\"wp-block-column is-layout-flow wp-block-column-is-layout-flow\">\n<figure class=\"wp-block-image size-large\"><a href=\"https:\/\/www.ecolesaintvincentdepaul-arles.fr\/wp-content\/uploads\/2023\/05\/20230309_144313-1-scaled.jpg\"><img loading=\"lazy\" decoding=\"async\" width=\"1024\" height=\"768\" src=\"https:\/\/www.ecolesaintvincentdepaul-arles.fr\/wp-content\/uploads\/2023\/05\/20230309_144313-1-1024x768.jpg\" alt=\"\" class=\"wp-image-15842\" srcset=\"https:\/\/www.ecolesaintvincentdepaul-arles.fr\/wp-content\/uploads\/2023\/05\/20230309_144313-1-1024x768.jpg 1024w, https:\/\/www.ecolesaintvincentdepaul-arles.fr\/wp-content\/uploads\/2023\/05\/20230309_144313-1-300x225.jpg 300w, https:\/\/www.ecolesaintvincentdepaul-arles.fr\/wp-content\/uploads\/2023\/05\/20230309_144313-1-768x576.jpg 768w, https:\/\/www.ecolesaintvincentdepaul-arles.fr\/wp-content\/uploads\/2023\/05\/20230309_144313-1-1536x1152.jpg 1536w, https:\/\/www.ecolesaintvincentdepaul-arles.fr\/wp-content\/uploads\/2023\/05\/20230309_144313-1-2048x1536.jpg 2048w, https:\/\/www.ecolesaintvincentdepaul-arles.fr\/wp-content\/uploads\/2023\/05\/20230309_144313-1-250x188.jpg 250w, https:\/\/www.ecolesaintvincentdepaul-arles.fr\/wp-content\/uploads\/2023\/05\/20230309_144313-1-400x300.jpg 400w\" sizes=\"auto, (max-width: 1024px) 100vw, 1024px\" \/><\/a><\/figure>\n<\/div>\n\n\n\n<div class=\"wp-block-column is-layout-flow wp-block-column-is-layout-flow\">\n<figure class=\"wp-block-image size-large\"><a href=\"https:\/\/www.ecolesaintvincentdepaul-arles.fr\/wp-content\/uploads\/2023\/05\/20230309_141230-scaled.jpg\"><img loading=\"lazy\" decoding=\"async\" width=\"1024\" height=\"768\" src=\"https:\/\/www.ecolesaintvincentdepaul-arles.fr\/wp-content\/uploads\/2023\/05\/20230309_141230-1024x768.jpg\" alt=\"\" class=\"wp-image-15843\" srcset=\"https:\/\/www.ecolesaintvincentdepaul-arles.fr\/wp-content\/uploads\/2023\/05\/20230309_141230-1024x768.jpg 1024w, https:\/\/www.ecolesaintvincentdepaul-arles.fr\/wp-content\/uploads\/2023\/05\/20230309_141230-300x225.jpg 300w, https:\/\/www.ecolesaintvincentdepaul-arles.fr\/wp-content\/uploads\/2023\/05\/20230309_141230-768x576.jpg 768w, https:\/\/www.ecolesaintvincentdepaul-arles.fr\/wp-content\/uploads\/2023\/05\/20230309_141230-1536x1152.jpg 1536w, https:\/\/www.ecolesaintvincentdepaul-arles.fr\/wp-content\/uploads\/2023\/05\/20230309_141230-2048x1536.jpg 2048w, https:\/\/www.ecolesaintvincentdepaul-arles.fr\/wp-content\/uploads\/2023\/05\/20230309_141230-250x188.jpg 250w, https:\/\/www.ecolesaintvincentdepaul-arles.fr\/wp-content\/uploads\/2023\/05\/20230309_141230-400x300.jpg 400w\" sizes=\"auto, (max-width: 1024px) 100vw, 1024px\" \/><\/a><\/figure>\n<\/div>\n\n\n\n<div class=\"wp-block-column is-layout-flow wp-block-column-is-layout-flow\">\n<figure class=\"wp-block-image size-large\"><a href=\"https:\/\/www.ecolesaintvincentdepaul-arles.fr\/wp-content\/uploads\/2023\/05\/20230309_151913-scaled.jpg\"><img loading=\"lazy\" decoding=\"async\" width=\"1024\" height=\"768\" src=\"https:\/\/www.ecolesaintvincentdepaul-arles.fr\/wp-content\/uploads\/2023\/05\/20230309_151913-1024x768.jpg\" alt=\"\" class=\"wp-image-15845\" srcset=\"https:\/\/www.ecolesaintvincentdepaul-arles.fr\/wp-content\/uploads\/2023\/05\/20230309_151913-1024x768.jpg 1024w, https:\/\/www.ecolesaintvincentdepaul-arles.fr\/wp-content\/uploads\/2023\/05\/20230309_151913-300x225.jpg 300w, https:\/\/www.ecolesaintvincentdepaul-arles.fr\/wp-content\/uploads\/2023\/05\/20230309_151913-768x576.jpg 768w, https:\/\/www.ecolesaintvincentdepaul-arles.fr\/wp-content\/uploads\/2023\/05\/20230309_151913-1536x1152.jpg 1536w, https:\/\/www.ecolesaintvincentdepaul-arles.fr\/wp-content\/uploads\/2023\/05\/20230309_151913-2048x1536.jpg 2048w, https:\/\/www.ecolesaintvincentdepaul-arles.fr\/wp-content\/uploads\/2023\/05\/20230309_151913-250x188.jpg 250w, https:\/\/www.ecolesaintvincentdepaul-arles.fr\/wp-content\/uploads\/2023\/05\/20230309_151913-400x300.jpg 400w\" sizes=\"auto, (max-width: 1024px) 100vw, 1024px\" \/><\/a><\/figure>\n<\/div>\n<\/div>\n\n\n\n<p><strong>Athl\u00e9tisme: d\u00e9couverte du saut en longueur <\/strong><\/p>\n\n\n\n<p>Cette activit\u00e9 tr\u00e8s appr\u00e9ci\u00e9e des enfants combine la course mais aussi le saut. Nous avons pu assister \u00e0 de tr\u00e8s beaux sauts.<\/p>\n\n\n\n<div class=\"wp-block-columns is-layout-flex wp-container-core-columns-is-layout-9d6595d7 wp-block-columns-is-layout-flex\">\n<div class=\"wp-block-column is-layout-flow wp-block-column-is-layout-flow\">\n<figure class=\"wp-block-image size-large\"><a href=\"https:\/\/www.ecolesaintvincentdepaul-arles.fr\/wp-content\/uploads\/2023\/05\/20230502_142715-1-scaled.jpg\"><img loading=\"lazy\" decoding=\"async\" width=\"768\" height=\"1024\" src=\"https:\/\/www.ecolesaintvincentdepaul-arles.fr\/wp-content\/uploads\/2023\/05\/20230502_142715-1-768x1024.jpg\" alt=\"\" class=\"wp-image-15847\" srcset=\"https:\/\/www.ecolesaintvincentdepaul-arles.fr\/wp-content\/uploads\/2023\/05\/20230502_142715-1-768x1024.jpg 768w, https:\/\/www.ecolesaintvincentdepaul-arles.fr\/wp-content\/uploads\/2023\/05\/20230502_142715-1-225x300.jpg 225w, https:\/\/www.ecolesaintvincentdepaul-arles.fr\/wp-content\/uploads\/2023\/05\/20230502_142715-1-1152x1536.jpg 1152w, https:\/\/www.ecolesaintvincentdepaul-arles.fr\/wp-content\/uploads\/2023\/05\/20230502_142715-1-1536x2048.jpg 1536w, https:\/\/www.ecolesaintvincentdepaul-arles.fr\/wp-content\/uploads\/2023\/05\/20230502_142715-1-250x333.jpg 250w, https:\/\/www.ecolesaintvincentdepaul-arles.fr\/wp-content\/uploads\/2023\/05\/20230502_142715-1-400x533.jpg 400w, https:\/\/www.ecolesaintvincentdepaul-arles.fr\/wp-content\/uploads\/2023\/05\/20230502_142715-1-scaled.jpg 1920w\" sizes=\"auto, (max-width: 768px) 100vw, 768px\" \/><\/a><\/figure>\n<\/div>\n\n\n\n<div class=\"wp-block-column is-layout-flow wp-block-column-is-layout-flow\">\n<figure class=\"wp-block-image size-large\"><a href=\"https:\/\/www.ecolesaintvincentdepaul-arles.fr\/wp-content\/uploads\/2023\/05\/20230502_142747-scaled.jpg\"><img loading=\"lazy\" decoding=\"async\" width=\"768\" height=\"1024\" src=\"https:\/\/www.ecolesaintvincentdepaul-arles.fr\/wp-content\/uploads\/2023\/05\/20230502_142747-768x1024.jpg\" alt=\"\" class=\"wp-image-15848\" srcset=\"https:\/\/www.ecolesaintvincentdepaul-arles.fr\/wp-content\/uploads\/2023\/05\/20230502_142747-768x1024.jpg 768w, https:\/\/www.ecolesaintvincentdepaul-arles.fr\/wp-content\/uploads\/2023\/05\/20230502_142747-225x300.jpg 225w, https:\/\/www.ecolesaintvincentdepaul-arles.fr\/wp-content\/uploads\/2023\/05\/20230502_142747-1152x1536.jpg 1152w, https:\/\/www.ecolesaintvincentdepaul-arles.fr\/wp-content\/uploads\/2023\/05\/20230502_142747-1536x2048.jpg 1536w, https:\/\/www.ecolesaintvincentdepaul-arles.fr\/wp-content\/uploads\/2023\/05\/20230502_142747-250x333.jpg 250w, https:\/\/www.ecolesaintvincentdepaul-arles.fr\/wp-content\/uploads\/2023\/05\/20230502_142747-400x533.jpg 400w, https:\/\/www.ecolesaintvincentdepaul-arles.fr\/wp-content\/uploads\/2023\/05\/20230502_142747-scaled.jpg 1920w\" sizes=\"auto, (max-width: 768px) 100vw, 768px\" \/><\/a><\/figure>\n<\/div>\n<\/div>\n","protected":false},"excerpt":{"rendered":"<p>Les \u00e9l\u00e8ves de CE2 ont pu profiter tout au long de l&rsquo;ann\u00e9e d&rsquo;activit\u00e9s sportives encadr\u00e9es par des professionnels. Course d&rsquo;orientation dans le cadre des projets APPN (activit\u00e9s sportives de pleine nature) sur le site de Fontvieille. Initiation au Rugby dans &hellip; <a href=\"https:\/\/www.ecolesaintvincentdepaul-arles.fr\/?p=15831\">Continuer la lecture <span class=\"meta-nav\">&rarr;<\/span><\/a><\/p>\n","protected":false},"author":30,"featured_media":0,"comment_status":"closed","ping_status":"open","sticky":false,"template":"","format":"standard","meta":{"footnotes":""},"categories":[101],"tags":[],"class_list":["post-15831","post","type-post","status-publish","format-standard","hentry","category-ce2a"],"_links":{"self":[{"href":"https:\/\/www.ecolesaintvincentdepaul-arles.fr\/index.php?rest_route=\/wp\/v2\/posts\/15831","targetHints":{"allow":["GET"]}}],"collection":[{"href":"https:\/\/www.ecolesaintvincentdepaul-arles.fr\/index.php?rest_route=\/wp\/v2\/posts"}],"about":[{"href":"https:\/\/www.ecolesaintvincentdepaul-arles.fr\/index.php?rest_route=\/wp\/v2\/types\/post"}],"author":[{"embeddable":true,"href":"https:\/\/www.ecolesaintvincentdepaul-arles.fr\/index.php?rest_route=\/wp\/v2\/users\/30"}],"replies":[{"embeddable":true,"href":"https:\/\/www.ecolesaintvincentdepaul-arles.fr\/index.php?rest_route=%2Fwp%2Fv2%2Fcomments&post=15831"}],"version-history":[{"count":2,"href":"https:\/\/www.ecolesaintvincentdepaul-arles.fr\/index.php?rest_route=\/wp\/v2\/posts\/15831\/revisions"}],"predecessor-version":[{"id":15850,"href":"https:\/\/www.ecolesaintvincentdepaul-arles.fr\/index.php?rest_route=\/wp\/v2\/posts\/15831\/revisions\/15850"}],"wp:attachment":[{"href":"https:\/\/www.ecolesaintvincentdepaul-arles.fr\/index.php?rest_route=%2Fwp%2Fv2%2Fmedia&parent=15831"}],"wp:term":[{"taxonomy":"category","embeddable":true,"href":"https:\/\/www.ecolesaintvincentdepaul-arles.fr\/index.php?rest_route=%2Fwp%2Fv2%2Fcategories&post=15831"},{"taxonomy":"post_tag","embeddable":true,"href":"https:\/\/www.ecolesaintvincentdepaul-arles.fr\/index.php?rest_route=%2Fwp%2Fv2%2Ftags&post=15831"}],"curies":[{"name":"wp","href":"https:\/\/api.w.org\/{rel}","templated":true}]}}