{"id":16681,"date":"2025-10-21T16:27:54","date_gmt":"2025-10-21T14:27:54","guid":{"rendered":"https:\/\/www.ecolesaintvincentdepaul-arles.fr\/?p=16681"},"modified":"2025-10-21T16:27:54","modified_gmt":"2025-10-21T14:27:54","slug":"projet-emc-journee-de-la-fraternite-et-de-lamitie","status":"publish","type":"post","link":"https:\/\/www.ecolesaintvincentdepaul-arles.fr\/?p=16681","title":{"rendered":"Projet EMC                                                              Journ\u00e9e de la Fraternit\u00e9 et de l&rsquo;Amiti\u00e9"},"content":{"rendered":"\n<p>Donner un sens \u00e0 la notion de Fraternit\u00e9.                                                                                   Coop\u00e9rer pour mener \u00e0 bien un projet.                                                                                         Amener les \u00e9l\u00e8ves \u00e0 conna\u00eetre, comprendre, respecter les symboles de la R\u00e9publique fran\u00e7aise.<\/p>\n\n\n\n<p>Tout au long de la journ\u00e9e, des ateliers de cycle ont \u00e9t\u00e9 organis\u00e9s: litt\u00e9rature, lecture d&rsquo;images, d\u00e9bats, arts plastiques, motricit\u00e9&#8230;<\/p>\n\n\n\n<p>Une fresque \u00e0 la mani\u00e8re de Matisse a \u00e9t\u00e9 r\u00e9alis\u00e9e par l&rsquo;ensemble de la communaut\u00e9    \u00e9ducative : \u00e9l\u00e8ves, enseignants, personnels et parents.<\/p>\n\n\n\n<p>Une belle journ\u00e9e plac\u00e9e sous le signe de la coop\u00e9ration, l&rsquo;engagement, l&rsquo;entraide,la pers\u00e9v\u00e9rance, cl\u00f4tur\u00e9e par un go\u00fbter partag\u00e9 offert par l&rsquo;association des parents d&rsquo;\u00e9l\u00e8ves.<\/p>\n\n\n\n<figure class=\"wp-block-video\"><video height=\"1920\" style=\"aspect-ratio: 1080 \/ 1920;\" width=\"1080\" controls src=\"https:\/\/www.ecolesaintvincentdepaul-arles.fr\/wp-content\/uploads\/2025\/10\/Journee-de-la-Fraternite-et-de-lAmitie-2.mov\"><\/video><\/figure>\n\n\n\n<figure class=\"wp-block-video\"><\/figure>\n","protected":false},"excerpt":{"rendered":"<p>Donner un sens \u00e0 la notion de Fraternit\u00e9. Coop\u00e9rer pour mener \u00e0 bien un projet. Amener les \u00e9l\u00e8ves \u00e0 conna\u00eetre, comprendre, respecter les symboles de la R\u00e9publique fran\u00e7aise. Tout au long de la journ\u00e9e, des ateliers de cycle ont \u00e9t\u00e9 &hellip; <a href=\"https:\/\/www.ecolesaintvincentdepaul-arles.fr\/?p=16681\">Continuer la lecture <span class=\"meta-nav\">&rarr;<\/span><\/a><\/p>\n","protected":false},"author":13,"featured_media":0,"comment_status":"closed","ping_status":"open","sticky":false,"template":"","format":"standard","meta":{"footnotes":""},"categories":[1],"tags":[],"class_list":["post-16681","post","type-post","status-publish","format-standard","hentry","category-non-classe"],"_links":{"self":[{"href":"https:\/\/www.ecolesaintvincentdepaul-arles.fr\/index.php?rest_route=\/wp\/v2\/posts\/16681","targetHints":{"allow":["GET"]}}],"collection":[{"href":"https:\/\/www.ecolesaintvincentdepaul-arles.fr\/index.php?rest_route=\/wp\/v2\/posts"}],"about":[{"href":"https:\/\/www.ecolesaintvincentdepaul-arles.fr\/index.php?rest_route=\/wp\/v2\/types\/post"}],"author":[{"embeddable":true,"href":"https:\/\/www.ecolesaintvincentdepaul-arles.fr\/index.php?rest_route=\/wp\/v2\/users\/13"}],"replies":[{"embeddable":true,"href":"https:\/\/www.ecolesaintvincentdepaul-arles.fr\/index.php?rest_route=%2Fwp%2Fv2%2Fcomments&post=16681"}],"version-history":[{"count":2,"href":"https:\/\/www.ecolesaintvincentdepaul-arles.fr\/index.php?rest_route=\/wp\/v2\/posts\/16681\/revisions"}],"predecessor-version":[{"id":16688,"href":"https:\/\/www.ecolesaintvincentdepaul-arles.fr\/index.php?rest_route=\/wp\/v2\/posts\/16681\/revisions\/16688"}],"wp:attachment":[{"href":"https:\/\/www.ecolesaintvincentdepaul-arles.fr\/index.php?rest_route=%2Fwp%2Fv2%2Fmedia&parent=16681"}],"wp:term":[{"taxonomy":"category","embeddable":true,"href":"https:\/\/www.ecolesaintvincentdepaul-arles.fr\/index.php?rest_route=%2Fwp%2Fv2%2Fcategories&post=16681"},{"taxonomy":"post_tag","embeddable":true,"href":"https:\/\/www.ecolesaintvincentdepaul-arles.fr\/index.php?rest_route=%2Fwp%2Fv2%2Ftags&post=16681"}],"curies":[{"name":"wp","href":"https:\/\/api.w.org\/{rel}","templated":true}]}}