{"id":4409,"date":"2015-12-19T14:03:09","date_gmt":"2015-12-19T13:03:09","guid":{"rendered":"http:\/\/www.ecolesaintvincentdepaul-arles.fr\/?p=4409"},"modified":"2016-01-14T17:09:55","modified_gmt":"2016-01-14T16:09:55","slug":"voeux","status":"publish","type":"post","link":"https:\/\/www.ecolesaintvincentdepaul-arles.fr\/?p=4409","title":{"rendered":"Joyeuses f\u00eates."},"content":{"rendered":"<p><a style=\"color: #333399;\" href=\"http:\/\/www.ecolesaintvincentdepaul-arles.fr\/wp-content\/uploads\/2015\/12\/Voeux-site-2015-2016.jpg\" rel=\"attachment wp-att-4398\"><img loading=\"lazy\" decoding=\"async\" class=\"wp-image-4398 alignleft\" src=\"http:\/\/www.ecolesaintvincentdepaul-arles.fr\/wp-content\/uploads\/2015\/12\/Voeux-site-2015-2016-223x300.jpg\" alt=\"Voeux site 2015-2016\" width=\"315\" height=\"423\" \/><\/a><\/p>\n<p>&nbsp;<\/p>\n<p><span style=\"color: #0000ff;\"><em><strong>Au nom de tout le personnel de l&rsquo;\u00e9cole, je vous souhaite de passer de tr\u00e8s heureuses f\u00eates de fin d&rsquo;ann\u00e9e.<\/strong><\/em><\/span><\/p>\n<p><span style=\"color: #0000ff;\"><em><strong>Esp\u00e9rant vous retrouver repos\u00e9s le 4 janvier 2016.<\/strong><\/em><\/span><\/p>\n<p><span style=\"color: #0000ff;\"><em><strong>Cordialement \u00e0 tous.<\/strong><\/em><\/span><\/p>\n<p><span style=\"color: #0000ff;\"><em><strong>I. Fournel<\/strong><\/em><\/span><\/p>\n<p>&nbsp;<\/p>\n<p>&nbsp;<\/p>\n<p>&nbsp;<\/p>\n","protected":false},"excerpt":{"rendered":"<p>&nbsp; Au nom de tout le personnel de l&rsquo;\u00e9cole, je vous souhaite de passer de tr\u00e8s heureuses f\u00eates de fin d&rsquo;ann\u00e9e. Esp\u00e9rant vous retrouver repos\u00e9s le 4 janvier 2016. Cordialement \u00e0 tous. I. Fournel &nbsp; &nbsp; &nbsp;<\/p>\n","protected":false},"author":13,"featured_media":0,"comment_status":"closed","ping_status":"open","sticky":false,"template":"","format":"standard","meta":{"footnotes":""},"categories":[63,62,1],"tags":[],"class_list":["post-4409","post","type-post","status-publish","format-standard","hentry","category-ecole-elementaire","category-ecole-maternelle","category-non-classe"],"_links":{"self":[{"href":"https:\/\/www.ecolesaintvincentdepaul-arles.fr\/index.php?rest_route=\/wp\/v2\/posts\/4409","targetHints":{"allow":["GET"]}}],"collection":[{"href":"https:\/\/www.ecolesaintvincentdepaul-arles.fr\/index.php?rest_route=\/wp\/v2\/posts"}],"about":[{"href":"https:\/\/www.ecolesaintvincentdepaul-arles.fr\/index.php?rest_route=\/wp\/v2\/types\/post"}],"author":[{"embeddable":true,"href":"https:\/\/www.ecolesaintvincentdepaul-arles.fr\/index.php?rest_route=\/wp\/v2\/users\/13"}],"replies":[{"embeddable":true,"href":"https:\/\/www.ecolesaintvincentdepaul-arles.fr\/index.php?rest_route=%2Fwp%2Fv2%2Fcomments&post=4409"}],"version-history":[{"count":0,"href":"https:\/\/www.ecolesaintvincentdepaul-arles.fr\/index.php?rest_route=\/wp\/v2\/posts\/4409\/revisions"}],"wp:attachment":[{"href":"https:\/\/www.ecolesaintvincentdepaul-arles.fr\/index.php?rest_route=%2Fwp%2Fv2%2Fmedia&parent=4409"}],"wp:term":[{"taxonomy":"category","embeddable":true,"href":"https:\/\/www.ecolesaintvincentdepaul-arles.fr\/index.php?rest_route=%2Fwp%2Fv2%2Fcategories&post=4409"},{"taxonomy":"post_tag","embeddable":true,"href":"https:\/\/www.ecolesaintvincentdepaul-arles.fr\/index.php?rest_route=%2Fwp%2Fv2%2Ftags&post=4409"}],"curies":[{"name":"wp","href":"https:\/\/api.w.org\/{rel}","templated":true}]}}