{"id":6201,"date":"2016-10-02T10:48:46","date_gmt":"2016-10-02T08:48:46","guid":{"rendered":"http:\/\/www.ecolesaintvincentdepaul-arles.fr\/?p=6201"},"modified":"2016-10-10T16:50:41","modified_gmt":"2016-10-10T14:50:41","slug":"ce2-election-des-delegues-de-classe","status":"publish","type":"post","link":"https:\/\/www.ecolesaintvincentdepaul-arles.fr\/?p=6201","title":{"rendered":"CE2 &#8211; Election des d\u00e9l\u00e9gu\u00e9s de classe."},"content":{"rendered":"<p><a href=\"http:\/\/www.ecolesaintvincentdepaul-arles.fr\/wp-content\/uploads\/2016\/10\/urne.jpg\"><img loading=\"lazy\" decoding=\"async\" class=\"size-full wp-image-6257 alignleft\" src=\"http:\/\/www.ecolesaintvincentdepaul-arles.fr\/wp-content\/uploads\/2016\/10\/urne.jpg\" alt=\"urne\" width=\"153\" height=\"200\" \/><\/a>\u00a0\u00ab\u00a0Au mois de septembre, nous avons \u00e9lu nos d\u00e9l\u00e9gu\u00e9s de classe avec Mme DROIT. La semaine pr\u00e9c\u00e9dente, par groupes de 2, avec Mme CONTE, nous avions fait trois propositions pour prendre part \u00e0 notre vie \u00e0 l&rsquo;\u00e9cole.<\/p>\n<p>Ces propositions ont \u00e9t\u00e9 affich\u00e9es sur la porte de la classe pour\u00a0 nous aider \u00e0 faire notre choix de vote.<\/p>\n<p>Les candidats qui ont \u00e9t\u00e9 \u00e9lus sont\u00a0Lola et Jeanne. Elles devront repr\u00e9senter l&rsquo;ensemble des \u00e9l\u00e8ves de notre groupe lors de r\u00e9unions o\u00f9\u00a0 les d\u00e9l\u00e9gu\u00e9s des autres classes, des enseignantes, des membres du personnel et aussi le chef d&rsquo;\u00e9tablissement seront pr\u00e9sents\u00a0\u00bb.<\/p>\n","protected":false},"excerpt":{"rendered":"<p>\u00a0\u00ab\u00a0Au mois de septembre, nous avons \u00e9lu nos d\u00e9l\u00e9gu\u00e9s de classe avec Mme DROIT. La semaine pr\u00e9c\u00e9dente, par groupes de 2, avec Mme CONTE, nous avions fait trois propositions pour prendre part \u00e0 notre vie \u00e0 l&rsquo;\u00e9cole. Ces propositions ont &hellip; <a href=\"https:\/\/www.ecolesaintvincentdepaul-arles.fr\/?p=6201\">Continuer la lecture <span class=\"meta-nav\">&rarr;<\/span><\/a><\/p>\n","protected":false},"author":17,"featured_media":0,"comment_status":"closed","ping_status":"closed","sticky":false,"template":"","format":"standard","meta":{"footnotes":""},"categories":[19],"tags":[],"class_list":["post-6201","post","type-post","status-publish","format-standard","hentry","category-ce2"],"_links":{"self":[{"href":"https:\/\/www.ecolesaintvincentdepaul-arles.fr\/index.php?rest_route=\/wp\/v2\/posts\/6201","targetHints":{"allow":["GET"]}}],"collection":[{"href":"https:\/\/www.ecolesaintvincentdepaul-arles.fr\/index.php?rest_route=\/wp\/v2\/posts"}],"about":[{"href":"https:\/\/www.ecolesaintvincentdepaul-arles.fr\/index.php?rest_route=\/wp\/v2\/types\/post"}],"author":[{"embeddable":true,"href":"https:\/\/www.ecolesaintvincentdepaul-arles.fr\/index.php?rest_route=\/wp\/v2\/users\/17"}],"replies":[{"embeddable":true,"href":"https:\/\/www.ecolesaintvincentdepaul-arles.fr\/index.php?rest_route=%2Fwp%2Fv2%2Fcomments&post=6201"}],"version-history":[{"count":0,"href":"https:\/\/www.ecolesaintvincentdepaul-arles.fr\/index.php?rest_route=\/wp\/v2\/posts\/6201\/revisions"}],"wp:attachment":[{"href":"https:\/\/www.ecolesaintvincentdepaul-arles.fr\/index.php?rest_route=%2Fwp%2Fv2%2Fmedia&parent=6201"}],"wp:term":[{"taxonomy":"category","embeddable":true,"href":"https:\/\/www.ecolesaintvincentdepaul-arles.fr\/index.php?rest_route=%2Fwp%2Fv2%2Fcategories&post=6201"},{"taxonomy":"post_tag","embeddable":true,"href":"https:\/\/www.ecolesaintvincentdepaul-arles.fr\/index.php?rest_route=%2Fwp%2Fv2%2Ftags&post=6201"}],"curies":[{"name":"wp","href":"https:\/\/api.w.org\/{rel}","templated":true}]}}