{"id":6569,"date":"2016-12-13T05:51:50","date_gmt":"2016-12-13T04:51:50","guid":{"rendered":"http:\/\/www.ecolesaintvincentdepaul-arles.fr\/?p=6569"},"modified":"2016-12-15T16:20:09","modified_gmt":"2016-12-15T15:20:09","slug":"en-novembre-chez-les-tps-ps","status":"publish","type":"post","link":"https:\/\/www.ecolesaintvincentdepaul-arles.fr\/?p=6569","title":{"rendered":"En novembre chez les TPS-PS."},"content":{"rendered":"<ul>\n<li><strong>Le bilan de nos observations sur les escargots <\/strong><\/li>\n<\/ul>\n<p>A la rentr\u00e9e des vacances de la Toussaint, nous avons eu la surprise de voir des b\u00e9b\u00e9s <a href=\"http:\/\/www.ecolesaintvincentdepaul-arles.fr\/wp-content\/uploads\/2016\/12\/A-e1481171379939.jpg\"><img loading=\"lazy\" decoding=\"async\" class=\"size-medium wp-image-6571 alignleft\" src=\"http:\/\/www.ecolesaintvincentdepaul-arles.fr\/wp-content\/uploads\/2016\/12\/A-e1481171379939-225x300.jpg\" alt=\"\" width=\"225\" height=\"300\" \/><\/a>escargots dans le terrarium de notre classe. Depuis ils ont bien grandi.<\/p>\n<p>Gr\u00e2ce \u00e0 nos observations successives, nous avons appris le nom des diff\u00e9rentes parties du corps de l\u2019escargot, ses pr\u00e9f\u00e9rences alimentaires et son mode de d\u00e9placement\u00a0:<\/p>\n<p>Les escargots glissent, ils ont un pied et ils peuvent se d\u00e9placer partout gr\u00e2ce \u00e0 leur bave brillante. Ils portent une coquille sur le dos. Ils ont des tentacules et une bouche.<\/p>\n<p>Ils vivent dans les jardins ou dans le terrarium.<a href=\"http:\/\/www.ecolesaintvincentdepaul-arles.fr\/wp-content\/uploads\/2016\/12\/B.jpg\"><img loading=\"lazy\" decoding=\"async\" class=\"size-medium wp-image-6572 alignright\" src=\"http:\/\/www.ecolesaintvincentdepaul-arles.fr\/wp-content\/uploads\/2016\/12\/B-300x224.jpg\" alt=\"\" width=\"300\" height=\"224\" \/><\/a><\/p>\n<p>Les escargots mangent de la salade, de la carotte, des pommes et m\u00eame de la craie pour leur coquille. Mais ils n\u2019aiment pas les bonbons\u00a0!<\/p>\n<p>Pour cl\u00f4turer notre d\u00e9couverte sur les escargots, une activit\u00e9 de motricit\u00e9 fine nous a permis de r\u00e9aliser un petit escargot en p\u00e2te \u00e0 modeler \u00e0 ramener \u00e0 la maison.<\/p>\n<p>&nbsp;<\/p>\n<ul>\n<li><strong>Nos activit\u00e9s en lien avec les apprentissages\u00a0<\/strong><\/li>\n<li><strong>hors les mur : <\/strong><\/li>\n<\/ul>\n<p><a href=\"http:\/\/www.ecolesaintvincentdepaul-arles.fr\/wp-content\/uploads\/2016\/12\/C-1.jpg\"><img loading=\"lazy\" decoding=\"async\" class=\"size-medium wp-image-6642 alignright\" src=\"http:\/\/www.ecolesaintvincentdepaul-arles.fr\/wp-content\/uploads\/2016\/12\/C-1-300x226.jpg\" alt=\"\" width=\"300\" height=\"226\" \/><\/a>Jeudi 24 novembre, nous nous sommes rendus au cin\u00e9ma Actes Sud pour assister au\u00a0 visionnage des courts m\u00e9trages \u00e9voquant les \u00e9motions. Pour garder la trace,\u00a0 une dict\u00e9e \u00e0 l&rsquo;adulte nous a permis de\u00a0 raconter les diff\u00e9rentes situations v\u00e9cues par les personnages.<\/p>\n<p><a href=\"http:\/\/www.ecolesaintvincentdepaul-arles.fr\/wp-content\/uploads\/2016\/12\/D-e1481130244202.jpg\"><img loading=\"lazy\" decoding=\"async\" class=\"size-medium wp-image-6641 alignleft\" src=\"http:\/\/www.ecolesaintvincentdepaul-arles.fr\/wp-content\/uploads\/2016\/12\/D-e1481130244202-226x300.jpg\" alt=\"\" width=\"226\" height=\"300\" \/><\/a><\/p>\n<p>&nbsp;<\/p>\n<p>&nbsp;<\/p>\n<p>Vendredi 25 novembre, nous nous sommes d\u00e9plac\u00e9s\u00a0 \u00e0 la fondation Van Gogh pour y rencontrer les \u0153uvres pr\u00e9sent\u00e9es. \u00ab\u00a0Nous avons vu la pluie avec ses gouttes color\u00e9es, un tableau de Vincent Van Gogh qui ressemblait \u00e0 une for\u00eat. A l\u2019\u00e9tage, nous avons pu observer une grande peinture avec des cochons, des souris, des fromages et un four \u00bb.<\/p>\n<p>&nbsp;<\/p>\n<p>&nbsp;<\/p>\n<ul>\n<li><strong>Notre travail sur la verticalit\u00e9<\/strong><\/li>\n<\/ul>\n<p>Entre graphisme et arts, les \u00e9l\u00e8ves ont pu exp\u00e9rimenter plusieurs mani\u00e8res de laisser des traces verticales\u00a0:<\/p>\n<p>Sur la piste graphique, sur du papier d\u2019aluminium ou encore en utilisant le processus de cr\u00e9ation de Gerhart Richter par la peinture \u00e0 la spatule.<\/p>\n<p><a href=\"http:\/\/www.ecolesaintvincentdepaul-arles.fr\/wp-content\/uploads\/2016\/12\/E-e1481129711594.jpg\"><img loading=\"lazy\" decoding=\"async\" class=\"alignnone size-medium wp-image-6632\" src=\"http:\/\/www.ecolesaintvincentdepaul-arles.fr\/wp-content\/uploads\/2016\/12\/E-e1481129711594-225x300.jpg\" alt=\"\" width=\"225\" height=\"300\" \/><\/a> <a href=\"http:\/\/www.ecolesaintvincentdepaul-arles.fr\/wp-content\/uploads\/2016\/12\/F-e1481129965125.jpg\"><img loading=\"lazy\" decoding=\"async\" class=\"size-medium wp-image-6633 alignright\" src=\"http:\/\/www.ecolesaintvincentdepaul-arles.fr\/wp-content\/uploads\/2016\/12\/F-e1481129965125-226x300.jpg\" alt=\"\" width=\"226\" height=\"300\" \/><\/a><\/p>\n<p><strong>\u00a0<\/strong><\/p>\n<ul>\n<li><strong>Nos ateliers<\/strong><\/li>\n<\/ul>\n<div id=\"attachment_6634\" style=\"width: 236px\" class=\"wp-caption alignleft\"><a href=\"http:\/\/www.ecolesaintvincentdepaul-arles.fr\/wp-content\/uploads\/2016\/12\/G-e1481129989956.jpg\"><img loading=\"lazy\" decoding=\"async\" aria-describedby=\"caption-attachment-6634\" class=\"size-medium wp-image-6634\" src=\"http:\/\/www.ecolesaintvincentdepaul-arles.fr\/wp-content\/uploads\/2016\/12\/G-e1481129989956-226x300.jpg\" alt=\"\" width=\"226\" height=\"300\" \/><\/a><p id=\"caption-attachment-6634\" class=\"wp-caption-text\">Les perles \u00e0 enfiler<\/p><\/div>\n<div id=\"attachment_6637\" style=\"width: 236px\" class=\"wp-caption alignright\"><a href=\"http:\/\/www.ecolesaintvincentdepaul-arles.fr\/wp-content\/uploads\/2016\/12\/I-e1481130031977.jpg\"><img loading=\"lazy\" decoding=\"async\" aria-describedby=\"caption-attachment-6637\" class=\"size-medium wp-image-6637\" src=\"http:\/\/www.ecolesaintvincentdepaul-arles.fr\/wp-content\/uploads\/2016\/12\/I-e1481130031977-226x300.jpg\" alt=\"\" width=\"226\" height=\"300\" \/><\/a><p id=\"caption-attachment-6637\" class=\"wp-caption-text\">La p\u00e2te \u00e0 modeler :<br \/>Mod\u00e8les graphiques \u00e0 reproduire<\/p><\/div>\n<p><strong>\u00a0\u00a0\u00a0\u00a0\u00a0\u00a0 \u00a0\u00a0\u00a0\u00a0\u00a0\u00a0\u00a0\u00a0\u00a0\u00a0\u00a0\u00a0\u00a0\u00a0\u00a0\u00a0\u00a0\u00a0\u00a0\u00a0\u00a0\u00a0\u00a0\u00a0\u00a0\u00a0\u00a0\u00a0\u00a0\u00a0\u00a0\u00a0\u00a0\u00a0\u00a0\u00a0\u00a0\u00a0\u00a0\u00a0\u00a0 \u00a0\u00a0\u00a0\u00a0\u00a0\u00a0\u00a0\u00a0\u00a0\u00a0\u00a0<\/strong><\/p>\n<div id=\"attachment_6635\" style=\"width: 235px\" class=\"wp-caption alignleft\"><a href=\"http:\/\/www.ecolesaintvincentdepaul-arles.fr\/wp-content\/uploads\/2016\/12\/H-e1481130010532.jpg\"><img loading=\"lazy\" decoding=\"async\" aria-describedby=\"caption-attachment-6635\" class=\"size-medium wp-image-6635\" src=\"http:\/\/www.ecolesaintvincentdepaul-arles.fr\/wp-content\/uploads\/2016\/12\/H-e1481130010532-225x300.jpg\" alt=\"\" width=\"225\" height=\"300\" \/><\/a><p id=\"caption-attachment-6635\" class=\"wp-caption-text\">Les pinces \u00e0 linge \u00e0 positionner<\/p><\/div>\n<div id=\"attachment_6638\" style=\"width: 236px\" class=\"wp-caption alignright\"><a href=\"http:\/\/www.ecolesaintvincentdepaul-arles.fr\/wp-content\/uploads\/2016\/12\/J-e1481130052442.jpg\"><img loading=\"lazy\" decoding=\"async\" aria-describedby=\"caption-attachment-6638\" class=\"size-medium wp-image-6638\" src=\"http:\/\/www.ecolesaintvincentdepaul-arles.fr\/wp-content\/uploads\/2016\/12\/J-e1481130052442-226x300.jpg\" alt=\"\" width=\"226\" height=\"300\" \/><\/a><p id=\"caption-attachment-6638\" class=\"wp-caption-text\">Les abaques : tri de couleurs<\/p><\/div>\n<p><strong>\u00a0<\/strong><\/p>\n<p><strong>\u00a0<\/strong><\/p>\n<p><strong>\u00a0<\/strong><\/p>\n<p><strong>\u00a0<\/strong><\/p>\n<p><strong>\u00a0<\/strong><\/p>\n<p>&nbsp;<\/p>\n<p>&nbsp;<\/p>\n<p>&nbsp;<\/p>\n<p>&nbsp;<\/p>\n<p><strong>\u00a0<\/strong><\/p>\n<ul>\n<li><strong>Notre projet d\u2019ann\u00e9e\u00a0: les cr\u00e9atures en\u00a0 litt\u00e9rature <\/strong><\/li>\n<\/ul>\n<p>Dans le cadre de notre projet d\u2019ann\u00e9e,\u00a0 nous avons commenc\u00e9 la lecture de l\u2019album \u00ab\u00a0Gruffalo\u00bb de Julia Donaldson.<\/p>\n<p>Ce livre nous a permis de faire \u00e9merger par le langage, ce qu\u2019\u00e9tait la peur et de quoi on pouvait avoir peur. Nous avons fait la diff\u00e9rence entre ce qui existe et ce qui n\u2019existe pas. Les \u00e9l\u00e8ves ont \u00e9galement pu proposer des moyens pour ne plus avoir peur et ont list\u00e9 les bruits inqui\u00e9tants. Nous poursuivrons cette exploration \u00e0 la rentr\u00e9e de janvier.<\/p>\n<ul>\n<li><strong>Comp\u00e9tence travaill\u00e9e en motricit\u00e9\u00a0: <\/strong><\/li>\n<\/ul>\n<p>Adapter ses d\u00e9placements \u00e0 diff\u00e9rents types d\u2019environnement<\/p>\n<p>&#8211; Se d\u00e9placer en rampant comme un escargot; grimper sur du gros mat\u00e9riel.<\/p>\n<p><a href=\"http:\/\/www.ecolesaintvincentdepaul-arles.fr\/wp-content\/uploads\/2016\/12\/K-1-e1481130844764.jpg\"><img loading=\"lazy\" decoding=\"async\" class=\"alignnone size-medium wp-image-6643\" src=\"http:\/\/www.ecolesaintvincentdepaul-arles.fr\/wp-content\/uploads\/2016\/12\/K-1-e1481130844764-225x300.jpg\" alt=\"\" width=\"225\" height=\"300\" \/><\/a> <a href=\"http:\/\/www.ecolesaintvincentdepaul-arles.fr\/wp-content\/uploads\/2016\/12\/L-e1481130123885.jpg\"><img loading=\"lazy\" decoding=\"async\" class=\"size-medium wp-image-6640 alignright\" src=\"http:\/\/www.ecolesaintvincentdepaul-arles.fr\/wp-content\/uploads\/2016\/12\/L-e1481130123885-225x300.jpg\" alt=\"\" width=\"225\" height=\"300\" \/><\/a><\/p>\n<p><strong><u>A suivre \u2026..<\/u><\/strong><\/p>\n<ul>\n<li>Les ateliers de No\u00ebl<\/li>\n<\/ul>\n","protected":false},"excerpt":{"rendered":"<p>Le bilan de nos observations sur les escargots A la rentr\u00e9e des vacances de la Toussaint, nous avons eu la surprise de voir des b\u00e9b\u00e9s escargots dans le terrarium de notre classe. Depuis ils ont bien grandi. Gr\u00e2ce \u00e0 nos &hellip; <a href=\"https:\/\/www.ecolesaintvincentdepaul-arles.fr\/?p=6569\">Continuer la lecture <span class=\"meta-nav\">&rarr;<\/span><\/a><\/p>\n","protected":false},"author":8,"featured_media":0,"comment_status":"closed","ping_status":"closed","sticky":false,"template":"","format":"standard","meta":{"footnotes":""},"categories":[62,3],"tags":[],"class_list":["post-6569","post","type-post","status-publish","format-standard","hentry","category-ecole-maternelle","category-petite_section"],"_links":{"self":[{"href":"https:\/\/www.ecolesaintvincentdepaul-arles.fr\/index.php?rest_route=\/wp\/v2\/posts\/6569","targetHints":{"allow":["GET"]}}],"collection":[{"href":"https:\/\/www.ecolesaintvincentdepaul-arles.fr\/index.php?rest_route=\/wp\/v2\/posts"}],"about":[{"href":"https:\/\/www.ecolesaintvincentdepaul-arles.fr\/index.php?rest_route=\/wp\/v2\/types\/post"}],"author":[{"embeddable":true,"href":"https:\/\/www.ecolesaintvincentdepaul-arles.fr\/index.php?rest_route=\/wp\/v2\/users\/8"}],"replies":[{"embeddable":true,"href":"https:\/\/www.ecolesaintvincentdepaul-arles.fr\/index.php?rest_route=%2Fwp%2Fv2%2Fcomments&post=6569"}],"version-history":[{"count":0,"href":"https:\/\/www.ecolesaintvincentdepaul-arles.fr\/index.php?rest_route=\/wp\/v2\/posts\/6569\/revisions"}],"wp:attachment":[{"href":"https:\/\/www.ecolesaintvincentdepaul-arles.fr\/index.php?rest_route=%2Fwp%2Fv2%2Fmedia&parent=6569"}],"wp:term":[{"taxonomy":"category","embeddable":true,"href":"https:\/\/www.ecolesaintvincentdepaul-arles.fr\/index.php?rest_route=%2Fwp%2Fv2%2Fcategories&post=6569"},{"taxonomy":"post_tag","embeddable":true,"href":"https:\/\/www.ecolesaintvincentdepaul-arles.fr\/index.php?rest_route=%2Fwp%2Fv2%2Ftags&post=6569"}],"curies":[{"name":"wp","href":"https:\/\/api.w.org\/{rel}","templated":true}]}}