{"id":6754,"date":"2016-12-13T17:01:04","date_gmt":"2016-12-13T16:01:04","guid":{"rendered":"http:\/\/www.ecolesaintvincentdepaul-arles.fr\/?p=6754"},"modified":"2016-12-16T05:57:20","modified_gmt":"2016-12-16T04:57:20","slug":"deuxieme-periode-en-cm1cm2","status":"publish","type":"post","link":"https:\/\/www.ecolesaintvincentdepaul-arles.fr\/?p=6754","title":{"rendered":"Deuxi\u00e8me p\u00e9riode en CM1\/CM2."},"content":{"rendered":"<p align=\"justify\"><u><b>A la d\u00e9couverte de la litt\u00e9rature&#8230;<\/b><\/u><\/p>\n<p align=\"justify\">Lors de la premi\u00e8re p\u00e9riode, un questionnement a \u00e9t\u00e9 men\u00e9 sur la posture de lecteur. Pourquoi lisons-nous\u00a0? Quels sont nos droits de lecteur ?<\/p>\n<p align=\"justify\">Ces interrogations ont\u00a0 \u00e9t\u00e9 nourries par des \u0153uvres litt\u00e9raires, et notamment : <i>La mouche qui lit, <\/i>de P. Sim\u00e9on.<\/p>\n<p align=\"justify\"><a href=\"http:\/\/www.ecolesaintvincentdepaul-arles.fr\/wp-content\/uploads\/2016\/12\/cma-1.jpg\"><img loading=\"lazy\" decoding=\"async\" class=\"size-medium wp-image-6756 alignleft\" src=\"http:\/\/www.ecolesaintvincentdepaul-arles.fr\/wp-content\/uploads\/2016\/12\/cma-1-232x300.jpg\" alt=\"\" width=\"232\" height=\"300\" \/><\/a>Cet ouvrage est un album qui propose des extraits de textes issus de nombreux genres litt\u00e9raires. Ces histoires nous sont donn\u00e9es \u00e0 lire par l&rsquo;interm\u00e9diaire d&rsquo;une petite mouche, qui se prom\u00e8ne de lecteur en lecteur.<\/p>\n<p align=\"justify\">Il est ainsi apparu que chacun a acc\u00e8s \u00e0 une grande vari\u00e9t\u00e9 de textes.<\/p>\n<p align=\"justify\">Cette r\u00e9flexion a \u00e9t\u00e9 \u00e9galement \u00e9tay\u00e9e par l&rsquo;ouvrage <i>Les droits du lecteur,<\/i> propos\u00e9 par l&rsquo;auteur Daniel Pennac. La d\u00e9couverte de ce dernier a permis aux \u00e9l\u00e8ves de partager leurs pratiques de lecture et de prendre conscience qu&rsquo;il s&rsquo;agit d&rsquo;une activit\u00e9 spontan\u00e9e et libre.<\/p>\n<p align=\"justify\">Pour continuer notre cheminement, deux niveaux de lecture ont \u00e9t\u00e9 \u00e9claircis\u00a0: l&rsquo;implicite et l&rsquo;explicite. Les \u00e9l\u00e8ves font d\u00e9sormais\u00a0la diff\u00e9rence entre : ce qui est \u00e9crit explicitement, et ce qui est dit entre les lignes. Cela a ainsi mis en exergue le r\u00f4le de nos connaissances sur le monde, de m\u00eame que l\u2019importance de nos interpr\u00e9tations.<\/p>\n<p align=\"justify\">Pour la deuxi\u00e8me p\u00e9riode, les \u00e9l\u00e8ves ont pu analyser un personnage incontournable du monde litt\u00e9raire\u00a0: le loup. Des lectures en r\u00e9seau ont ainsi permis d\u2019interroger le st\u00e9r\u00e9otype de ce personnage et de le comparer \u00e0 des reprises plus \u00e9loign\u00e9es. Le tout avait pour objectif d\u2019apprendre \u00e0 faire des liens, des connexions entre\u00a0: \u00ab\u00a0ce que j\u2019ai lu, ce que je lis et ce que je connais\u00a0\u00bb.<\/p>\n<p align=\"justify\">Par ailleurs, les \u00e9l\u00e8ves ont la possibilit\u00e9 de d\u00e9battre lors des s\u00e9ances litt\u00e9raires. Apprendre \u00e0 argumenter, expliciter sa pens\u00e9e, accepter le point de vue des autres, est un travail complexe qui s\u2019inscrit pleinement dans les exigences des programmes d\u2019aujourd\u2019hui. Les enfants prennent ainsi l\u2019habitude de se questionner et de confronter leurs interpr\u00e9tations. L\u2019enseignant s\u2019efface alors peu \u00e0 peu, et devient un m\u00e9diateur.<\/p>\n<p align=\"justify\"><a href=\"http:\/\/www.ecolesaintvincentdepaul-arles.fr\/wp-content\/uploads\/2016\/12\/cmb-1.jpg\"><img loading=\"lazy\" decoding=\"async\" class=\"alignnone wp-image-6757\" src=\"http:\/\/www.ecolesaintvincentdepaul-arles.fr\/wp-content\/uploads\/2016\/12\/cmb-1-300x235.jpg\" alt=\"\" width=\"256\" height=\"201\" \/> <\/a><a href=\"http:\/\/www.ecolesaintvincentdepaul-arles.fr\/wp-content\/uploads\/2016\/12\/cmc-1.jpg\"><img loading=\"lazy\" decoding=\"async\" class=\"alignnone wp-image-6758\" src=\"http:\/\/www.ecolesaintvincentdepaul-arles.fr\/wp-content\/uploads\/2016\/12\/cmc-1-212x300.jpg\" alt=\"\" width=\"143\" height=\"202\" \/> <\/a><a href=\"http:\/\/www.ecolesaintvincentdepaul-arles.fr\/wp-content\/uploads\/2016\/12\/cmd-2.jpg\"><img loading=\"lazy\" decoding=\"async\" class=\"alignnone wp-image-6763\" src=\"http:\/\/www.ecolesaintvincentdepaul-arles.fr\/wp-content\/uploads\/2016\/12\/cmd-2-188x300.jpg\" alt=\"\" width=\"126\" height=\"201\" \/><\/a><\/p>\n<p align=\"justify\"><u><b>Donner du sens \u00e0 la g\u00e9om\u00e9trie<\/b><\/u><\/p>\n<p align=\"justify\">La g\u00e9om\u00e9trie est un domaine d\u2019enseignement o\u00f9 les \u00e9l\u00e8ves \u00e9prouvent des difficult\u00e9s,\u00a0\u00a0 ne\u00a0 per\u00e7oivent pas toujours le sens. Pour y rem\u00e9dier, la d\u00e9marche p\u00e9dagogique mise en \u0153uvre\u00a0 a vis\u00e9 \u00e0 relier g\u00e9om\u00e9trie, arts et vie quotidienne. Les \u00e9l\u00e8ves ont de ce fait mis leurs connaissances sur les notions de parall\u00e9lisme et de perpendicularit\u00e9 au service d\u2019une production plastique inspir\u00e9e de l\u2019\u0153uvre de Piet Mondrian. Ils ont \u00e9galement d\u00e9couvert que les triangles avaient une utilit\u00e9 architecturale dans la vie quotidienne dans la mesure o\u00f9 ils sont plus r\u00e9sistants que les carr\u00e9s par exemple.<\/p>\n<p align=\"justify\"><a href=\"http:\/\/www.ecolesaintvincentdepaul-arles.fr\/wp-content\/uploads\/2016\/12\/cme.jpg\"><img loading=\"lazy\" decoding=\"async\" class=\"size-medium wp-image-6760 aligncenter\" src=\"http:\/\/www.ecolesaintvincentdepaul-arles.fr\/wp-content\/uploads\/2016\/12\/cme-300x169.jpg\" alt=\"\" width=\"300\" height=\"169\" \/><\/a><\/p>\n<p align=\"justify\"><u><b>Coop\u00e9rons <\/b><\/u><\/p>\n<p align=\"justify\">Une dynamique de coop\u00e9ration entre pairs a \u00e9t\u00e9 impuls\u00e9e depuis le d\u00e9but de l\u2019ann\u00e9e scolaire. Cette d\u00e9marche p\u00e9dagogique sollicite les comp\u00e9tences relationnelles, civiques. Les \u00e9l\u00e8ves apprennent \u00e0 collaborer et d\u00e9couvrent diff\u00e9rentes fa\u00e7ons de penser. La p\u00e9dagogie coop\u00e9rative favorise un r\u00e9seau d\u2019\u00e9changes au sein de la classe et donne plus de sens aux apprentissages. Au d\u00e9but de l\u2019ann\u00e9e scolaire, des jeux coop\u00e9ratifs en Education Physique et Sportive ont \u00e9t\u00e9 men\u00e9s. Ils avaient pour objectif de cr\u00e9er un climat de confiance et de renforcer les liens entre les enfants. Dans les autres domaines scolaires, les \u00e9l\u00e8ves ont appris \u00e0 s\u2019entraider, ils ont cr\u00e9\u00e9 des histoires \u00e0 plusieurs, particip\u00e9 \u00e0 des travaux de recherche ainsi qu\u2019\u00e0 des \u00e9changes litt\u00e9raires (partage de lectures et d\u00e9bat). Pour la suite de l\u2019ann\u00e9e, les dispositifs coop\u00e9ratifs seront approfondis et une r\u00e9flexion plus explicite avec les enfants sera men\u00e9e.<\/p>\n<p align=\"justify\"><u><b>A venir<\/b><\/u><\/p>\n<p align=\"justify\"><a href=\"http:\/\/www.ecolesaintvincentdepaul-arles.fr\/wp-content\/uploads\/2016\/12\/cmf.jpg\"><img loading=\"lazy\" decoding=\"async\" class=\"size-medium wp-image-6761 aligncenter\" src=\"http:\/\/www.ecolesaintvincentdepaul-arles.fr\/wp-content\/uploads\/2016\/12\/cmf-300x225.jpg\" alt=\"\" width=\"300\" height=\"225\" \/><\/a><\/p>\n<p align=\"justify\">Les \u00e9l\u00e8ves de CM1-CM2 ont eu la chance d\u2019aller d\u00e9couvrir l\u2019exposition \u00ab\u00a0Mon cher\u2026\u00a0\u00bb de la fondation Van Gogh le 29 novembre dernier. Cette visite avait pour objectif d\u2019observer et\u00a0 d&rsquo;analyser l\u2019\u0153uvre d\u2019un artiste\u00a0: Urs Fischer. Un projet interdisciplinaire a alors \u00e9t\u00e9 initi\u00e9. Il a pour but d\u2019exploiter cette exposition en d\u00e9veloppant la cr\u00e9ativit\u00e9 artistique des \u00e9l\u00e8ves, mais aussi de travailler leurs comp\u00e9tences en r\u00e9daction. Les \u00e9l\u00e8ves se sont vus attribuer deux t\u00e2ches\u00a0: la premi\u00e8re, \u00e9crire le compte-rendu de l\u2019exposition, la seconde, cr\u00e9er une production plastique en lien avec le travail d\u2019Urs Fischer (et ce, sans aucun mat\u00e9riel impos\u00e9). Ce projet sollicite \u00e9galement la coop\u00e9ration entre les enfants puisque les r\u00e9alisations se font \u00e0 plusieurs.<\/p>\n","protected":false},"excerpt":{"rendered":"<p>A la d\u00e9couverte de la litt\u00e9rature&#8230; Lors de la premi\u00e8re p\u00e9riode, un questionnement a \u00e9t\u00e9 men\u00e9 sur la posture de lecteur. Pourquoi lisons-nous\u00a0? Quels sont nos droits de lecteur ? Ces interrogations ont\u00a0 \u00e9t\u00e9 nourries par des \u0153uvres litt\u00e9raires, et &hellip; <a href=\"https:\/\/www.ecolesaintvincentdepaul-arles.fr\/?p=6754\">Continuer la lecture <span class=\"meta-nav\">&rarr;<\/span><\/a><\/p>\n","protected":false},"author":21,"featured_media":0,"comment_status":"closed","ping_status":"closed","sticky":false,"template":"","format":"standard","meta":{"footnotes":""},"categories":[22,63],"tags":[],"class_list":["post-6754","post","type-post","status-publish","format-standard","hentry","category-cm1_cm2","category-ecole-elementaire"],"_links":{"self":[{"href":"https:\/\/www.ecolesaintvincentdepaul-arles.fr\/index.php?rest_route=\/wp\/v2\/posts\/6754","targetHints":{"allow":["GET"]}}],"collection":[{"href":"https:\/\/www.ecolesaintvincentdepaul-arles.fr\/index.php?rest_route=\/wp\/v2\/posts"}],"about":[{"href":"https:\/\/www.ecolesaintvincentdepaul-arles.fr\/index.php?rest_route=\/wp\/v2\/types\/post"}],"author":[{"embeddable":true,"href":"https:\/\/www.ecolesaintvincentdepaul-arles.fr\/index.php?rest_route=\/wp\/v2\/users\/21"}],"replies":[{"embeddable":true,"href":"https:\/\/www.ecolesaintvincentdepaul-arles.fr\/index.php?rest_route=%2Fwp%2Fv2%2Fcomments&post=6754"}],"version-history":[{"count":0,"href":"https:\/\/www.ecolesaintvincentdepaul-arles.fr\/index.php?rest_route=\/wp\/v2\/posts\/6754\/revisions"}],"wp:attachment":[{"href":"https:\/\/www.ecolesaintvincentdepaul-arles.fr\/index.php?rest_route=%2Fwp%2Fv2%2Fmedia&parent=6754"}],"wp:term":[{"taxonomy":"category","embeddable":true,"href":"https:\/\/www.ecolesaintvincentdepaul-arles.fr\/index.php?rest_route=%2Fwp%2Fv2%2Fcategories&post=6754"},{"taxonomy":"post_tag","embeddable":true,"href":"https:\/\/www.ecolesaintvincentdepaul-arles.fr\/index.php?rest_route=%2Fwp%2Fv2%2Ftags&post=6754"}],"curies":[{"name":"wp","href":"https:\/\/api.w.org\/{rel}","templated":true}]}}