{"id":6946,"date":"2017-01-23T07:35:01","date_gmt":"2017-01-23T06:35:01","guid":{"rendered":"http:\/\/www.ecolesaintvincentdepaul-arles.fr\/?p=6946"},"modified":"2017-01-27T05:50:16","modified_gmt":"2017-01-27T04:50:16","slug":"cm1cm2-une-apres-midi-a-la-fondation-van-gogh","status":"publish","type":"post","link":"https:\/\/www.ecolesaintvincentdepaul-arles.fr\/?p=6946","title":{"rendered":"(CM1\/CM2) Une apr\u00e8s-midi \u00e0 la fondation Van-Gogh."},"content":{"rendered":"<p>Le mardi 29 novembre, nous sommes all\u00e9s \u00e0 la fondation Van Gogh pour visiter l\u2019exposition d\u2019Urs Fisher. Tout d\u2019abord, nous avons rencontr\u00e9 Marion, une m\u00e9diatrice qui \u00e9tait charg\u00e9e de nous expliquer le fonctionnement et le sens des \u0153uvres. Nous sommes alors mont\u00e9s \u00e0 l\u2019\u00e9tage o\u00f9 nous nous sommes install\u00e9s pour que Marion nous explique le travail de Urs Fischer.<\/p>\n<p>Ce dernier est un artiste suisse de 43 ans qui a travaill\u00e9 aux Etats-Unis. Il pratique plusieurs techniques\u00a0: sculpture, peinture, trompe l\u2019\u0153il\u2026. C\u2019est un plasticien qui utilise souvent le bronze comme mat\u00e9riau de cr\u00e9ation.<\/p>\n<p>La premi\u00e8re \u0153uvre que nous avons d\u00e9couverte \u00e9tait une sculpture en bronze inspir\u00e9e du tableau \u00ab\u00a0La C\u00e8ne\u00a0\u00bb. Elle s\u2019appelait <em>The Last Supper<\/em> et repr\u00e9sentait le dernier repas de J\u00e9sus \u00ab\u00a0mais en plus moderne, plus dr\u00f4le\u00a0\u00bb et avec des aliments de nos jours\u00a0: pizza, frites de MacDonald\u2019s, poulet r\u00f4ti, raisins.<\/p>\n<p>Dans un second temps, nous sommes entr\u00e9s dans une salle o\u00f9 nous avons d\u00e9couvert une installation* dans laquelle des gouttes \u00e9taient suspendues au plafond par des fils transparents presque invisibles \u00e0 l\u2019\u0153il nu. Elles nous donnaient l\u2019impression que le temps \u00e9tait arr\u00eat\u00e9. Cette \u0153uvre avait pour titre <em>Melodrama<\/em>. Les gouttes \u00e9taient de 30 couleurs diff\u00e9rentes, en tout il y en avait 3000.<\/p>\n<p>Dans la m\u00eame salle, il y avait des sculptures de femmes d\u00e9nud\u00e9es sur un canap\u00e9, elles avaient de la peinture \u00e0 l\u2019huile sur elles, pas encore s\u00e8che. Les sculptures donnaient l\u2019impression qu\u2019elles n\u2019\u00e9taient pas termin\u00e9es et elles n\u2019avaient pas de nom.<\/p>\n<p>Ensuite, Marion nous a montr\u00e9 un tableau de Vincent Van Gogh\u00a0: <em>Sous bois<\/em>, qui a \u00e9t\u00e9 fait \u00e0 St R\u00e9my de Provence.<\/p>\n<p>Suite \u00e0 cela, nous avons vu une nouvelle \u0153uvre qui se nommait <em>Invisible Mother<\/em>. Cette sculpture \u00e9tait faite enti\u00e8rement de bronze et il y avait un squelette couch\u00e9 sur une chaise dans une grande vasque remplie d\u2019eau.<\/p>\n<p>Nous sommes enfin entr\u00e9s dans une autre salle, avec du papier peint recouvert de t\u00e2ches de peinture. Plusieurs petits personnages \u00e9tranges \u00e9taient dessin\u00e9s sur le mur. Un micro-onde \u00e9tait plac\u00e9 au centre de la pi\u00e8ce, il r\u00e9chauffait des morceaux de bacon, du coup on en sentait l\u2019odeur.<\/p>\n<p>C\u2019est l\u00e0 que s\u2019ach\u00e8ve notre visite \u00e0 la fondation Van Gogh.<\/p>\n<p>Nous avons trouv\u00e9 cette exposition \u00ab\u00a0g\u00e9niale\u00a0\u00bb, nous vous la conseillons fortement.<\/p>\n<p><strong>\u00a0<\/strong><em>* Une installation et une sculpture sont deux choses diff\u00e9rentes\u00a0: une installation s\u2019adapte au lieu alors qu\u2019une sculpture non.<\/em><\/p>\n<p>Ce compte-rendu a \u00e9t\u00e9 r\u00e9alis\u00e9 par les \u00e9l\u00e8ves de la classe. Nous vous pr\u00e9sentons maintenant des productions plastiques produites par nous aussi. Chacune est inspir\u00e9e d\u2019une ou plusieurs \u0153uvres d\u2019Urs Fischer.<\/p>\n<p><a href=\"http:\/\/www.ecolesaintvincentdepaul-arles.fr\/wp-content\/uploads\/2017\/01\/1A.jpg\"><img loading=\"lazy\" decoding=\"async\" class=\"alignnone size-medium wp-image-6948\" src=\"http:\/\/www.ecolesaintvincentdepaul-arles.fr\/wp-content\/uploads\/2017\/01\/1A-300x169.jpg\" alt=\"\" width=\"300\" height=\"169\" \/><\/a> <a href=\"http:\/\/www.ecolesaintvincentdepaul-arles.fr\/wp-content\/uploads\/2017\/01\/1B.jpg\"><img loading=\"lazy\" decoding=\"async\" class=\"alignnone size-medium wp-image-6949\" src=\"http:\/\/www.ecolesaintvincentdepaul-arles.fr\/wp-content\/uploads\/2017\/01\/1B-300x169.jpg\" alt=\"\" width=\"300\" height=\"169\" \/><\/a><\/p>\n<p><a href=\"http:\/\/www.ecolesaintvincentdepaul-arles.fr\/wp-content\/uploads\/2017\/01\/1C.jpg\"><img loading=\"lazy\" decoding=\"async\" class=\"alignnone size-medium wp-image-6950\" src=\"http:\/\/www.ecolesaintvincentdepaul-arles.fr\/wp-content\/uploads\/2017\/01\/1C-300x169.jpg\" alt=\"\" width=\"300\" height=\"169\" \/><\/a> <a href=\"http:\/\/www.ecolesaintvincentdepaul-arles.fr\/wp-content\/uploads\/2017\/01\/1D.jpg\"><img loading=\"lazy\" decoding=\"async\" class=\"alignnone size-medium wp-image-6951\" src=\"http:\/\/www.ecolesaintvincentdepaul-arles.fr\/wp-content\/uploads\/2017\/01\/1D-300x169.jpg\" alt=\"\" width=\"300\" height=\"169\" \/><\/a><\/p>\n<p><a href=\"http:\/\/www.ecolesaintvincentdepaul-arles.fr\/wp-content\/uploads\/2017\/01\/1E.jpg\"><img loading=\"lazy\" decoding=\"async\" class=\"alignnone size-medium wp-image-6952\" src=\"http:\/\/www.ecolesaintvincentdepaul-arles.fr\/wp-content\/uploads\/2017\/01\/1E-300x169.jpg\" alt=\"\" width=\"300\" height=\"169\" \/><\/a> <a href=\"http:\/\/www.ecolesaintvincentdepaul-arles.fr\/wp-content\/uploads\/2017\/01\/1F.jpg\"><img loading=\"lazy\" decoding=\"async\" class=\"alignnone size-medium wp-image-6953\" src=\"http:\/\/www.ecolesaintvincentdepaul-arles.fr\/wp-content\/uploads\/2017\/01\/1F-300x169.jpg\" alt=\"\" width=\"300\" height=\"169\" \/><\/a><\/p>\n<p><a href=\"http:\/\/www.ecolesaintvincentdepaul-arles.fr\/wp-content\/uploads\/2017\/01\/1G.jpg\"><img loading=\"lazy\" decoding=\"async\" class=\"size-medium wp-image-6954 aligncenter\" src=\"http:\/\/www.ecolesaintvincentdepaul-arles.fr\/wp-content\/uploads\/2017\/01\/1G-169x300.jpg\" alt=\"\" width=\"169\" height=\"300\" \/><\/a><\/p>\n<p>&nbsp;<\/p>\n","protected":false},"excerpt":{"rendered":"<p>Le mardi 29 novembre, nous sommes all\u00e9s \u00e0 la fondation Van Gogh pour visiter l\u2019exposition d\u2019Urs Fisher. Tout d\u2019abord, nous avons rencontr\u00e9 Marion, une m\u00e9diatrice qui \u00e9tait charg\u00e9e de nous expliquer le fonctionnement et le sens des \u0153uvres. Nous sommes &hellip; <a href=\"https:\/\/www.ecolesaintvincentdepaul-arles.fr\/?p=6946\">Continuer la lecture <span class=\"meta-nav\">&rarr;<\/span><\/a><\/p>\n","protected":false},"author":21,"featured_media":0,"comment_status":"closed","ping_status":"closed","sticky":false,"template":"","format":"standard","meta":{"footnotes":""},"categories":[22,63],"tags":[],"class_list":["post-6946","post","type-post","status-publish","format-standard","hentry","category-cm1_cm2","category-ecole-elementaire"],"_links":{"self":[{"href":"https:\/\/www.ecolesaintvincentdepaul-arles.fr\/index.php?rest_route=\/wp\/v2\/posts\/6946","targetHints":{"allow":["GET"]}}],"collection":[{"href":"https:\/\/www.ecolesaintvincentdepaul-arles.fr\/index.php?rest_route=\/wp\/v2\/posts"}],"about":[{"href":"https:\/\/www.ecolesaintvincentdepaul-arles.fr\/index.php?rest_route=\/wp\/v2\/types\/post"}],"author":[{"embeddable":true,"href":"https:\/\/www.ecolesaintvincentdepaul-arles.fr\/index.php?rest_route=\/wp\/v2\/users\/21"}],"replies":[{"embeddable":true,"href":"https:\/\/www.ecolesaintvincentdepaul-arles.fr\/index.php?rest_route=%2Fwp%2Fv2%2Fcomments&post=6946"}],"version-history":[{"count":0,"href":"https:\/\/www.ecolesaintvincentdepaul-arles.fr\/index.php?rest_route=\/wp\/v2\/posts\/6946\/revisions"}],"wp:attachment":[{"href":"https:\/\/www.ecolesaintvincentdepaul-arles.fr\/index.php?rest_route=%2Fwp%2Fv2%2Fmedia&parent=6946"}],"wp:term":[{"taxonomy":"category","embeddable":true,"href":"https:\/\/www.ecolesaintvincentdepaul-arles.fr\/index.php?rest_route=%2Fwp%2Fv2%2Fcategories&post=6946"},{"taxonomy":"post_tag","embeddable":true,"href":"https:\/\/www.ecolesaintvincentdepaul-arles.fr\/index.php?rest_route=%2Fwp%2Fv2%2Ftags&post=6946"}],"curies":[{"name":"wp","href":"https:\/\/api.w.org\/{rel}","templated":true}]}}