{"id":8076,"date":"2017-10-22T10:13:21","date_gmt":"2017-10-22T08:13:21","guid":{"rendered":"http:\/\/www.ecolesaintvincentdepaul-arles.fr\/?p=8076"},"modified":"2017-11-03T08:18:28","modified_gmt":"2017-11-03T07:18:28","slug":"tachisme-et-musique-msgs","status":"publish","type":"post","link":"https:\/\/www.ecolesaintvincentdepaul-arles.fr\/?p=8076","title":{"rendered":"\u00ab\u00a0Tachisme\u00a0\u00bb et musique (MS\/GS)."},"content":{"rendered":"<p align=\"CENTER\"><span style=\"font-size: large;\"><b>Le \u00ab\u00a0tachisme\u00a0\u00bb en moyenne et grande section<\/b><\/span><\/p>\n<p align=\"JUSTIFY\"><span style=\"font-size: large;\">Les \u00e9l\u00e8ves de Moyenne et Grande sections ont commenc\u00e9 un travail en art sur la tache\u00a0: lien avec des productions d\u2019artistes, utilisation de techniques et de mat\u00e9riaux diff\u00e9rents. Ils ont r\u00e9alis\u00e9 des\u00a0 productions en faisant des taches, \u00e9claboussures,\u00a0 coulures\u2026 <\/span><\/p>\n<p align=\"JUSTIFY\"><span style=\"font-size: large;\">Voici quelques-unes de leurs r\u00e9alisations\u2026<\/span><\/p>\n<p align=\"JUSTIFY\"><a href=\"http:\/\/www.ecolesaintvincentdepaul-arles.fr\/wp-content\/uploads\/2017\/10\/G1.jpg\"><img loading=\"lazy\" decoding=\"async\" class=\"alignnone size-medium wp-image-8079\" src=\"http:\/\/www.ecolesaintvincentdepaul-arles.fr\/wp-content\/uploads\/2017\/10\/G1-300x169.jpg\" alt=\"\" width=\"300\" height=\"169\" \/><\/a> <a href=\"http:\/\/www.ecolesaintvincentdepaul-arles.fr\/wp-content\/uploads\/2017\/10\/G2.jpg\"><img loading=\"lazy\" decoding=\"async\" class=\"alignnone size-medium wp-image-8080\" src=\"http:\/\/www.ecolesaintvincentdepaul-arles.fr\/wp-content\/uploads\/2017\/10\/G2-300x169.jpg\" alt=\"\" width=\"300\" height=\"169\" \/><\/a><\/p>\n<p align=\"JUSTIFY\"><a href=\"http:\/\/www.ecolesaintvincentdepaul-arles.fr\/wp-content\/uploads\/2017\/10\/G3.jpg\"><img loading=\"lazy\" decoding=\"async\" class=\"alignnone wp-image-8081\" src=\"http:\/\/www.ecolesaintvincentdepaul-arles.fr\/wp-content\/uploads\/2017\/10\/G3-300x169.jpg\" alt=\"\" width=\"369\" height=\"208\" \/><\/a> <a href=\"http:\/\/www.ecolesaintvincentdepaul-arles.fr\/wp-content\/uploads\/2017\/10\/G4.jpg\"><img loading=\"lazy\" decoding=\"async\" class=\"alignnone wp-image-8082\" src=\"http:\/\/www.ecolesaintvincentdepaul-arles.fr\/wp-content\/uploads\/2017\/10\/G4-300x300.jpg\" alt=\"\" width=\"212\" height=\"212\" \/><\/a><\/p>\n<p align=\"CENTER\"><span style=\"font-size: large;\"><b>La musique en maternelle<\/b><\/span><\/p>\n<p align=\"JUSTIFY\"><span style=\"font-size: large;\"><a href=\"http:\/\/www.ecolesaintvincentdepaul-arles.fr\/wp-content\/uploads\/2017\/10\/G6.png\"><img loading=\"lazy\" decoding=\"async\" class=\" wp-image-8084 alignleft\" src=\"http:\/\/www.ecolesaintvincentdepaul-arles.fr\/wp-content\/uploads\/2017\/10\/G6-300x264.png\" alt=\"\" width=\"121\" height=\"106\" \/><\/a>En partenariat avec le conservatoire de musique d\u2019Arles, les \u00e9l\u00e8ves des trois classes de maternelle assistent\u00a0 \u00e0 des s\u00e9ances \u00e0 l&rsquo;\u00e9cole o\u00f9 la musicienne intervenante travaillent le\u00a0 rythme,\u00a0\u00a0\u00a0\u00a0 l&rsquo; utilisation d\u2019instruments et le chant. <\/span><\/p>\n<p align=\"JUSTIFY\"><a href=\"http:\/\/www.ecolesaintvincentdepaul-arles.fr\/wp-content\/uploads\/2017\/10\/G7.png\"><img loading=\"lazy\" decoding=\"async\" class=\"alignnone wp-image-8086\" src=\"http:\/\/www.ecolesaintvincentdepaul-arles.fr\/wp-content\/uploads\/2017\/10\/G7-263x300.png\" alt=\"\" width=\"126\" height=\"143\" \/><\/a><a href=\"http:\/\/www.ecolesaintvincentdepaul-arles.fr\/wp-content\/uploads\/2017\/10\/G8.jpg\"><img loading=\"lazy\" decoding=\"async\" class=\"alignnone wp-image-8087\" src=\"http:\/\/www.ecolesaintvincentdepaul-arles.fr\/wp-content\/uploads\/2017\/10\/G8-300x169.jpg\" alt=\"\" width=\"250\" height=\"141\" \/><\/a><a href=\"http:\/\/www.ecolesaintvincentdepaul-arles.fr\/wp-content\/uploads\/2017\/10\/G5.jpg\"><img loading=\"lazy\" decoding=\"async\" class=\"alignnone wp-image-8083\" src=\"http:\/\/www.ecolesaintvincentdepaul-arles.fr\/wp-content\/uploads\/2017\/10\/G5-300x169.jpg\" alt=\"\" width=\"249\" height=\"140\" \/><\/a><\/p>\n","protected":false},"excerpt":{"rendered":"<p>Le \u00ab\u00a0tachisme\u00a0\u00bb en moyenne et grande section Les \u00e9l\u00e8ves de Moyenne et Grande sections ont commenc\u00e9 un travail en art sur la tache\u00a0: lien avec des productions d\u2019artistes, utilisation de techniques et de mat\u00e9riaux diff\u00e9rents. Ils ont r\u00e9alis\u00e9 des\u00a0 productions &hellip; <a href=\"https:\/\/www.ecolesaintvincentdepaul-arles.fr\/?p=8076\">Continuer la lecture <span class=\"meta-nav\">&rarr;<\/span><\/a><\/p>\n","protected":false},"author":18,"featured_media":0,"comment_status":"closed","ping_status":"closed","sticky":false,"template":"","format":"standard","meta":{"footnotes":""},"categories":[62,4],"tags":[],"class_list":["post-8076","post","type-post","status-publish","format-standard","hentry","category-ecole-maternelle","category-grande_section"],"_links":{"self":[{"href":"https:\/\/www.ecolesaintvincentdepaul-arles.fr\/index.php?rest_route=\/wp\/v2\/posts\/8076","targetHints":{"allow":["GET"]}}],"collection":[{"href":"https:\/\/www.ecolesaintvincentdepaul-arles.fr\/index.php?rest_route=\/wp\/v2\/posts"}],"about":[{"href":"https:\/\/www.ecolesaintvincentdepaul-arles.fr\/index.php?rest_route=\/wp\/v2\/types\/post"}],"author":[{"embeddable":true,"href":"https:\/\/www.ecolesaintvincentdepaul-arles.fr\/index.php?rest_route=\/wp\/v2\/users\/18"}],"replies":[{"embeddable":true,"href":"https:\/\/www.ecolesaintvincentdepaul-arles.fr\/index.php?rest_route=%2Fwp%2Fv2%2Fcomments&post=8076"}],"version-history":[{"count":0,"href":"https:\/\/www.ecolesaintvincentdepaul-arles.fr\/index.php?rest_route=\/wp\/v2\/posts\/8076\/revisions"}],"wp:attachment":[{"href":"https:\/\/www.ecolesaintvincentdepaul-arles.fr\/index.php?rest_route=%2Fwp%2Fv2%2Fmedia&parent=8076"}],"wp:term":[{"taxonomy":"category","embeddable":true,"href":"https:\/\/www.ecolesaintvincentdepaul-arles.fr\/index.php?rest_route=%2Fwp%2Fv2%2Fcategories&post=8076"},{"taxonomy":"post_tag","embeddable":true,"href":"https:\/\/www.ecolesaintvincentdepaul-arles.fr\/index.php?rest_route=%2Fwp%2Fv2%2Ftags&post=8076"}],"curies":[{"name":"wp","href":"https:\/\/api.w.org\/{rel}","templated":true}]}}