{"id":8119,"date":"2017-10-20T16:56:37","date_gmt":"2017-10-20T14:56:37","guid":{"rendered":"http:\/\/www.ecolesaintvincentdepaul-arles.fr\/?p=8119"},"modified":"2017-11-03T07:59:11","modified_gmt":"2017-11-03T06:59:11","slug":"ce1ce2-la-forme-et-la-couleur","status":"publish","type":"post","link":"https:\/\/www.ecolesaintvincentdepaul-arles.fr\/?p=8119","title":{"rendered":"CE1\/CE2 &#8211; La forme et la couleur."},"content":{"rendered":"<p>Pendant ces deux premiers mois, nous avons travaill\u00e9 sur la forme et la couleur &#8230; jouer et marier la couleur \u00e0 la forme, en \u00e9tudiant les oeuvres des peintres Kadinsky, Dubuffet et Natasha Wescoat.<\/p>\n<p>Nous avons essay\u00e9 de traduire nos \u00e9motions par des formes simples et abstraites avec des couleurs froides ou chaudes &#8230;<\/p>\n<p>Voici nos r\u00e9alisations :<\/p>\n<p style=\"text-align: center;\"><a href=\"http:\/\/www.ecolesaintvincentdepaul-arles.fr\/wp-content\/uploads\/2017\/11\/IMG_1391.jpg\"><img loading=\"lazy\" decoding=\"async\" class=\"alignnone wp-image-8168\" src=\"http:\/\/www.ecolesaintvincentdepaul-arles.fr\/wp-content\/uploads\/2017\/11\/IMG_1391-300x106.jpg\" alt=\"\" width=\"473\" height=\"167\" \/><\/a><\/p>\n<p><a href=\"http:\/\/www.ecolesaintvincentdepaul-arles.fr\/wp-content\/uploads\/2017\/11\/IMG_1390.jpg\"><img loading=\"lazy\" decoding=\"async\" class=\"alignnone wp-image-8167\" src=\"http:\/\/www.ecolesaintvincentdepaul-arles.fr\/wp-content\/uploads\/2017\/11\/IMG_1390-143x300.jpg\" alt=\"\" width=\"167\" height=\"350\" \/><\/a>\u00a0 \u00a0 \u00a0 \u00a0 \u00a0 \u00a0 \u00a0 \u00a0 \u00a0 \u00a0 \u00a0 \u00a0 \u00a0 \u00a0 \u00a0 \u00a0 \u00a0 \u00a0 \u00a0 \u00a0 \u00a0 \u00a0 \u00a0 \u00a0 \u00a0 \u00a0 \u00a0 \u00a0 \u00a0 \u00a0 \u00a0 \u00a0 \u00a0 \u00a0\u00a0<a href=\"http:\/\/www.ecolesaintvincentdepaul-arles.fr\/wp-content\/uploads\/2017\/11\/IMG_1389.jpg\"><img loading=\"lazy\" decoding=\"async\" class=\"alignnone wp-image-8166\" src=\"http:\/\/www.ecolesaintvincentdepaul-arles.fr\/wp-content\/uploads\/2017\/11\/IMG_1389-161x300.jpg\" alt=\"\" width=\"188\" height=\"350\" \/><\/a><\/p>\n","protected":false},"excerpt":{"rendered":"<p>Pendant ces deux premiers mois, nous avons travaill\u00e9 sur la forme et la couleur &#8230; jouer et marier la couleur \u00e0 la forme, en \u00e9tudiant les oeuvres des peintres Kadinsky, Dubuffet et Natasha Wescoat. Nous avons essay\u00e9 de traduire nos &hellip; <a href=\"https:\/\/www.ecolesaintvincentdepaul-arles.fr\/?p=8119\">Continuer la lecture <span class=\"meta-nav\">&rarr;<\/span><\/a><\/p>\n","protected":false},"author":4,"featured_media":0,"comment_status":"closed","ping_status":"closed","sticky":false,"template":"","format":"standard","meta":{"footnotes":""},"categories":[20,63],"tags":[],"class_list":["post-8119","post","type-post","status-publish","format-standard","hentry","category-ce2_ce1","category-ecole-elementaire"],"_links":{"self":[{"href":"https:\/\/www.ecolesaintvincentdepaul-arles.fr\/index.php?rest_route=\/wp\/v2\/posts\/8119","targetHints":{"allow":["GET"]}}],"collection":[{"href":"https:\/\/www.ecolesaintvincentdepaul-arles.fr\/index.php?rest_route=\/wp\/v2\/posts"}],"about":[{"href":"https:\/\/www.ecolesaintvincentdepaul-arles.fr\/index.php?rest_route=\/wp\/v2\/types\/post"}],"author":[{"embeddable":true,"href":"https:\/\/www.ecolesaintvincentdepaul-arles.fr\/index.php?rest_route=\/wp\/v2\/users\/4"}],"replies":[{"embeddable":true,"href":"https:\/\/www.ecolesaintvincentdepaul-arles.fr\/index.php?rest_route=%2Fwp%2Fv2%2Fcomments&post=8119"}],"version-history":[{"count":0,"href":"https:\/\/www.ecolesaintvincentdepaul-arles.fr\/index.php?rest_route=\/wp\/v2\/posts\/8119\/revisions"}],"wp:attachment":[{"href":"https:\/\/www.ecolesaintvincentdepaul-arles.fr\/index.php?rest_route=%2Fwp%2Fv2%2Fmedia&parent=8119"}],"wp:term":[{"taxonomy":"category","embeddable":true,"href":"https:\/\/www.ecolesaintvincentdepaul-arles.fr\/index.php?rest_route=%2Fwp%2Fv2%2Fcategories&post=8119"},{"taxonomy":"post_tag","embeddable":true,"href":"https:\/\/www.ecolesaintvincentdepaul-arles.fr\/index.php?rest_route=%2Fwp%2Fv2%2Ftags&post=8119"}],"curies":[{"name":"wp","href":"https:\/\/api.w.org\/{rel}","templated":true}]}}