{"id":8632,"date":"2018-02-16T07:36:55","date_gmt":"2018-02-16T06:36:55","guid":{"rendered":"http:\/\/www.ecolesaintvincentdepaul-arles.fr\/?p=8632"},"modified":"2018-02-28T10:07:47","modified_gmt":"2018-02-28T09:07:47","slug":"cm1-litterature-et-e-p-s","status":"publish","type":"post","link":"https:\/\/www.ecolesaintvincentdepaul-arles.fr\/?p=8632","title":{"rendered":"CM1 &#8211; Litt\u00e9rature et E.P.S."},"content":{"rendered":"<p align=\"CENTER\"><span style=\"font-family: Times\\ New\\ Roman, serif;\"><span style=\"font-size: xx-large;\">La litt\u00e9rature\u00a0en CM1<\/span><\/span><\/p>\n<p style=\"text-align: left;\" align=\"CENTER\"><span style=\"color: #0070c0;\"><span style=\"font-family: Times\\ New\\ Roman, serif;\"><span style=\"font-size: large;\">Lire, comprendre et interpr\u00e9ter un texte litt\u00e9raire adapt\u00e9 \u00e0 son \u00e2ge et r\u00e9agir \u00e0 sa lecture.<\/span><\/span><\/span><\/p>\n<p><span style=\"font-family: Times\\ New\\ Roman, serif;\"><span style=\"font-size: large;\">Cette ann\u00e9e, en classe de CM1, les \u00e9l\u00e8ves fr\u00e9quentent la m\u00e9diath\u00e8que afin de d\u00e9couvrir diff\u00e9rents genres litt\u00e9raires.<\/span><\/span><\/p>\n<p><span style=\"font-family: Times\\ New\\ Roman, serif;\"><span style=\"font-size: large;\">Au cours du premier trimestre, nous avons \u00e9tudi\u00e9 le genre policier. <\/span><\/span><\/p>\n<p><a href=\"http:\/\/www.ecolesaintvincentdepaul-arles.fr\/wp-content\/uploads\/2018\/02\/1.jpg\"><img loading=\"lazy\" decoding=\"async\" class=\"size-medium wp-image-8634 aligncenter\" src=\"http:\/\/www.ecolesaintvincentdepaul-arles.fr\/wp-content\/uploads\/2018\/02\/1-300x225.jpg\" alt=\"\" width=\"300\" height=\"225\" \/><\/a><\/p>\n<p><span style=\"font-family: Times\\ New\\ Roman, serif;\"><span style=\"font-size: large;\">En janvier nous sommes y avons \u00e9tudi\u00e9 la mythologie grecque \u00e0 travers la lecture de diff\u00e9rentes histoires\u00a0:\u00a0Th\u00e9s\u00e9e et le Minotaure,\u00a0 Le grand voyage d\u2019Ulysse,\u00a0Le labyrinthe d\u2019Icare\u00a0\u2026.<\/span><\/span><\/p>\n<p><span style=\"font-family: Times\\ New\\ Roman, serif;\"><span style=\"font-size: large;\">Ces r\u00e9cits mettent en sc\u00e8ne des personnages extraordinaires\u00a0: des dieux, demi-dieux et des hommes dot\u00e9s de pouvoirs extraordinaires.<\/span><\/span><\/p>\n<p><span style=\"font-family: Times\\ New\\ Roman, serif;\"><span style=\"font-size: large;\">En ce d\u00e9but du mois de f\u00e9vrier nous \u00e9tudions le personnage du chat dans la litt\u00e9rature.<\/span><\/span><\/p>\n<p><span style=\"font-family: Times\\ New\\ Roman, serif;\"><span style=\"font-size: large;\">Pour cela nous lisons diff\u00e9rents types de livres\u00a0: album, roman, BD et nous essayons de retrouver les traits de caract\u00e8res du chat, h\u00e9ros de l\u2019histoire.<\/span><\/span><\/p>\n<p><a href=\"http:\/\/www.ecolesaintvincentdepaul-arles.fr\/wp-content\/uploads\/2018\/02\/2.jpg\"><img loading=\"lazy\" decoding=\"async\" class=\"size-medium wp-image-8635 aligncenter\" src=\"http:\/\/www.ecolesaintvincentdepaul-arles.fr\/wp-content\/uploads\/2018\/02\/2-300x251.jpg\" alt=\"\" width=\"300\" height=\"251\" \/><\/a><\/p>\n<p><a name=\"_GoBack\"><\/a><span style=\"font-family: Times\\ New\\ Roman, serif;\"><span style=\"font-size: large;\">A chaque visite, Martine, la biblioth\u00e9caire de la m\u00e9diath\u00e8que, nous accueille et nous pr\u00e9sente les livres qui nous permettent de travailler sur le th\u00e8me \u00e9tudi\u00e9 en classe\u00a0\u00bb.<br \/>\nLes \u00e9l\u00e8ves de la classe de CM1<\/span><\/span><\/p>\n<p align=\"CENTER\"><span style=\"color: #ff3333;\"><span style=\"font-size: xx-large;\"><u><b>EPS<\/b><\/u><\/span><\/span><\/p>\n<ul>\n<li><span style=\"color: #0070c0;\"><span style=\"font-size: large;\">Produire une performance maximale, mesurable \u00e0 une \u00e9ch\u00e9ance donn\u00e9e,<\/span><\/span><\/li>\n<li><span style=\"color: #0070c0;\"><span style=\"font-size: large;\">Conduire et ma\u00eetriser un affrontement interindividuel. <\/span><\/span><\/li>\n<\/ul>\n<p><span style=\"font-size: large;\">Depuis le mois de novembre, t<\/span><span style=\"font-size: large;\">ous les jeudis apr\u00e8s-midi nous nous rendons au stade Robert Morel o\u00f9 la classe est partag\u00e9e en deux groupes.<\/span><\/p>\n<p><span style=\"font-size: large;\">Pendant la premi\u00e8re heure un groupe pratique l\u2019athl\u00e9tisme avec Marc, l&rsquo; \u00e9ducateur sportif, ensuite au cours de la deuxi\u00e8me heure nous apprenons \u00e0 jouer au tennis avec Bruno et la ma\u00eetresse.<\/span><\/p>\n<p><span style=\"font-size: large;\"><b>Le tennis<\/b><\/span><span style=\"font-size: large;\">\u00a0:<\/span><\/p>\n<p><span style=\"font-size: large;\">Pour certains d\u2019entre nous, nous n\u2019avions jamais jou\u00e9 au tennis.<\/span><\/p>\n<p><span style=\"font-size: large;\">Au cours de ces 14 s\u00e9ances, nous avons appris \u00e0 effectuer des \u00e9changes en renvoyant la balle en utilisant le coup droit ou le revers.<\/span><\/p>\n<p><span style=\"font-size: large;\">Ensuite, nous avons appris \u00e0 faire des matchs et \u00e0 arbitrer, cela nous a permis d\u2019\u00eatre autonomes et de pouvoir travailler par 3. <\/span><\/p>\n<p><span style=\"font-size: large;\">Voil\u00e0\u00a0! Certains d\u2019entre nous sont pr\u00eats \u00e0 pers\u00e9v\u00e9rer et \u00e0 pr\u00e9parer Rolland Garros\u00a0!<\/span><\/p>\n<p><span style=\"font-size: large;\"><a href=\"http:\/\/www.ecolesaintvincentdepaul-arles.fr\/wp-content\/uploads\/2018\/02\/3.jpg\"><img loading=\"lazy\" decoding=\"async\" class=\"alignnone size-medium wp-image-8637\" src=\"http:\/\/www.ecolesaintvincentdepaul-arles.fr\/wp-content\/uploads\/2018\/02\/3-300x225.jpg\" alt=\"\" width=\"300\" height=\"225\" \/><\/a> <a href=\"http:\/\/www.ecolesaintvincentdepaul-arles.fr\/wp-content\/uploads\/2018\/02\/4.jpg\"><img loading=\"lazy\" decoding=\"async\" class=\"alignnone size-medium wp-image-8638\" src=\"http:\/\/www.ecolesaintvincentdepaul-arles.fr\/wp-content\/uploads\/2018\/02\/4-300x225.jpg\" alt=\"\" width=\"300\" height=\"225\" \/><\/a><br \/>\n<\/span><\/p>\n<p><span style=\"font-size: large;\"><b>L\u2019athl\u00e9tisme\u00a0:<\/b><\/span><\/p>\n<p><span style=\"font-size: large;\">\u00ab\u00a0En athl\u00e9tisme nous avons travaill\u00e9 par modules\u00a0: nous avons commenc\u00e9 par l\u2019endurance\u00a0: courir le plus longtemps possible en respectant le rythme de notre corps.<\/span><\/p>\n<p><span style=\"font-size: large;\">Par la suite nous avons pratiqu\u00e9 le saut de haies\u00a0; il a fallu apprendre \u00e0 coordonner nos foul\u00e9es\u2026. pas si facile.<\/span><\/p>\n<p><a href=\"http:\/\/www.ecolesaintvincentdepaul-arles.fr\/wp-content\/uploads\/2018\/02\/5.jpg\"><img loading=\"lazy\" decoding=\"async\" class=\"size-medium wp-image-8639 aligncenter\" src=\"http:\/\/www.ecolesaintvincentdepaul-arles.fr\/wp-content\/uploads\/2018\/02\/5-300x225.jpg\" alt=\"\" width=\"300\" height=\"225\" \/><\/a><\/p>\n<p><span style=\"font-size: large;\">Et pour terminer le cycle athl\u00e9tisme, nous avons fait du lancer de vortex\u00a0\u00bb.<\/span><\/p>\n<p><span style=\"font-size: large;\">Les \u00e9l\u00e8ves de la classe de CM1<\/span><\/p>\n","protected":false},"excerpt":{"rendered":"<p>La litt\u00e9rature\u00a0en CM1 Lire, comprendre et interpr\u00e9ter un texte litt\u00e9raire adapt\u00e9 \u00e0 son \u00e2ge et r\u00e9agir \u00e0 sa lecture. Cette ann\u00e9e, en classe de CM1, les \u00e9l\u00e8ves fr\u00e9quentent la m\u00e9diath\u00e8que afin de d\u00e9couvrir diff\u00e9rents genres litt\u00e9raires. Au cours du premier &hellip; <a href=\"https:\/\/www.ecolesaintvincentdepaul-arles.fr\/?p=8632\">Continuer la lecture <span class=\"meta-nav\">&rarr;<\/span><\/a><\/p>\n","protected":false},"author":10,"featured_media":0,"comment_status":"closed","ping_status":"closed","sticky":false,"template":"","format":"standard","meta":{"footnotes":""},"categories":[21,63],"tags":[],"class_list":["post-8632","post","type-post","status-publish","format-standard","hentry","category-cm1","category-ecole-elementaire"],"_links":{"self":[{"href":"https:\/\/www.ecolesaintvincentdepaul-arles.fr\/index.php?rest_route=\/wp\/v2\/posts\/8632","targetHints":{"allow":["GET"]}}],"collection":[{"href":"https:\/\/www.ecolesaintvincentdepaul-arles.fr\/index.php?rest_route=\/wp\/v2\/posts"}],"about":[{"href":"https:\/\/www.ecolesaintvincentdepaul-arles.fr\/index.php?rest_route=\/wp\/v2\/types\/post"}],"author":[{"embeddable":true,"href":"https:\/\/www.ecolesaintvincentdepaul-arles.fr\/index.php?rest_route=\/wp\/v2\/users\/10"}],"replies":[{"embeddable":true,"href":"https:\/\/www.ecolesaintvincentdepaul-arles.fr\/index.php?rest_route=%2Fwp%2Fv2%2Fcomments&post=8632"}],"version-history":[{"count":0,"href":"https:\/\/www.ecolesaintvincentdepaul-arles.fr\/index.php?rest_route=\/wp\/v2\/posts\/8632\/revisions"}],"wp:attachment":[{"href":"https:\/\/www.ecolesaintvincentdepaul-arles.fr\/index.php?rest_route=%2Fwp%2Fv2%2Fmedia&parent=8632"}],"wp:term":[{"taxonomy":"category","embeddable":true,"href":"https:\/\/www.ecolesaintvincentdepaul-arles.fr\/index.php?rest_route=%2Fwp%2Fv2%2Fcategories&post=8632"},{"taxonomy":"post_tag","embeddable":true,"href":"https:\/\/www.ecolesaintvincentdepaul-arles.fr\/index.php?rest_route=%2Fwp%2Fv2%2Ftags&post=8632"}],"curies":[{"name":"wp","href":"https:\/\/api.w.org\/{rel}","templated":true}]}}